{"id":41792,"date":"2024-09-10T21:23:19","date_gmt":"2024-09-10T19:23:19","guid":{"rendered":"https:\/\/blogs.diariosur.es\/tormentas-y-rayos\/?p=41792"},"modified":"2024-09-10T21:23:19","modified_gmt":"2024-09-10T19:23:19","slug":"una-dana-invisible-manana-en-el-golfo-de-cadiz-tendremos-tormentas","status":"publish","type":"post","link":"https:\/\/blogs.diariosur.es\/tormentas-y-rayos\/2024\/09\/10\/una-dana-invisible-manana-en-el-golfo-de-cadiz-tendremos-tormentas\/","title":{"rendered":"\u00bfUna dana invisible ma\u00f1ana en el Golfo de C\u00e1diz, tendremos tormentas?"},"content":{"rendered":"<p><a href=\"https:\/\/static-blogs.diariosur.es\/wp-content\/uploads\/sites\/12\/2024\/05\/444912498_10228884468795449_97962860407814916_n.jpg\"><img loading=\"lazy\" class=\"aligncenter size-thumbnail wp-image-40751\" src=\"https:\/\/static-blogs.diariosur.es\/wp-content\/uploads\/sites\/12\/2024\/05\/444912498_10228884468795449_97962860407814916_n-150x150.jpg\" alt=\"\" width=\"150\" height=\"150\" \/><\/a><\/p>\n<p>Buenas noches, amigos de la meteo. Si, hab\u00e9is le\u00eddo bien el t\u00edtulo, todo tiene su explicaci\u00f3n.<\/p>\n<p>Esta ma\u00f1ana antes de hablar del <strong><a href=\"https:\/\/blogs.diariosur.es\/tormentas-y-rayos\/2024\/09\/10\/se-vera-en-malaga-el-cometa-del-siglo-c-2023-a3-tsuchinshan-atlas-a-simple-vista\/?ref=https%3A%2F%2Fblogs.diariosur.es%2Ftormentas-y-rayos%2F\">cometa del siglo<\/a><\/strong>, quer\u00eda comentaros esto de la dana invisible, como la ha llamado mi amigo meteor\u00f3logo \u00c1ngel Rivera, pero sinceramente no sab\u00eda explicarlo, pero para esto est\u00e1 mi amigo \u00c1ngel.<\/p>\n<p><a href=\"https:\/\/eneltiempo-angelrivera.blogspot.com\/\" rel=\"external nofollow\">Primero os pongo el enlace a su blog, que mucho conoc\u00e9is<\/a> y a continuaci\u00f3n pego lo que \u00e9l explica, porque muchos no le le\u00e9is.<\/p>\n<p>Os pongo el mapa a 500 hpa previsto para ma\u00f1ana, donde ver\u00e9is\u00a0 la dana.<\/p>\n<p>&nbsp;<\/p>\n<p><a href=\"https:\/\/static-blogs.diariosur.es\/wp-content\/uploads\/sites\/12\/2024\/09\/xx_model-en-342-7_modez_2024091000_30_8366_310.png\"><img loading=\"lazy\" class=\"aligncenter wp-image-41795 size-full\" src=\"https:\/\/static-blogs.diariosur.es\/wp-content\/uploads\/sites\/12\/2024\/09\/xx_model-en-342-7_modez_2024091000_30_8366_310.png\" alt=\"\" width=\"760\" height=\"760\" srcset=\"https:\/\/static-blogs.diariosur.es\/wp-content\/uploads\/sites\/12\/2024\/09\/xx_model-en-342-7_modez_2024091000_30_8366_310.png 760w, https:\/\/static-blogs.diariosur.es\/wp-content\/uploads\/sites\/12\/2024\/09\/xx_model-en-342-7_modez_2024091000_30_8366_310-150x150.png 150w, https:\/\/static-blogs.diariosur.es\/wp-content\/uploads\/sites\/12\/2024\/09\/xx_model-en-342-7_modez_2024091000_30_8366_310-400x400.png 400w\" sizes=\"(max-width: 760px) 100vw, 760px\" \/><\/a><\/p>\n<p><a href=\"https:\/\/static-blogs.diariosur.es\/wp-content\/uploads\/sites\/12\/2024\/09\/xx_model-en-342-7_modez_2024091000_30_14_310.png\"><img loading=\"lazy\" class=\"aligncenter wp-image-41796 size-full\" src=\"https:\/\/static-blogs.diariosur.es\/wp-content\/uploads\/sites\/12\/2024\/09\/xx_model-en-342-7_modez_2024091000_30_14_310.png\" alt=\"\" width=\"760\" height=\"760\" srcset=\"https:\/\/static-blogs.diariosur.es\/wp-content\/uploads\/sites\/12\/2024\/09\/xx_model-en-342-7_modez_2024091000_30_14_310.png 760w, https:\/\/static-blogs.diariosur.es\/wp-content\/uploads\/sites\/12\/2024\/09\/xx_model-en-342-7_modez_2024091000_30_14_310-150x150.png 150w, https:\/\/static-blogs.diariosur.es\/wp-content\/uploads\/sites\/12\/2024\/09\/xx_model-en-342-7_modez_2024091000_30_14_310-400x400.png 400w\" sizes=\"(max-width: 760px) 100vw, 760px\" \/><\/a><\/p>\n<p>&nbsp;<\/p>\n<p>Toca leer a \u00c1ngel Rivera, pero prometerme que seguir\u00e9is su blog en favoritos y sobre todo leer\u00e9is sus libros, algunos hemos regalado en la\u00a0 porra pluviom\u00e9trica.<\/p>\n<div class=\"body-fauxcolumns\">\n<div class=\"fauxcolumn-outer body-fauxcolumn-outer\">\n<div class=\"cap-top\">\n<div class=\"cap-left\"><strong style=\"color: #ff0000;\">\u00bfUna dana invisible?<\/strong><\/div>\n<div><\/div>\n<div class=\"cap-right\">\n<p>&nbsp;<\/p>\n<p>A mediod\u00eda de hoy, 10 de septiembre, el mapa del geopotencial de 500 hPa muestra una dana centrada al oeste de Portugal, muy cerca de la costa, tal como apuntaban hace d\u00edas los modelos num\u00e9ricos.<\/p>\n<p>&nbsp;<\/p>\n<div class=\"separator\"><a href=\"https:\/\/blogger.googleusercontent.com\/img\/b\/R29vZ2xl\/AVvXsEhYO6QDpd5oELmwX8Xp3DuVUgeHaPVo_EPrUZerVCthQdkACCwYrvBOMgmdzCn5XQLZJwdw6YJm9mR1tgiAxW8zUPRfpz1wL_r3rQlGmViS1MDHCbQB71vQgpgJ6ancM6DQe7rrS9EgxofxXzpe3szKiuILqXXsC1_MDfd5Gh9D80RyB12Vq9RJmofVjRN9\/s1070\/Captura%20de%20pantalla%202024-09-10%20a%20las%2015.03.58.png\" rel=\"external nofollow\"><img loading=\"lazy\" src=\"https:\/\/blogger.googleusercontent.com\/img\/b\/R29vZ2xl\/AVvXsEhYO6QDpd5oELmwX8Xp3DuVUgeHaPVo_EPrUZerVCthQdkACCwYrvBOMgmdzCn5XQLZJwdw6YJm9mR1tgiAxW8zUPRfpz1wL_r3rQlGmViS1MDHCbQB71vQgpgJ6ancM6DQe7rrS9EgxofxXzpe3szKiuILqXXsC1_MDfd5Gh9D80RyB12Vq9RJmofVjRN9\/w640-h450\/Captura%20de%20pantalla%202024-09-10%20a%20las%2015.03.58.png\" width=\"640\" height=\"450\" border=\"0\" data-original-height=\"754\" data-original-width=\"1070\" \/><\/a><\/div>\n<p>En principio con esta situaci\u00f3n podr\u00edan esperarse desarrollos nubosos e incluso chubascos tormentosos en zonas del cuadrante SW peninsular, pero la imagen de sat\u00e9lite es \u00e9sta:<\/p>\n<div class=\"separator\"><a href=\"https:\/\/blogger.googleusercontent.com\/img\/b\/R29vZ2xl\/AVvXsEjnkUHP6d41sROqmBLd6MeMuz8zqKzdPhPoTVe6UCHdqUEgVnZ3_Dsw6HGnUSrxarpov58x-PAu5lp69gal5gLyZb_JXBnFc1y-A4MK1DxFlPYm_QDLg1giwbVXZ-JVJ2LbawNCYsjhqk2dsLsl3xAa76smLzCRolFJCA3r_i6hjiVTK7LNvwBof7rxN6QM\/s1002\/Captura%20de%20pantalla%202024-09-10%20a%20las%2015.09.43.png\" rel=\"external nofollow\"><img loading=\"lazy\" src=\"https:\/\/blogger.googleusercontent.com\/img\/b\/R29vZ2xl\/AVvXsEjnkUHP6d41sROqmBLd6MeMuz8zqKzdPhPoTVe6UCHdqUEgVnZ3_Dsw6HGnUSrxarpov58x-PAu5lp69gal5gLyZb_JXBnFc1y-A4MK1DxFlPYm_QDLg1giwbVXZ-JVJ2LbawNCYsjhqk2dsLsl3xAa76smLzCRolFJCA3r_i6hjiVTK7LNvwBof7rxN6QM\/w640-h528\/Captura%20de%20pantalla%202024-09-10%20a%20las%2015.09.43.png\" width=\"640\" height=\"528\" border=\"0\" data-original-height=\"826\" data-original-width=\"1002\" \/><\/a><\/div>\n<p>Solamente en el canal de absorci\u00f3n de vapor de agua puede intuirse su circulaci\u00f3n en la zona donde la ubican los modelos, y solo aparece alguna nubosidad en su centro, la denominada convecci\u00f3n del n\u00facleo fr\u00edo:<\/p>\n<div class=\"separator\"><a href=\"https:\/\/blogger.googleusercontent.com\/img\/b\/R29vZ2xl\/AVvXsEimtBXhzeodRZXCEV-XJpSSrzwcOHq9RDBcQ3Uj6It8tnOcUw3P7_viXyJ2dUkNHBCTbs4yAntV0CP7DzJwZ4hpj1Q8HG-e9YsCsHrpvLWWp1PGU40eE5lBDDs6lXyXSWNZBSgiZZkSkey5_nPQGu7XMvuM2XkZYG3xTvXS_6PcUCZ1G8Ejr42dYfNJO5bN\/s1164\/Captura%20de%20pantalla%202024-09-10%20a%20las%2015.12.20.png\" rel=\"external nofollow\"><img loading=\"lazy\" src=\"https:\/\/blogger.googleusercontent.com\/img\/b\/R29vZ2xl\/AVvXsEimtBXhzeodRZXCEV-XJpSSrzwcOHq9RDBcQ3Uj6It8tnOcUw3P7_viXyJ2dUkNHBCTbs4yAntV0CP7DzJwZ4hpj1Q8HG-e9YsCsHrpvLWWp1PGU40eE5lBDDs6lXyXSWNZBSgiZZkSkey5_nPQGu7XMvuM2XkZYG3xTvXS_6PcUCZ1G8Ejr42dYfNJO5bN\/w640-h444\/Captura%20de%20pantalla%202024-09-10%20a%20las%2015.12.20.png\" width=\"640\" height=\"444\" border=\"0\" data-original-height=\"808\" data-original-width=\"1164\" \/><\/a><\/div>\n<p>Con la flecha superior he se\u00f1alado el viento m\u00e1s fuerte que rodea a la dana y que suele indicar su direcci\u00f3n de movimiento, en este caso hacia el SE, tal como tambi\u00e9n se\u00f1alan los modelos num\u00e9ricos. Por su parte, la flecha inferior se\u00f1ala una corriente subtropical en niveles altos.<\/p>\n<p>\u00bfCu\u00e1l es la raz\u00f3n de que, al menos esta dana, no desarrolle nubosidad o precipitaciones? Para que ello ocurra tiene que haber movimientos ascendentes relativamente potentes. Es algo que en el caso de las danas suele ocurrir en su zona delantera, y sobre todo cuando se acerca a ella un m\u00e1ximo de viento en altura englobado en su circulaci\u00f3n. En el caso de hoy, hasta ahora,\u00a0 los an\u00e1lisis de niveles altos no muestran claramente que esa sea la situaci\u00f3n.<\/p>\n<p>Sin embargo, obsevemos la topograf\u00eda de 500 hPa prevista para la\u00a0 ma\u00f1ana de ma\u00f1ana d\u00eda 11:<\/p>\n<div class=\"separator\"><a href=\"https:\/\/blogger.googleusercontent.com\/img\/b\/R29vZ2xl\/AVvXsEh_H2qd0FueQoqLcdI6HByxVmXaCm0rqtV2l8S3amT9uTSviU-eC4VU3h6iIu6lCaVgUHKXOu-j_IL39FCut2RU2jK0KfdLR7hzV5SBjIYxJvrt8RuuHOxwT0HwzAB4xHJt4gGvaLsswNvGFlII-mMBoxbe8DDRDa3yNOfCWx6VdupxeRJbgGxsB5mQAcWr\/s1038\/Captura%20de%20pantalla%202024-09-10%20a%20las%2015.32.12.png\" rel=\"external nofollow\"><img loading=\"lazy\" src=\"https:\/\/blogger.googleusercontent.com\/img\/b\/R29vZ2xl\/AVvXsEh_H2qd0FueQoqLcdI6HByxVmXaCm0rqtV2l8S3amT9uTSviU-eC4VU3h6iIu6lCaVgUHKXOu-j_IL39FCut2RU2jK0KfdLR7hzV5SBjIYxJvrt8RuuHOxwT0HwzAB4xHJt4gGvaLsswNvGFlII-mMBoxbe8DDRDa3yNOfCWx6VdupxeRJbgGxsB5mQAcWr\/w640-h532\/Captura%20de%20pantalla%202024-09-10%20a%20las%2015.32.12.png\" width=\"640\" height=\"532\" border=\"0\" data-original-height=\"864\" data-original-width=\"1038\" \/><\/a><\/div>\n<p>La flecha de la izquierda se\u00f1ala la zona donde ha aumentado claramente el gradiente de geopotencial, probablemente por la interacci\u00f3n de la circulaci\u00f3n de la dana con la circulaci\u00f3n subtropical que se\u00f1alaba la flecha inferior dibujada en la imagen de vapor de agua anterior.<\/p>\n<p>Pues bien, ese m\u00e1ximo de viento se acerca a una zona se\u00f1alada por la flecha de la derecha donde el gradiente de geopotencial es m\u00e1s d\u00e9bil. La llegada del m\u00e1ximo de viento ah\u00ed genera una descompensaci\u00f3n entre la velocidad del viento y el campo del citado geopotencial y ello suele resolverse mediante la generaci\u00f3n de corrientes verticales de aire que compensen la falta de equilibrio del campo din\u00e1mico y el campo de masa. De esta forma, la imagen IR prevista a esa hora ya muestra entre Marruecos y Argelia la nubosidad que se est\u00e1 desarrollando en la zona. De hecho los mapas de precipitaci\u00f3n (no mostrados) ya indican una cierta acumulaci\u00f3n de lluvias en esa zona con la probabilidad de tormentas durante todo el d\u00eda de ma\u00f1ana.<\/p>\n<div class=\"separator\"><a href=\"https:\/\/blogger.googleusercontent.com\/img\/b\/R29vZ2xl\/AVvXsEi6UNXaD4iVhHrDKWg5PtS2IGtIqh0h4hhd2e3FHyZgCtqp3oyH8CWnrP-psyiWKjwcwraX1u6-59O-cdWrmREyXxMMeizhsCmeq90snuiSjqA-6SIBiz0N-Wxu5x1zsPUV6pv_TjANw6D25b2kwKFlHV1nA1vBe7tzA7bzFUJMGERCcgol-i_sVYwjRXOx\/s884\/Captura%20de%20pantalla%202024-09-10%20a%20las%2015.30.42.png\" rel=\"external nofollow\"><img loading=\"lazy\" src=\"https:\/\/blogger.googleusercontent.com\/img\/b\/R29vZ2xl\/AVvXsEi6UNXaD4iVhHrDKWg5PtS2IGtIqh0h4hhd2e3FHyZgCtqp3oyH8CWnrP-psyiWKjwcwraX1u6-59O-cdWrmREyXxMMeizhsCmeq90snuiSjqA-6SIBiz0N-Wxu5x1zsPUV6pv_TjANw6D25b2kwKFlHV1nA1vBe7tzA7bzFUJMGERCcgol-i_sVYwjRXOx\/w640-h588\/Captura%20de%20pantalla%202024-09-10%20a%20las%2015.30.42.png\" width=\"640\" height=\"588\" border=\"0\" data-original-height=\"812\" data-original-width=\"884\" \/><\/a><\/div>\n<p>He querido referirme a este caso para incidir en que lo fundamental para la ocurrencia de nubosidad y precipitaciones es la localizaci\u00f3n de las zonas donde se producen ascensos de aire, bien de forma mas suave como en el caso de los frentes c\u00e1lidos, o bien m\u00e1s bruscos como en el caso de los fr\u00edos y sobre todo en aquellos casos en que en una circulaci\u00f3n de niveles altos se produce una descompensaci\u00f3n entre el campo de vientos y el de geopotencial y siempre que no haya una fuerte &#8220;oposici\u00f3n&#8221; por una marcada estabilidad vertical, algo que no es frecuente en esos casos. En el fondo, juego de flujos, pura hidrodin\u00e1mica.<\/p>\n<\/div>\n<\/div>\n<div class=\"fauxborder-left\">\n<div class=\"fauxborder-right\"><\/div>\n<div class=\"fauxcolumn-inner\"><\/div>\n<\/div>\n<div class=\"cap-bottom\">\n<div class=\"cap-left\"><\/div>\n<div class=\"cap-right\"><\/div>\n<\/div>\n<\/div>\n<\/div>\n<div class=\"content\">\n<div class=\"content-fauxcolumns\">\n<div class=\"fauxcolumn-outer content-fauxcolumn-outer\">\n<div class=\"cap-top\">\n<div class=\"cap-left\"><\/div>\n<div class=\"cap-right\"><\/div>\n<\/div>\n<div class=\"fauxborder-left\">\n<div class=\"fauxborder-right\"><\/div>\n<div class=\"fauxcolumn-inner\"><\/div>\n<\/div>\n<div class=\"cap-bottom\">\n<div class=\"cap-left\"><\/div>\n<div class=\"cap-right\"><\/div>\n<\/div>\n<\/div>\n<\/div>\n<div class=\"content-outer\">\n<div class=\"content-cap-top cap-top\">\n<div class=\"cap-left\"><\/div>\n<div class=\"cap-right\"><\/div>\n<\/div>\n<div class=\"fauxborder-left content-fauxborder-left\">\n<div class=\"fauxborder-right content-fauxborder-right\"><\/div>\n<div class=\"content-inner\">\n<header>\n<div class=\"header-outer\">\n<div class=\"header-cap-top cap-top\">\n<div class=\"cap-left\"><\/div>\n<div class=\"cap-right\"><\/div>\n<\/div>\n<div class=\"fauxborder-left header-fauxborder-left\">\n<div class=\"fauxborder-right header-fauxborder-right\"><\/div>\n<div class=\"region-inner header-inner\">\n<div id=\"header\" class=\"header section\">\n<div id=\"Header1\" class=\"widget Header\" data-version=\"1\">\n<div id=\"header-inner\">\n<div class=\"titlewrapper\"><\/div>\n<\/div>\n<\/div>\n<\/div>\n<\/div>\n<\/div>\n<\/div>\n<\/header>\n<footer>\n<div class=\"footer-outer\">\n<div class=\"fauxborder-left footer-fauxborder-left\">\n<div class=\"region-inner footer-inner\">\n<div id=\"footer-3\" class=\"foot section\">\n<div id=\"Attribution1\" class=\"widget Attribution\" data-version=\"1\">\n<div class=\"widget-content\"><\/div>\n<\/div>\n<\/div>\n<\/div>\n<\/div>\n<\/div>\n<\/footer>\n<\/div>\n<\/div>\n<\/div>\n<\/div>\n","protected":false},"excerpt":{"rendered":"<p>Buenas noches, amigos de la meteo. Si, hab\u00e9is le\u00eddo bien el t\u00edtulo, todo tiene su explicaci\u00f3n. Esta ma\u00f1ana antes de hablar del cometa del siglo, quer\u00eda comentaros esto de la dana invisible, como la ha llamado mi amigo meteor\u00f3logo \u00c1ngel Rivera, pero sinceramente no sab\u00eda explicarlo, pero para esto est\u00e1 mi amigo \u00c1ngel. Primero os [&hellip;]<\/p>\n","protected":false},"author":16,"featured_media":41796,"comment_status":"open","ping_status":"open","sticky":false,"template":"","format":"standard","meta":[],"categories":[2],"tags":[100,307,587,996],"_links":{"self":[{"href":"https:\/\/blogs.diariosur.es\/tormentas-y-rayos\/wp-json\/wp\/v2\/posts\/41792"}],"collection":[{"href":"https:\/\/blogs.diariosur.es\/tormentas-y-rayos\/wp-json\/wp\/v2\/posts"}],"about":[{"href":"https:\/\/blogs.diariosur.es\/tormentas-y-rayos\/wp-json\/wp\/v2\/types\/post"}],"author":[{"embeddable":true,"href":"https:\/\/blogs.diariosur.es\/tormentas-y-rayos\/wp-json\/wp\/v2\/users\/16"}],"replies":[{"embeddable":true,"href":"https:\/\/blogs.diariosur.es\/tormentas-y-rayos\/wp-json\/wp\/v2\/comments?post=41792"}],"version-history":[{"count":11,"href":"https:\/\/blogs.diariosur.es\/tormentas-y-rayos\/wp-json\/wp\/v2\/posts\/41792\/revisions"}],"predecessor-version":[{"id":41808,"href":"https:\/\/blogs.diariosur.es\/tormentas-y-rayos\/wp-json\/wp\/v2\/posts\/41792\/revisions\/41808"}],"wp:featuredmedia":[{"embeddable":true,"href":"https:\/\/blogs.diariosur.es\/tormentas-y-rayos\/wp-json\/wp\/v2\/media\/41796"}],"wp:attachment":[{"href":"https:\/\/blogs.diariosur.es\/tormentas-y-rayos\/wp-json\/wp\/v2\/media?parent=41792"}],"wp:term":[{"taxonomy":"category","embeddable":true,"href":"https:\/\/blogs.diariosur.es\/tormentas-y-rayos\/wp-json\/wp\/v2\/categories?post=41792"},{"taxonomy":"post_tag","embeddable":true,"href":"https:\/\/blogs.diariosur.es\/tormentas-y-rayos\/wp-json\/wp\/v2\/tags?post=41792"}],"curies":[{"name":"wp","href":"https:\/\/api.w.org\/{rel}","templated":true}]}}