{"id":41810,"date":"2024-09-12T10:57:01","date_gmt":"2024-09-12T08:57:01","guid":{"rendered":"https:\/\/blogs.diariosur.es\/tormentas-y-rayos\/?p=41810"},"modified":"2025-11-09T11:02:23","modified_gmt":"2025-11-09T10:02:23","slug":"hara-dia-de-playa-el-fin-de-semana-en-la-costa-malaguena-cuantos-grados-ha-bajado-la-temperatura-del-agua-del-mar","status":"publish","type":"post","link":"https:\/\/blogs.diariosur.es\/tormentas-y-rayos\/2024\/09\/12\/hara-dia-de-playa-el-fin-de-semana-en-la-costa-malaguena-cuantos-grados-ha-bajado-la-temperatura-del-agua-del-mar\/","title":{"rendered":"\u00bfHar\u00e1 d\u00eda de playa el fin de semana en la costa malague\u00f1a? \u00bfCu\u00e1ntos grados ha bajado la temperatura del agua del mar?"},"content":{"rendered":"<p><a href=\"https:\/\/static-blogs.diariosur.es\/wp-content\/uploads\/sites\/12\/2023\/10\/243418660_10223324765526342_8448445083528661051_n.jpg\"><img loading=\"lazy\" class=\"aligncenter size-thumbnail wp-image-38644\" src=\"https:\/\/static-blogs.diariosur.es\/wp-content\/uploads\/sites\/12\/2023\/10\/243418660_10223324765526342_8448445083528661051_n-150x150.jpg\" alt=\"\" width=\"150\" height=\"150\" \/><\/a><\/p>\n<p data-pm-slice=\"1 1 []\">Muy buenos d\u00edas, amigos de la meteo. Nuevamente madrugada muy agradable en la provincia malague\u00f1a, incluso fresquita en algunos puntos. Os pongo las temperaturas m\u00ednimas m\u00e1s destacadas de hoy jueves. Fuente Aemet, meteoclimatic.<\/p>\n<p>M\u00e1laga Aeropuerto 20 \u00b0C<\/p>\n<p>Centro Meteorol\u00f3gico 20.2 \u00b0C<\/p>\n<p>Ronda 16.5\u00a0\u00b0C<\/p>\n<p>Antequera 15.2 \u00b0C<\/p>\n<p>Fuente Piedra 14 \u00b0C<\/p>\n<p>Cortes de la Frontera 16.9 \u00b0C<\/p>\n<p>Gauc\u00edn 16.5 \u00baC<\/p>\n<p>Archidona Huertas del R\u00edo 12.7 \u00b0C<\/p>\n<p>Estepona 18.2 \u00b0C<\/p>\n<p>Algarrobo 17.7 \u00b0C<\/p>\n<p>Alameda 16.3 \u00b0C<\/p>\n<p>Ma\u00f1ana viernes empezar\u00e1 a tomar protagonismo el viento de levante. En las comarcas de Ronda y Antequera se esperan rachas fuertes, en la costa moderadas y ocasionalmente fuertes en la zona m\u00e1s occidental.<\/p>\n<p><strong>\u00bfHar\u00e1 d\u00eda de playa el fin de semana en la costa malague\u00f1a? \u00bfCu\u00e1ntos grados ha bajado la temperatura del agua del mar?<\/strong><\/p>\n<p>Comenzamos primeramente con la temperatura del agua del mar de hoy jueves en la boya de M\u00e1laga. A las ocho de la ma\u00f1ana marcaba <strong>19.3 \u00baC;<\/strong> la \u00faltima semana de agosto rond\u00f3 los <strong>27 y 28 \u00baC.<\/strong><\/p>\n<p>Durante el fin de semana pienso que rondar\u00e1, seg\u00fan zonas de la costa malague\u00f1a, entre los 19.5 \u00baC y los 21.5 \u00baC.<\/p>\n<p>Os paso la temperatura de la boya de M\u00e1laga.<\/p>\n<p>&nbsp;<\/p>\n<p><a href=\"https:\/\/static-blogs.diariosur.es\/wp-content\/uploads\/sites\/12\/2024\/09\/459368508_10229854795213003_2410130733989093043_n-1.jpg\"><img loading=\"lazy\" class=\"aligncenter size-full wp-image-41819\" src=\"https:\/\/static-blogs.diariosur.es\/wp-content\/uploads\/sites\/12\/2024\/09\/459368508_10229854795213003_2410130733989093043_n-1.jpg\" alt=\"\" width=\"800\" height=\"832\" srcset=\"https:\/\/static-blogs.diariosur.es\/wp-content\/uploads\/sites\/12\/2024\/09\/459368508_10229854795213003_2410130733989093043_n-1.jpg 800w, https:\/\/static-blogs.diariosur.es\/wp-content\/uploads\/sites\/12\/2024\/09\/459368508_10229854795213003_2410130733989093043_n-1-385x400.jpg 385w, https:\/\/static-blogs.diariosur.es\/wp-content\/uploads\/sites\/12\/2024\/09\/459368508_10229854795213003_2410130733989093043_n-1-768x799.jpg 768w\" sizes=\"(max-width: 800px) 100vw, 800px\" \/><\/a><\/p>\n<p>&nbsp;<\/p>\n<p><span style=\"color: #ff0000;\"><strong>PREVISI\u00d3N S\u00c1BADO 14 DE SEPTIEMBRE<\/strong><\/span><\/p>\n<p>&nbsp;<\/p>\n<p data-pm-slice=\"1 1 []\">El mayor protagonista ser\u00e1 el viento de levante. Tendremos rachas fuertes en las comarcas de Ronda y Antequera. En la costa, de moderadas a fuertes, sobre todo en el litoral m\u00e1s occidental cercano al Estrecho. Habr\u00e1 mag\u00f3n, precauci\u00f3n con las olas.<\/p>\n<p>El viento de levante vendr\u00e1 acompa\u00f1ado de nubes bajas, que pueden dejar las cl\u00e1sicas gotillas a primeras horas en zonas de retenci\u00f3n (monta\u00f1as).<\/p>\n<p>Las temperaturas m\u00e1ximas y m\u00ednimas que prev\u00e9 la AEMET son estas. Al estar el mar m\u00e1s fr\u00edo, tendremos un levante agradable.<\/p>\n<p>&nbsp;<\/p>\n<p>&nbsp;<\/p>\n<p><a href=\"https:\/\/static-blogs.diariosur.es\/wp-content\/uploads\/sites\/12\/2024\/09\/sabado.jpg\"><img loading=\"lazy\" class=\"aligncenter size-full wp-image-41814\" src=\"https:\/\/static-blogs.diariosur.es\/wp-content\/uploads\/sites\/12\/2024\/09\/sabado.jpg\" alt=\"\" width=\"876\" height=\"681\" srcset=\"https:\/\/static-blogs.diariosur.es\/wp-content\/uploads\/sites\/12\/2024\/09\/sabado.jpg 876w, https:\/\/static-blogs.diariosur.es\/wp-content\/uploads\/sites\/12\/2024\/09\/sabado-515x400.jpg 515w, https:\/\/static-blogs.diariosur.es\/wp-content\/uploads\/sites\/12\/2024\/09\/sabado-768x597.jpg 768w\" sizes=\"(max-width: 876px) 100vw, 876px\" \/><\/a><\/p>\n<p>&nbsp;<\/p>\n<p><span style=\"color: #ff0000;\"><strong>PREVISI\u00d3N DOMNIGO 15 DE SEPTIEMBRE<\/strong><\/span><\/p>\n<p data-pm-slice=\"1 1 []\">El domingo seguiremos con viento de levante, muy parecido al s\u00e1bado. Seguir\u00e1 el mag\u00f3n. Tendremos menos nubes bajas; baja la probabilidad de gotitas.<\/p>\n<p>En cuanto a las temperaturas m\u00e1ximas y m\u00ednimas, la AEMET prev\u00e9 estas. Muy parecidas a las del s\u00e1bado.<\/p>\n<p>&nbsp;<\/p>\n<p><a href=\"https:\/\/static-blogs.diariosur.es\/wp-content\/uploads\/sites\/12\/2024\/09\/DOMIN-1.jpg\"><img loading=\"lazy\" class=\"aligncenter size-full wp-image-41816\" src=\"https:\/\/static-blogs.diariosur.es\/wp-content\/uploads\/sites\/12\/2024\/09\/DOMIN-1.jpg\" alt=\"\" width=\"866\" height=\"677\" srcset=\"https:\/\/static-blogs.diariosur.es\/wp-content\/uploads\/sites\/12\/2024\/09\/DOMIN-1.jpg 866w, https:\/\/static-blogs.diariosur.es\/wp-content\/uploads\/sites\/12\/2024\/09\/DOMIN-1-512x400.jpg 512w, https:\/\/static-blogs.diariosur.es\/wp-content\/uploads\/sites\/12\/2024\/09\/DOMIN-1-768x600.jpg 768w\" sizes=\"(max-width: 866px) 100vw, 866px\" \/><\/a><\/p>\n<p>&nbsp;<\/p>\n<p>&nbsp;<\/p>\n","protected":false},"excerpt":{"rendered":"<p>Muy buenos d\u00edas, amigos de la meteo. Nuevamente madrugada muy agradable en la provincia malague\u00f1a, incluso fresquita en algunos puntos. Os pongo las temperaturas m\u00ednimas m\u00e1s destacadas de hoy jueves. Fuente Aemet, meteoclimatic. M\u00e1laga Aeropuerto 20 \u00b0C Centro Meteorol\u00f3gico 20.2 \u00b0C Ronda 16.5\u00a0\u00b0C Antequera 15.2 \u00b0C Fuente Piedra 14 \u00b0C Cortes de la Frontera 16.9 [&hellip;]<\/p>\n","protected":false},"author":16,"featured_media":41822,"comment_status":"open","ping_status":"open","sticky":false,"template":"","format":"standard","meta":[],"categories":[2],"tags":[100,340,358,410,439,553,587,800,877,902],"_links":{"self":[{"href":"https:\/\/blogs.diariosur.es\/tormentas-y-rayos\/wp-json\/wp\/v2\/posts\/41810"}],"collection":[{"href":"https:\/\/blogs.diariosur.es\/tormentas-y-rayos\/wp-json\/wp\/v2\/posts"}],"about":[{"href":"https:\/\/blogs.diariosur.es\/tormentas-y-rayos\/wp-json\/wp\/v2\/types\/post"}],"author":[{"embeddable":true,"href":"https:\/\/blogs.diariosur.es\/tormentas-y-rayos\/wp-json\/wp\/v2\/users\/16"}],"replies":[{"embeddable":true,"href":"https:\/\/blogs.diariosur.es\/tormentas-y-rayos\/wp-json\/wp\/v2\/comments?post=41810"}],"version-history":[{"count":8,"href":"https:\/\/blogs.diariosur.es\/tormentas-y-rayos\/wp-json\/wp\/v2\/posts\/41810\/revisions"}],"predecessor-version":[{"id":47385,"href":"https:\/\/blogs.diariosur.es\/tormentas-y-rayos\/wp-json\/wp\/v2\/posts\/41810\/revisions\/47385"}],"wp:featuredmedia":[{"embeddable":true,"href":"https:\/\/blogs.diariosur.es\/tormentas-y-rayos\/wp-json\/wp\/v2\/media\/41822"}],"wp:attachment":[{"href":"https:\/\/blogs.diariosur.es\/tormentas-y-rayos\/wp-json\/wp\/v2\/media?parent=41810"}],"wp:term":[{"taxonomy":"category","embeddable":true,"href":"https:\/\/blogs.diariosur.es\/tormentas-y-rayos\/wp-json\/wp\/v2\/categories?post=41810"},{"taxonomy":"post_tag","embeddable":true,"href":"https:\/\/blogs.diariosur.es\/tormentas-y-rayos\/wp-json\/wp\/v2\/tags?post=41810"}],"curies":[{"name":"wp","href":"https:\/\/api.w.org\/{rel}","templated":true}]}}