{"id":41826,"date":"2024-09-14T10:28:56","date_gmt":"2024-09-14T08:28:56","guid":{"rendered":"https:\/\/blogs.diariosur.es\/tormentas-y-rayos\/?p=41826"},"modified":"2025-11-09T10:58:44","modified_gmt":"2025-11-09T09:58:44","slug":"caen-chubascos-por-la-zona-occidental-amanecer-en-malaga-14-de-septiembre-de-2024-fotos-y-videos","status":"publish","type":"post","link":"https:\/\/blogs.diariosur.es\/tormentas-y-rayos\/2024\/09\/14\/caen-chubascos-por-la-zona-occidental-amanecer-en-malaga-14-de-septiembre-de-2024-fotos-y-videos\/","title":{"rendered":"Caen chubascos en M\u00e1laga y su provincia. Amanecer en M\u00e1laga, 14 de septiembre de 2024. Fotos y videos."},"content":{"rendered":"<p><a href=\"https:\/\/static-blogs.diariosur.es\/wp-content\/uploads\/sites\/12\/2024\/05\/444912498_10228884468795449_97962860407814916_n.jpg\"><img loading=\"lazy\" class=\"aligncenter size-thumbnail wp-image-40751\" src=\"https:\/\/static-blogs.diariosur.es\/wp-content\/uploads\/sites\/12\/2024\/05\/444912498_10228884468795449_97962860407814916_n-150x150.jpg\" alt=\"\" width=\"150\" height=\"150\" \/><\/a><\/p>\n<p data-pm-slice=\"1 1 []\">Muy buenos d\u00edas, amigos de la meteo. Se cumple la previsi\u00f3n que daba el jueves; la mar est\u00e1 mosqueada, las nubes dejan unos bonitos cielos y caen algunos chubascos por la zona occidental y M\u00e1laga capital. En todos los portales, no.<\/p>\n<p>La temperatura del agua del mar es de 20.1 \u00baC; la altura m\u00e1xima de las olas ha sido de 1.84 m.<\/p>\n<p>Os pongo algunos datos de precipitaci\u00f3n. Fuentes: Red Hidrosur, Aemet, Meteoclimatic.<\/p>\n<p><strong>Los Reales: 4.8 mm<\/strong><\/p>\n<p><strong>Pujerra 5.5 mm<\/strong><\/p>\n<p><strong>El Torcal\u00a01.8 mm<\/strong><\/p>\n<p><strong>Santo Pitar 2.9 mm<\/strong><\/p>\n<p><strong>Co\u00edn 0.8 mm<\/strong><\/p>\n<p><strong>C\u00e1rtama 1.5 mm<\/strong><\/p>\n<p><strong>M\u00e1laga Aeropuerto 1.1 mm<\/strong><\/p>\n<p><strong>Ist\u00e1n 1.8 mm<\/strong><\/p>\n<p><strong>Tolox 1.8 mm<\/strong><\/p>\n<p><strong>La Cala de Mijas 2 mm<\/strong><\/p>\n<p>&nbsp;<\/p>\n<p>Fijaros en el \u00faltimo video de nubes, c\u00f3mo se ven cortinas de lluvia en los Montes de M\u00e1laga.<\/p>\n<p>&nbsp;<\/p>\n<p><iframe loading=\"lazy\" title=\"YouTube video player\" src=\"https:\/\/www.youtube.com\/embed\/HoOZFNoRQE0?si=n6Dni0Y5hATs8zdI\" width=\"560\" height=\"315\" frameborder=\"0\" allowfullscreen=\"allowfullscreen\"><\/iframe><\/p>\n<p><iframe loading=\"lazy\" title=\"YouTube video player\" src=\"https:\/\/www.youtube.com\/embed\/5tsZgo1xEKg?si=cxMImckK9cRdYN-0\" width=\"560\" height=\"315\" frameborder=\"0\" allowfullscreen=\"allowfullscreen\"><\/iframe><\/p>\n<p><iframe loading=\"lazy\" title=\"YouTube video player\" src=\"https:\/\/www.youtube.com\/embed\/YAgGITkbbOQ?si=478JW2blfkrmhqx0\" width=\"560\" height=\"315\" frameborder=\"0\" allowfullscreen=\"allowfullscreen\"><\/iframe><\/p>\n<p>&nbsp;<\/p>\n<p><a href=\"https:\/\/static-blogs.diariosur.es\/wp-content\/uploads\/sites\/12\/2024\/09\/3.jpg\"><img loading=\"lazy\" class=\"aligncenter size-full wp-image-41828\" src=\"https:\/\/static-blogs.diariosur.es\/wp-content\/uploads\/sites\/12\/2024\/09\/3.jpg\" alt=\"\" width=\"1200\" height=\"800\" srcset=\"https:\/\/static-blogs.diariosur.es\/wp-content\/uploads\/sites\/12\/2024\/09\/3.jpg 1200w, https:\/\/static-blogs.diariosur.es\/wp-content\/uploads\/sites\/12\/2024\/09\/3-600x400.jpg 600w, https:\/\/static-blogs.diariosur.es\/wp-content\/uploads\/sites\/12\/2024\/09\/3-768x512.jpg 768w\" sizes=\"(max-width: 1200px) 100vw, 1200px\" \/><\/a><\/p>\n<p>&nbsp;<\/p>\n<p><a href=\"https:\/\/static-blogs.diariosur.es\/wp-content\/uploads\/sites\/12\/2024\/09\/2.jpg\"><img loading=\"lazy\" class=\"aligncenter size-full wp-image-41829\" src=\"https:\/\/static-blogs.diariosur.es\/wp-content\/uploads\/sites\/12\/2024\/09\/2.jpg\" alt=\"\" width=\"1200\" height=\"800\" srcset=\"https:\/\/static-blogs.diariosur.es\/wp-content\/uploads\/sites\/12\/2024\/09\/2.jpg 1200w, https:\/\/static-blogs.diariosur.es\/wp-content\/uploads\/sites\/12\/2024\/09\/2-600x400.jpg 600w, https:\/\/static-blogs.diariosur.es\/wp-content\/uploads\/sites\/12\/2024\/09\/2-768x512.jpg 768w\" sizes=\"(max-width: 1200px) 100vw, 1200px\" \/><\/a><\/p>\n<p>&nbsp;<\/p>\n<p><a href=\"https:\/\/static-blogs.diariosur.es\/wp-content\/uploads\/sites\/12\/2024\/09\/1.jpg\"><img loading=\"lazy\" class=\"aligncenter size-full wp-image-41831\" src=\"https:\/\/static-blogs.diariosur.es\/wp-content\/uploads\/sites\/12\/2024\/09\/1.jpg\" alt=\"\" width=\"1200\" height=\"800\" srcset=\"https:\/\/static-blogs.diariosur.es\/wp-content\/uploads\/sites\/12\/2024\/09\/1.jpg 1200w, https:\/\/static-blogs.diariosur.es\/wp-content\/uploads\/sites\/12\/2024\/09\/1-600x400.jpg 600w, https:\/\/static-blogs.diariosur.es\/wp-content\/uploads\/sites\/12\/2024\/09\/1-768x512.jpg 768w\" sizes=\"(max-width: 1200px) 100vw, 1200px\" \/><\/a><\/p>\n","protected":false},"excerpt":{"rendered":"<p>Muy buenos d\u00edas, amigos de la meteo. Se cumple la previsi\u00f3n que daba el jueves; la mar est\u00e1 mosqueada, las nubes dejan unos bonitos cielos y caen algunos chubascos por la zona occidental y M\u00e1laga capital. En todos los portales, no. La temperatura del agua del mar es de 20.1 \u00baC; la altura m\u00e1xima de [&hellip;]<\/p>\n","protected":false},"author":16,"featured_media":41831,"comment_status":"open","ping_status":"open","sticky":false,"template":"","format":"standard","meta":[],"categories":[2],"tags":[249,358,553,587,720],"_links":{"self":[{"href":"https:\/\/blogs.diariosur.es\/tormentas-y-rayos\/wp-json\/wp\/v2\/posts\/41826"}],"collection":[{"href":"https:\/\/blogs.diariosur.es\/tormentas-y-rayos\/wp-json\/wp\/v2\/posts"}],"about":[{"href":"https:\/\/blogs.diariosur.es\/tormentas-y-rayos\/wp-json\/wp\/v2\/types\/post"}],"author":[{"embeddable":true,"href":"https:\/\/blogs.diariosur.es\/tormentas-y-rayos\/wp-json\/wp\/v2\/users\/16"}],"replies":[{"embeddable":true,"href":"https:\/\/blogs.diariosur.es\/tormentas-y-rayos\/wp-json\/wp\/v2\/comments?post=41826"}],"version-history":[{"count":7,"href":"https:\/\/blogs.diariosur.es\/tormentas-y-rayos\/wp-json\/wp\/v2\/posts\/41826\/revisions"}],"predecessor-version":[{"id":47384,"href":"https:\/\/blogs.diariosur.es\/tormentas-y-rayos\/wp-json\/wp\/v2\/posts\/41826\/revisions\/47384"}],"wp:featuredmedia":[{"embeddable":true,"href":"https:\/\/blogs.diariosur.es\/tormentas-y-rayos\/wp-json\/wp\/v2\/media\/41831"}],"wp:attachment":[{"href":"https:\/\/blogs.diariosur.es\/tormentas-y-rayos\/wp-json\/wp\/v2\/media?parent=41826"}],"wp:term":[{"taxonomy":"category","embeddable":true,"href":"https:\/\/blogs.diariosur.es\/tormentas-y-rayos\/wp-json\/wp\/v2\/categories?post=41826"},{"taxonomy":"post_tag","embeddable":true,"href":"https:\/\/blogs.diariosur.es\/tormentas-y-rayos\/wp-json\/wp\/v2\/tags?post=41826"}],"curies":[{"name":"wp","href":"https:\/\/api.w.org\/{rel}","templated":true}]}}