{"id":41869,"date":"2024-09-15T10:25:25","date_gmt":"2024-09-15T08:25:25","guid":{"rendered":"https:\/\/blogs.diariosur.es\/tormentas-y-rayos\/?p=41869"},"modified":"2025-11-09T10:56:47","modified_gmt":"2025-11-09T09:56:47","slug":"crees-que-ha-hecho-mucho-calor-este-verano-en-malaga-pues-mira-como-era-hace-50-anos","status":"publish","type":"post","link":"https:\/\/blogs.diariosur.es\/tormentas-y-rayos\/2024\/09\/15\/crees-que-ha-hecho-mucho-calor-este-verano-en-malaga-pues-mira-como-era-hace-50-anos\/","title":{"rendered":"\u00bfCrees que ha hecho mucho calor este verano en M\u00e1laga? Pues mira c\u00f3mo era hace 50 a\u00f1os"},"content":{"rendered":"<p><a href=\"https:\/\/static-blogs.diariosur.es\/wp-content\/uploads\/sites\/12\/2023\/10\/243418660_10223324765526342_8448445083528661051_n.jpg\"><img loading=\"lazy\" class=\"aligncenter size-thumbnail wp-image-38644\" src=\"https:\/\/static-blogs.diariosur.es\/wp-content\/uploads\/sites\/12\/2023\/10\/243418660_10223324765526342_8448445083528661051_n-150x150.jpg\" alt=\"\" width=\"150\" height=\"150\" \/><\/a><\/p>\n<p data-pm-slice=\"1 1 []\">Buenos d\u00edas, amigos de la meteo. Hace unos d\u00edas que acab\u00f3 el verano meteorol\u00f3gico de 2024, y todos nos preguntamos si ha sido caluroso, compar\u00e1ndolo con otros a\u00f1os. Para ver esto, he sacado la temperatura media del verano del Aeropuerto de M\u00e1laga desde el a\u00f1o 1974, una serie de 50 a\u00f1os. Para averiguar la temperatura media, se suman las de los tres meses del verano y se divide por tres. Es decir, me he dado un curro bueno. He empezado con este a\u00f1o y he terminado con el 1974. Fijaros en los a\u00f1os 2023 y 1977; impresionante la diferencia.<\/p>\n<p>Que cada uno saque sus conclusiones; la m\u00eda particular la tengo clara. CC<\/p>\n<p>Fuente AEMET<\/p>\n<p>2024\u00a0Registramos\u00a026,7 \u00baC<\/p>\n<p>2023\u00a0Registramos\u00a027,7 \u00baC. Verano m\u00e1s caluroso desde que se tienen registros en M\u00e1laga Aeropuerto<\/p>\n<p>2022\u00a0Registramos\u00a026,8 \u00baC<\/p>\n<p>2021\u00a0Registramos\u00a026,1 \u00baC<\/p>\n<p>2020\u00a0Registramos\u00a026,3 \u00baC<\/p>\n<p>2019\u00a0Registramos\u00a025,9 \u00baC<\/p>\n<p>2018\u00a0Registramos\u00a026 \u00baC<\/p>\n<p>2017\u00a0Registramos\u00a025,8 \u00baC<\/p>\n<p>2016\u00a0Registramos\u00a026 \u00baC<\/p>\n<p>2015\u00a0Registramos\u00a026,6 \u00baC<\/p>\n<p>2014\u00a0Registramos\u00a026 \u00baC<\/p>\n<p>2013\u00a0Registramos\u00a024,7 \u00baC<\/p>\n<p>2012\u00a0Registramos\u00a026,5 \u00baC<\/p>\n<p>2011\u00a0Registramos\u00a025,9 \u00baC<\/p>\n<p>2010\u00a0Registramos\u00a025,7 \u00baC<\/p>\n<p>2009\u00a0Registramos\u00a026 \u00baC.<\/p>\n<p>2008\u00a0Registramos\u00a025,8 \u00baC<\/p>\n<p>2007\u00a0Registramos\u00a025,5 \u00baC<\/p>\n<p>2006\u00a0Registramos\u00a025,1 \u00baC<\/p>\n<p>2005\u00a0Registramos\u00a025,7 \u00baC<\/p>\n<p>2004\u00a0Registramos\u00a025,4 \u00baC<\/p>\n<p>2003\u00a0Registramos\u00a026,4 \u00aaC.<\/p>\n<p>2002\u00a0Registramos\u00a025,2 \u00baC<\/p>\n<p>2001\u00a0Registramos\u00a025,9 \u00baC<\/p>\n<p>2000\u00a0Registramos\u00a024,8 \u00baC<\/p>\n<p>1999\u00a0Registramos\u00a025 \u00baC<\/p>\n<p>1998\u00a0Registramos\u00a024,5 \u00baC.<\/p>\n<p>1997\u00a0Registramos\u00a024,2 \u00baC<\/p>\n<p>1996\u00a0Registramos\u00a024,1 \u00baC<\/p>\n<p>1995\u00a0Registramos\u00a025,2 \u00baC<\/p>\n<p>1994\u00a0Registramos\u00a025,2 \u00baC.<\/p>\n<p>1993\u00a0Registramos\u00a024,2 \u00baC<\/p>\n<p>1992\u00a0Registramos\u00a023,8 \u00baC<\/p>\n<p>1991\u00a0Registramos\u00a024,5 \u00baC<\/p>\n<p>1990\u00a0Registramos\u00a024,9 \u00baC<\/p>\n<p>1989\u00a0Registramos\u00a025,5 \u00baC<\/p>\n<p>1988\u00a0Registramos\u00a024,1 \u00baC<\/p>\n<p>1987\u00a0Registramos\u00a024,9 \u00baC<\/p>\n<p>1986\u00a0Registramos\u00a024 \u00baC<\/p>\n<p>1985\u00a0Registramos\u00a024,1 \u00ba.<\/p>\n<p>1984\u00a0Registramos\u00a023,1 \u00baC<\/p>\n<p>1983\u00a0Registramos\u00a024,1 \u00baC<\/p>\n<p>1982\u00a0Registramos\u00a024,1 \u00baC<\/p>\n<p>1981\u00a0Registramos\u00a023,3 \u00baC<\/p>\n<p>1980\u00a0Registramos\u00a023.8 \u00baC.<\/p>\n<p>1979\u00a0Registramos\u00a024,1 \u00baC<\/p>\n<p>1978\u00a0Registramos\u00a022,9 \u00baC.<\/p>\n<p>1977\u00a0Registramos\u00a022,7 \u00baC. Verano m\u00e1s fresco desde hace 50 a\u00f1os. En 2023 tuvimos una temperatura media de 27,7 \u00baC, cinco grados m\u00e1s.<\/p>\n<p>1976\u00a0Registramos\u00a024,3 \u00baC.<\/p>\n<p>1975\u00a0Registramos\u00a023,6 \u00baC.<\/p>\n<p>1974\u00a0Registramos\u00a023,4 \u00baC.<\/p>\n<p>&nbsp;<\/p>\n<p>&nbsp;<\/p>\n<p><a href=\"https:\/\/static-blogs.diariosur.es\/wp-content\/uploads\/sites\/12\/2024\/09\/460027116_10229886939816598_4384217801206666534_n.jpg\"><img loading=\"lazy\" class=\"aligncenter size-full wp-image-41894\" src=\"https:\/\/static-blogs.diariosur.es\/wp-content\/uploads\/sites\/12\/2024\/09\/460027116_10229886939816598_4384217801206666534_n.jpg\" alt=\"\" width=\"1200\" height=\"489\" srcset=\"https:\/\/static-blogs.diariosur.es\/wp-content\/uploads\/sites\/12\/2024\/09\/460027116_10229886939816598_4384217801206666534_n.jpg 1200w, https:\/\/static-blogs.diariosur.es\/wp-content\/uploads\/sites\/12\/2024\/09\/460027116_10229886939816598_4384217801206666534_n-640x261.jpg 640w, https:\/\/static-blogs.diariosur.es\/wp-content\/uploads\/sites\/12\/2024\/09\/460027116_10229886939816598_4384217801206666534_n-768x313.jpg 768w\" sizes=\"(max-width: 1200px) 100vw, 1200px\" \/><\/a><\/p>\n<p>&nbsp;<\/p>\n<p>&nbsp;<\/p>\n<p><a href=\"https:\/\/static-blogs.diariosur.es\/wp-content\/uploads\/sites\/12\/2024\/09\/71KBC0ISEGL._AC_UF8941000_QL80_.jpg\"><img loading=\"lazy\" class=\"aligncenter size-full wp-image-41895\" src=\"https:\/\/static-blogs.diariosur.es\/wp-content\/uploads\/sites\/12\/2024\/09\/71KBC0ISEGL._AC_UF8941000_QL80_.jpg\" alt=\"\" width=\"667\" height=\"1000\" srcset=\"https:\/\/static-blogs.diariosur.es\/wp-content\/uploads\/sites\/12\/2024\/09\/71KBC0ISEGL._AC_UF8941000_QL80_.jpg 667w, https:\/\/static-blogs.diariosur.es\/wp-content\/uploads\/sites\/12\/2024\/09\/71KBC0ISEGL._AC_UF8941000_QL80_-267x400.jpg 267w\" sizes=\"(max-width: 667px) 100vw, 667px\" \/><\/a><\/p>\n<p>&nbsp;<\/p>\n<p>&nbsp;<\/p>\n<p>&nbsp;<\/p>\n<p>&nbsp;<\/p>\n","protected":false},"excerpt":{"rendered":"<p>Buenos d\u00edas, amigos de la meteo. Hace unos d\u00edas que acab\u00f3 el verano meteorol\u00f3gico de 2024, y todos nos preguntamos si ha sido caluroso, compar\u00e1ndolo con otros a\u00f1os. Para ver esto, he sacado la temperatura media del verano del Aeropuerto de M\u00e1laga desde el a\u00f1o 1974, una serie de 50 a\u00f1os. Para averiguar la temperatura [&hellip;]<\/p>\n","protected":false},"author":16,"featured_media":37583,"comment_status":"open","ping_status":"open","sticky":false,"template":"","format":"standard","meta":[],"categories":[2],"tags":[212,587,1724,961,1052],"_links":{"self":[{"href":"https:\/\/blogs.diariosur.es\/tormentas-y-rayos\/wp-json\/wp\/v2\/posts\/41869"}],"collection":[{"href":"https:\/\/blogs.diariosur.es\/tormentas-y-rayos\/wp-json\/wp\/v2\/posts"}],"about":[{"href":"https:\/\/blogs.diariosur.es\/tormentas-y-rayos\/wp-json\/wp\/v2\/types\/post"}],"author":[{"embeddable":true,"href":"https:\/\/blogs.diariosur.es\/tormentas-y-rayos\/wp-json\/wp\/v2\/users\/16"}],"replies":[{"embeddable":true,"href":"https:\/\/blogs.diariosur.es\/tormentas-y-rayos\/wp-json\/wp\/v2\/comments?post=41869"}],"version-history":[{"count":25,"href":"https:\/\/blogs.diariosur.es\/tormentas-y-rayos\/wp-json\/wp\/v2\/posts\/41869\/revisions"}],"predecessor-version":[{"id":47383,"href":"https:\/\/blogs.diariosur.es\/tormentas-y-rayos\/wp-json\/wp\/v2\/posts\/41869\/revisions\/47383"}],"wp:featuredmedia":[{"embeddable":true,"href":"https:\/\/blogs.diariosur.es\/tormentas-y-rayos\/wp-json\/wp\/v2\/media\/37583"}],"wp:attachment":[{"href":"https:\/\/blogs.diariosur.es\/tormentas-y-rayos\/wp-json\/wp\/v2\/media?parent=41869"}],"wp:term":[{"taxonomy":"category","embeddable":true,"href":"https:\/\/blogs.diariosur.es\/tormentas-y-rayos\/wp-json\/wp\/v2\/categories?post=41869"},{"taxonomy":"post_tag","embeddable":true,"href":"https:\/\/blogs.diariosur.es\/tormentas-y-rayos\/wp-json\/wp\/v2\/tags?post=41869"}],"curies":[{"name":"wp","href":"https:\/\/api.w.org\/{rel}","templated":true}]}}