{"id":41891,"date":"2024-09-16T09:14:29","date_gmt":"2024-09-16T07:14:29","guid":{"rendered":"https:\/\/blogs.diariosur.es\/tormentas-y-rayos\/?p=41891"},"modified":"2025-11-09T10:49:15","modified_gmt":"2025-11-09T09:49:15","slug":"se-esperan-lluvias-esta-semana-en-la-provincia-de-malaga-por-la-vaguada-retrograda","status":"publish","type":"post","link":"https:\/\/blogs.diariosur.es\/tormentas-y-rayos\/2024\/09\/16\/se-esperan-lluvias-esta-semana-en-la-provincia-de-malaga-por-la-vaguada-retrograda\/","title":{"rendered":"\u00bfSe esperan lluvias esta semana en la provincia de M\u00e1laga por la vaguada retr\u00f3grada?"},"content":{"rendered":"<p><a href=\"https:\/\/static-blogs.diariosur.es\/wp-content\/uploads\/sites\/12\/2024\/02\/379337914_10227628075666406_6248628726251100327_n.jpg\"><img loading=\"lazy\" class=\"aligncenter size-thumbnail wp-image-39879\" src=\"https:\/\/static-blogs.diariosur.es\/wp-content\/uploads\/sites\/12\/2024\/02\/379337914_10227628075666406_6248628726251100327_n-150x150.jpg\" alt=\"\" width=\"150\" height=\"150\" \/><\/a><\/p>\n<p>Buenos d\u00edas, amigos de la meteo. Cuando son las ocho de la ma\u00f1ana en M\u00e1laga capital, el Aeropuerto ha registrado una temperatura m\u00ednima de 19.8 \u00b0C, los cielos est\u00e1n poco nubosos y el viento sopla flojo de direcci\u00f3n variable. La temperatura del agua del mar es de 22 \u00baC, ha subido un poquito.<\/p>\n<h3><span style=\"color: #0000ff;\"><strong>\u00bfSe esperan lluvias esta semana en la provincia de M\u00e1laga por la vaguada retr\u00f3grada?<\/strong><\/span><\/h3>\n<p>&nbsp;<\/p>\n<p data-pm-slice=\"1 1 []\">Desde hace unos d\u00edas, todos los medios de comunicaci\u00f3n hablan de las fuertes lluvias que se esperan esta semana en la costa mediterr\u00e1nea; muchos me hab\u00e9is preguntado si nos afectar\u00e1 a nosotros. Antes toca leer esto.<\/p>\n<p>Aunque muchos lo sab\u00e9is, os explico qu\u00e9 es una vaguada retr\u00f3grada: se est\u00e1 formando un potente bloqueo anticicl\u00f3nico en las islas brit\u00e1nicas y Escandinavia; esto trae consigo que una vaguada se mueva de este a oeste, para m\u00e1s tarde formarse una dana en el norte de la pen\u00ednsula, pero no est\u00e1 clara a\u00fan su ubicaci\u00f3n.<\/p>\n<p>La Aemet la define as\u00ed. \u201cProlongaci\u00f3n de una depresi\u00f3n, representada por un sistema de isobaras en forma aproximadamente de V, cuya concavidad est\u00e1 dirigida hacia las bajas presiones\u201d. Tambi\u00e9n se denomina eje de bajas presiones.<\/p>\n<p>Os paso un mapa previsto para el mi\u00e9rcoles a 500 hpa del modelo americano.<\/p>\n<p>&nbsp;<\/p>\n<p>&nbsp;<\/p>\n<p><a href=\"https:\/\/static-blogs.diariosur.es\/wp-content\/uploads\/sites\/12\/2024\/09\/gens-0-1-60.png\"><img loading=\"lazy\" class=\"aligncenter size-full wp-image-41900\" src=\"https:\/\/static-blogs.diariosur.es\/wp-content\/uploads\/sites\/12\/2024\/09\/gens-0-1-60.png\" alt=\"\" width=\"768\" height=\"512\" srcset=\"https:\/\/static-blogs.diariosur.es\/wp-content\/uploads\/sites\/12\/2024\/09\/gens-0-1-60.png 768w, https:\/\/static-blogs.diariosur.es\/wp-content\/uploads\/sites\/12\/2024\/09\/gens-0-1-60-600x400.png 600w\" sizes=\"(max-width: 768px) 100vw, 768px\" \/><\/a><\/p>\n<p>&nbsp;<\/p>\n<p data-pm-slice=\"1 1 []\">Aunque a\u00fan hay mucha incertidumbre con la ubicaci\u00f3n de la DANA, hay probabilidad de precipitaciones en la provincia de M\u00e1laga a partir del jueves y viernes; <strong>de momento no se espera gran cosa y seguramente no caigan chubascos en todos los portales<\/strong>.<\/p>\n<p>Ma\u00f1ana, con los modelos actualizados, pondr\u00e9 los acumulados que dan los principales modelos; ojal\u00e1 tengamos sorpresas y toda la provincia se moje.<\/p>\n<p>&nbsp;<\/p>\n","protected":false},"excerpt":{"rendered":"<p>Buenos d\u00edas, amigos de la meteo. Cuando son las ocho de la ma\u00f1ana en M\u00e1laga capital, el Aeropuerto ha registrado una temperatura m\u00ednima de 19.8 \u00b0C, los cielos est\u00e1n poco nubosos y el viento sopla flojo de direcci\u00f3n variable. La temperatura del agua del mar es de 22 \u00baC, ha subido un poquito. \u00bfSe esperan [&hellip;]<\/p>\n","protected":false},"author":16,"featured_media":41902,"comment_status":"open","ping_status":"open","sticky":false,"template":"","format":"standard","meta":[],"categories":[2],"tags":[94,100,151,307,569,587,1039],"_links":{"self":[{"href":"https:\/\/blogs.diariosur.es\/tormentas-y-rayos\/wp-json\/wp\/v2\/posts\/41891"}],"collection":[{"href":"https:\/\/blogs.diariosur.es\/tormentas-y-rayos\/wp-json\/wp\/v2\/posts"}],"about":[{"href":"https:\/\/blogs.diariosur.es\/tormentas-y-rayos\/wp-json\/wp\/v2\/types\/post"}],"author":[{"embeddable":true,"href":"https:\/\/blogs.diariosur.es\/tormentas-y-rayos\/wp-json\/wp\/v2\/users\/16"}],"replies":[{"embeddable":true,"href":"https:\/\/blogs.diariosur.es\/tormentas-y-rayos\/wp-json\/wp\/v2\/comments?post=41891"}],"version-history":[{"count":6,"href":"https:\/\/blogs.diariosur.es\/tormentas-y-rayos\/wp-json\/wp\/v2\/posts\/41891\/revisions"}],"predecessor-version":[{"id":47382,"href":"https:\/\/blogs.diariosur.es\/tormentas-y-rayos\/wp-json\/wp\/v2\/posts\/41891\/revisions\/47382"}],"wp:featuredmedia":[{"embeddable":true,"href":"https:\/\/blogs.diariosur.es\/tormentas-y-rayos\/wp-json\/wp\/v2\/media\/41902"}],"wp:attachment":[{"href":"https:\/\/blogs.diariosur.es\/tormentas-y-rayos\/wp-json\/wp\/v2\/media?parent=41891"}],"wp:term":[{"taxonomy":"category","embeddable":true,"href":"https:\/\/blogs.diariosur.es\/tormentas-y-rayos\/wp-json\/wp\/v2\/categories?post=41891"},{"taxonomy":"post_tag","embeddable":true,"href":"https:\/\/blogs.diariosur.es\/tormentas-y-rayos\/wp-json\/wp\/v2\/tags?post=41891"}],"curies":[{"name":"wp","href":"https:\/\/api.w.org\/{rel}","templated":true}]}}