{"id":41904,"date":"2024-09-17T09:44:42","date_gmt":"2024-09-17T07:44:42","guid":{"rendered":"https:\/\/blogs.diariosur.es\/tormentas-y-rayos\/?p=41904"},"modified":"2025-11-09T10:46:47","modified_gmt":"2025-11-09T09:46:47","slug":"seguimiento-vaguada-retrograda-probables-acumulados-miercoles-y-jueves-en-la-provincia-de-malaga","status":"publish","type":"post","link":"https:\/\/blogs.diariosur.es\/tormentas-y-rayos\/2024\/09\/17\/seguimiento-vaguada-retrograda-probables-acumulados-miercoles-y-jueves-en-la-provincia-de-malaga\/","title":{"rendered":"Seguimiento vaguada retr\u00f3grada. Probables acumulados mi\u00e9rcoles y jueves en la provincia de M\u00e1laga."},"content":{"rendered":"<p><a href=\"https:\/\/static-blogs.diariosur.es\/wp-content\/uploads\/sites\/12\/2024\/05\/444912498_10228884468795449_97962860407814916_n.jpg\"><img loading=\"lazy\" class=\"aligncenter size-thumbnail wp-image-40751\" src=\"https:\/\/static-blogs.diariosur.es\/wp-content\/uploads\/sites\/12\/2024\/05\/444912498_10228884468795449_97962860407814916_n-150x150.jpg\" alt=\"\" width=\"150\" height=\"150\" \/><\/a><\/p>\n<p data-pm-slice=\"1 1 []\">Buenos d\u00edas, amigos de la meteo. La temperatura m\u00ednima hoy en el aeropuerto ha sido de 19.7 \u00baC, los cielos est\u00e1n con altoc\u00famulos castellanus y el viento sopla flojo de sur-sureste. Al final del post os pondr\u00e9 unas fotos y un v\u00eddeo del amanecer de hoy.<\/p>\n<p>La vaguada ya est\u00e1 afectando a algunas zonas del levante; se han activado avisos naranjas. En lo que respecta a nuestra comunidad andaluza, se ha activado el aviso amarillo por tormentas y precipitaciones de 15 mm en el interior de la provincia de Granada para hoy martes.<\/p>\n<p>Os pongo los probables acumulados en 24 horas que dan para ma\u00f1ana y el jueves el modelo europeo y americano. Si os fij\u00e1is, en algunas zonas no caer\u00eda nada. Incluso pienso que ma\u00f1ana ser\u00eda menos. Las precipitaciones que se den ser\u00e1n orogr\u00e1ficas, como pas\u00f3 el s\u00e1bado pasado.<\/p>\n<p>Los probables acumulados del viernes los pondr\u00e9 ma\u00f1ana.<\/p>\n<p>&nbsp;<\/p>\n<p><a href=\"https:\/\/static-blogs.diariosur.es\/wp-content\/uploads\/sites\/12\/2024\/09\/miercoles-europeo.jpg\"><img loading=\"lazy\" class=\"aligncenter size-full wp-image-41905\" src=\"https:\/\/static-blogs.diariosur.es\/wp-content\/uploads\/sites\/12\/2024\/09\/miercoles-europeo.jpg\" alt=\"\" width=\"943\" height=\"941\" srcset=\"https:\/\/static-blogs.diariosur.es\/wp-content\/uploads\/sites\/12\/2024\/09\/miercoles-europeo.jpg 943w, https:\/\/static-blogs.diariosur.es\/wp-content\/uploads\/sites\/12\/2024\/09\/miercoles-europeo-150x150.jpg 150w, https:\/\/static-blogs.diariosur.es\/wp-content\/uploads\/sites\/12\/2024\/09\/miercoles-europeo-401x400.jpg 401w, https:\/\/static-blogs.diariosur.es\/wp-content\/uploads\/sites\/12\/2024\/09\/miercoles-europeo-768x766.jpg 768w\" sizes=\"(max-width: 943px) 100vw, 943px\" \/><\/a><\/p>\n<p>&nbsp;<\/p>\n<p><a href=\"https:\/\/static-blogs.diariosur.es\/wp-content\/uploads\/sites\/12\/2024\/09\/miercoles-americano.jpg\"><img loading=\"lazy\" class=\"aligncenter size-full wp-image-41906\" src=\"https:\/\/static-blogs.diariosur.es\/wp-content\/uploads\/sites\/12\/2024\/09\/miercoles-americano.jpg\" alt=\"\" width=\"955\" height=\"955\" srcset=\"https:\/\/static-blogs.diariosur.es\/wp-content\/uploads\/sites\/12\/2024\/09\/miercoles-americano.jpg 955w, https:\/\/static-blogs.diariosur.es\/wp-content\/uploads\/sites\/12\/2024\/09\/miercoles-americano-150x150.jpg 150w, https:\/\/static-blogs.diariosur.es\/wp-content\/uploads\/sites\/12\/2024\/09\/miercoles-americano-400x400.jpg 400w, https:\/\/static-blogs.diariosur.es\/wp-content\/uploads\/sites\/12\/2024\/09\/miercoles-americano-768x768.jpg 768w\" sizes=\"(max-width: 955px) 100vw, 955px\" \/><\/a><\/p>\n<p>&nbsp;<\/p>\n<p>&nbsp;<\/p>\n<p><a href=\"https:\/\/static-blogs.diariosur.es\/wp-content\/uploads\/sites\/12\/2024\/09\/jueves-europeo.jpg\"><img loading=\"lazy\" class=\"aligncenter size-full wp-image-41907\" src=\"https:\/\/static-blogs.diariosur.es\/wp-content\/uploads\/sites\/12\/2024\/09\/jueves-europeo.jpg\" alt=\"\" width=\"943\" height=\"948\" srcset=\"https:\/\/static-blogs.diariosur.es\/wp-content\/uploads\/sites\/12\/2024\/09\/jueves-europeo.jpg 943w, https:\/\/static-blogs.diariosur.es\/wp-content\/uploads\/sites\/12\/2024\/09\/jueves-europeo-150x150.jpg 150w, https:\/\/static-blogs.diariosur.es\/wp-content\/uploads\/sites\/12\/2024\/09\/jueves-europeo-398x400.jpg 398w, https:\/\/static-blogs.diariosur.es\/wp-content\/uploads\/sites\/12\/2024\/09\/jueves-europeo-768x772.jpg 768w\" sizes=\"(max-width: 943px) 100vw, 943px\" \/><\/a><\/p>\n<p>&nbsp;<\/p>\n<p>&nbsp;<\/p>\n<p><a href=\"https:\/\/static-blogs.diariosur.es\/wp-content\/uploads\/sites\/12\/2024\/09\/jueves-americano.jpg\"><img loading=\"lazy\" class=\"aligncenter size-full wp-image-41909\" src=\"https:\/\/static-blogs.diariosur.es\/wp-content\/uploads\/sites\/12\/2024\/09\/jueves-americano.jpg\" alt=\"\" width=\"943\" height=\"950\" srcset=\"https:\/\/static-blogs.diariosur.es\/wp-content\/uploads\/sites\/12\/2024\/09\/jueves-americano.jpg 943w, https:\/\/static-blogs.diariosur.es\/wp-content\/uploads\/sites\/12\/2024\/09\/jueves-americano-150x150.jpg 150w, https:\/\/static-blogs.diariosur.es\/wp-content\/uploads\/sites\/12\/2024\/09\/jueves-americano-397x400.jpg 397w, https:\/\/static-blogs.diariosur.es\/wp-content\/uploads\/sites\/12\/2024\/09\/jueves-americano-768x774.jpg 768w\" sizes=\"(max-width: 943px) 100vw, 943px\" \/><\/a><\/p>\n<p>Os dejo con el amanecer de hoy 17 de septiembre.<\/p>\n<p>&nbsp;<\/p>\n<p><iframe loading=\"lazy\" title=\"YouTube video player\" src=\"https:\/\/www.youtube.com\/embed\/VW43NjA8O_s?si=GzlvogRanSd8P-e-\" width=\"560\" height=\"315\" frameborder=\"0\" allowfullscreen=\"allowfullscreen\"><\/iframe><\/p>\n<p>&nbsp;<\/p>\n<p><a href=\"https:\/\/static-blogs.diariosur.es\/wp-content\/uploads\/sites\/12\/2024\/09\/b.jpg\"><img loading=\"lazy\" class=\"aligncenter size-full wp-image-41910\" src=\"https:\/\/static-blogs.diariosur.es\/wp-content\/uploads\/sites\/12\/2024\/09\/b.jpg\" alt=\"\" width=\"1200\" height=\"800\" srcset=\"https:\/\/static-blogs.diariosur.es\/wp-content\/uploads\/sites\/12\/2024\/09\/b.jpg 1200w, https:\/\/static-blogs.diariosur.es\/wp-content\/uploads\/sites\/12\/2024\/09\/b-600x400.jpg 600w, https:\/\/static-blogs.diariosur.es\/wp-content\/uploads\/sites\/12\/2024\/09\/b-768x512.jpg 768w\" sizes=\"(max-width: 1200px) 100vw, 1200px\" \/><\/a><\/p>\n<p>&nbsp;<\/p>\n<p><a href=\"https:\/\/static-blogs.diariosur.es\/wp-content\/uploads\/sites\/12\/2024\/09\/b1.jpg\"><img loading=\"lazy\" class=\"aligncenter size-full wp-image-41912\" src=\"https:\/\/static-blogs.diariosur.es\/wp-content\/uploads\/sites\/12\/2024\/09\/b1.jpg\" alt=\"\" width=\"1200\" height=\"800\" srcset=\"https:\/\/static-blogs.diariosur.es\/wp-content\/uploads\/sites\/12\/2024\/09\/b1.jpg 1200w, https:\/\/static-blogs.diariosur.es\/wp-content\/uploads\/sites\/12\/2024\/09\/b1-600x400.jpg 600w, https:\/\/static-blogs.diariosur.es\/wp-content\/uploads\/sites\/12\/2024\/09\/b1-768x512.jpg 768w\" sizes=\"(max-width: 1200px) 100vw, 1200px\" \/><\/a><\/p>\n<p>&nbsp;<\/p>\n<p><a href=\"https:\/\/static-blogs.diariosur.es\/wp-content\/uploads\/sites\/12\/2024\/09\/b3.jpg\"><img loading=\"lazy\" class=\"aligncenter size-full wp-image-41913\" src=\"https:\/\/static-blogs.diariosur.es\/wp-content\/uploads\/sites\/12\/2024\/09\/b3.jpg\" alt=\"\" width=\"1200\" height=\"800\" srcset=\"https:\/\/static-blogs.diariosur.es\/wp-content\/uploads\/sites\/12\/2024\/09\/b3.jpg 1200w, https:\/\/static-blogs.diariosur.es\/wp-content\/uploads\/sites\/12\/2024\/09\/b3-600x400.jpg 600w, https:\/\/static-blogs.diariosur.es\/wp-content\/uploads\/sites\/12\/2024\/09\/b3-768x512.jpg 768w\" sizes=\"(max-width: 1200px) 100vw, 1200px\" \/><\/a><\/p>\n","protected":false},"excerpt":{"rendered":"<p>Buenos d\u00edas, amigos de la meteo. La temperatura m\u00ednima hoy en el aeropuerto ha sido de 19.7 \u00baC, los cielos est\u00e1n con altoc\u00famulos castellanus y el viento sopla flojo de sur-sureste. Al final del post os pondr\u00e9 unas fotos y un v\u00eddeo del amanecer de hoy. La vaguada ya est\u00e1 afectando a algunas zonas del [&hellip;]<\/p>\n","protected":false},"author":16,"featured_media":41913,"comment_status":"open","ping_status":"open","sticky":false,"template":"","format":"standard","meta":[],"categories":[2],"tags":[100,151,307,358,587,676,809,1955,996,1039],"_links":{"self":[{"href":"https:\/\/blogs.diariosur.es\/tormentas-y-rayos\/wp-json\/wp\/v2\/posts\/41904"}],"collection":[{"href":"https:\/\/blogs.diariosur.es\/tormentas-y-rayos\/wp-json\/wp\/v2\/posts"}],"about":[{"href":"https:\/\/blogs.diariosur.es\/tormentas-y-rayos\/wp-json\/wp\/v2\/types\/post"}],"author":[{"embeddable":true,"href":"https:\/\/blogs.diariosur.es\/tormentas-y-rayos\/wp-json\/wp\/v2\/users\/16"}],"replies":[{"embeddable":true,"href":"https:\/\/blogs.diariosur.es\/tormentas-y-rayos\/wp-json\/wp\/v2\/comments?post=41904"}],"version-history":[{"count":4,"href":"https:\/\/blogs.diariosur.es\/tormentas-y-rayos\/wp-json\/wp\/v2\/posts\/41904\/revisions"}],"predecessor-version":[{"id":47380,"href":"https:\/\/blogs.diariosur.es\/tormentas-y-rayos\/wp-json\/wp\/v2\/posts\/41904\/revisions\/47380"}],"wp:featuredmedia":[{"embeddable":true,"href":"https:\/\/blogs.diariosur.es\/tormentas-y-rayos\/wp-json\/wp\/v2\/media\/41913"}],"wp:attachment":[{"href":"https:\/\/blogs.diariosur.es\/tormentas-y-rayos\/wp-json\/wp\/v2\/media?parent=41904"}],"wp:term":[{"taxonomy":"category","embeddable":true,"href":"https:\/\/blogs.diariosur.es\/tormentas-y-rayos\/wp-json\/wp\/v2\/categories?post=41904"},{"taxonomy":"post_tag","embeddable":true,"href":"https:\/\/blogs.diariosur.es\/tormentas-y-rayos\/wp-json\/wp\/v2\/tags?post=41904"}],"curies":[{"name":"wp","href":"https:\/\/api.w.org\/{rel}","templated":true}]}}