{"id":41916,"date":"2024-09-18T10:00:14","date_gmt":"2024-09-18T08:00:14","guid":{"rendered":"https:\/\/blogs.diariosur.es\/tormentas-y-rayos\/?p=41916"},"modified":"2024-09-18T10:52:03","modified_gmt":"2024-09-18T08:52:03","slug":"amanecer-18-de-septiembre-en-malaga-capital-fotos-y-video","status":"publish","type":"post","link":"https:\/\/blogs.diariosur.es\/tormentas-y-rayos\/2024\/09\/18\/amanecer-18-de-septiembre-en-malaga-capital-fotos-y-video\/","title":{"rendered":"Amanecer 18 de septiembre en M\u00e1laga capital. Fotos y video."},"content":{"rendered":"<p><a href=\"https:\/\/static-blogs.diariosur.es\/wp-content\/uploads\/sites\/12\/2022\/10\/170794_1643557487764_6929300_o.jpg\"><img loading=\"lazy\" class=\"aligncenter size-thumbnail wp-image-34806\" src=\"https:\/\/static-blogs.diariosur.es\/wp-content\/uploads\/sites\/12\/2022\/10\/170794_1643557487764_6929300_o-150x150.jpg\" alt=\"\" width=\"150\" height=\"150\" \/><\/a><\/p>\n<p>Buenos d\u00edas, amigos de la meteo. Ma\u00f1ana si me da tiempo dar\u00e9 la previsi\u00f3n para los que si leen. Ya veremos si llueve en todos los portales esta semana. Ayer, en unos si y en otros no.<\/p>\n<p>&nbsp;<\/p>\n<p><iframe loading=\"lazy\" title=\"YouTube video player\" src=\"https:\/\/www.youtube.com\/embed\/FaThJwcv0NQ?si=rhDQ4qbzF031kVQX\" width=\"560\" height=\"315\" frameborder=\"0\" allowfullscreen=\"allowfullscreen\"><\/iframe><\/p>\n<p>&nbsp;<\/p>\n<p><a href=\"https:\/\/static-blogs.diariosur.es\/wp-content\/uploads\/sites\/12\/2024\/09\/AMANECER-18-DE-SEPTIEMBRE-e1726645937975.jpg\"><img loading=\"lazy\" class=\"aligncenter size-full wp-image-41917\" src=\"https:\/\/static-blogs.diariosur.es\/wp-content\/uploads\/sites\/12\/2024\/09\/AMANECER-18-DE-SEPTIEMBRE-e1726645937975.jpg\" alt=\"\" width=\"1200\" height=\"636\" \/><\/a><\/p>\n<p>&nbsp;<\/p>\n<p><a href=\"https:\/\/static-blogs.diariosur.es\/wp-content\/uploads\/sites\/12\/2024\/09\/AMANECER-18-DE-SEPTIEMBRE-2-e1726645974363.jpg\"><img loading=\"lazy\" class=\"aligncenter size-full wp-image-41918\" src=\"https:\/\/static-blogs.diariosur.es\/wp-content\/uploads\/sites\/12\/2024\/09\/AMANECER-18-DE-SEPTIEMBRE-2-e1726645974363.jpg\" alt=\"\" width=\"1200\" height=\"800\" \/><\/a><\/p>\n<p>&nbsp;<\/p>\n<p><a href=\"https:\/\/static-blogs.diariosur.es\/wp-content\/uploads\/sites\/12\/2024\/09\/AMANECER-18-DE-SEPTIEMBRE-1-e1726646003608.jpg\"><img loading=\"lazy\" class=\"aligncenter size-full wp-image-41919\" src=\"https:\/\/static-blogs.diariosur.es\/wp-content\/uploads\/sites\/12\/2024\/09\/AMANECER-18-DE-SEPTIEMBRE-1-e1726646003608.jpg\" alt=\"\" width=\"1200\" height=\"739\" \/><\/a><\/p>\n<p>&nbsp;<\/p>\n<p><a href=\"https:\/\/static-blogs.diariosur.es\/wp-content\/uploads\/sites\/12\/2024\/09\/AMANECER-18-DE-SEPTIEMBRE-M\u00c1LAGA-e1726646083196.jpg\"><img loading=\"lazy\" class=\"aligncenter size-full wp-image-41920\" src=\"https:\/\/static-blogs.diariosur.es\/wp-content\/uploads\/sites\/12\/2024\/09\/AMANECER-18-DE-SEPTIEMBRE-M\u00c1LAGA-e1726646083196.jpg\" alt=\"\" width=\"1200\" height=\"800\" \/><\/a><\/p>\n","protected":false},"excerpt":{"rendered":"<p>Buenos d\u00edas, amigos de la meteo. Ma\u00f1ana si me da tiempo dar\u00e9 la previsi\u00f3n para los que si leen. Ya veremos si llueve en todos los portales esta semana. Ayer, en unos si y en otros no. &nbsp; &nbsp; &nbsp; &nbsp; &nbsp;<\/p>\n","protected":false},"author":16,"featured_media":41920,"comment_status":"open","ping_status":"open","sticky":false,"template":"","format":"standard","meta":[],"categories":[2],"tags":[358,587,800],"_links":{"self":[{"href":"https:\/\/blogs.diariosur.es\/tormentas-y-rayos\/wp-json\/wp\/v2\/posts\/41916"}],"collection":[{"href":"https:\/\/blogs.diariosur.es\/tormentas-y-rayos\/wp-json\/wp\/v2\/posts"}],"about":[{"href":"https:\/\/blogs.diariosur.es\/tormentas-y-rayos\/wp-json\/wp\/v2\/types\/post"}],"author":[{"embeddable":true,"href":"https:\/\/blogs.diariosur.es\/tormentas-y-rayos\/wp-json\/wp\/v2\/users\/16"}],"replies":[{"embeddable":true,"href":"https:\/\/blogs.diariosur.es\/tormentas-y-rayos\/wp-json\/wp\/v2\/comments?post=41916"}],"version-history":[{"count":4,"href":"https:\/\/blogs.diariosur.es\/tormentas-y-rayos\/wp-json\/wp\/v2\/posts\/41916\/revisions"}],"predecessor-version":[{"id":41924,"href":"https:\/\/blogs.diariosur.es\/tormentas-y-rayos\/wp-json\/wp\/v2\/posts\/41916\/revisions\/41924"}],"wp:featuredmedia":[{"embeddable":true,"href":"https:\/\/blogs.diariosur.es\/tormentas-y-rayos\/wp-json\/wp\/v2\/media\/41920"}],"wp:attachment":[{"href":"https:\/\/blogs.diariosur.es\/tormentas-y-rayos\/wp-json\/wp\/v2\/media?parent=41916"}],"wp:term":[{"taxonomy":"category","embeddable":true,"href":"https:\/\/blogs.diariosur.es\/tormentas-y-rayos\/wp-json\/wp\/v2\/categories?post=41916"},{"taxonomy":"post_tag","embeddable":true,"href":"https:\/\/blogs.diariosur.es\/tormentas-y-rayos\/wp-json\/wp\/v2\/tags?post=41916"}],"curies":[{"name":"wp","href":"https:\/\/api.w.org\/{rel}","templated":true}]}}