{"id":41930,"date":"2024-09-19T09:36:19","date_gmt":"2024-09-19T07:36:19","guid":{"rendered":"https:\/\/blogs.diariosur.es\/tormentas-y-rayos\/?p=41930"},"modified":"2025-11-09T10:44:48","modified_gmt":"2025-11-09T09:44:48","slug":"que-tiempo-hara-el-fin-de-semana-en-la-provincia-de-malaga-llovera-en-todos-los-portales","status":"publish","type":"post","link":"https:\/\/blogs.diariosur.es\/tormentas-y-rayos\/2024\/09\/19\/que-tiempo-hara-el-fin-de-semana-en-la-provincia-de-malaga-llovera-en-todos-los-portales\/","title":{"rendered":"\u00bfQu\u00e9 tiempo har\u00e1 el fin de semana en la provincia de M\u00e1laga? \u00bfLlover\u00e1 en todos los portales?"},"content":{"rendered":"<p><a href=\"https:\/\/static-blogs.diariosur.es\/wp-content\/uploads\/sites\/12\/2024\/05\/444912498_10228884468795449_97962860407814916_n.jpg\"><img loading=\"lazy\" class=\"aligncenter size-thumbnail wp-image-40751\" src=\"https:\/\/static-blogs.diariosur.es\/wp-content\/uploads\/sites\/12\/2024\/05\/444912498_10228884468795449_97962860407814916_n-150x150.jpg\" alt=\"\" width=\"150\" height=\"150\" \/><\/a><\/p>\n<p data-pm-slice=\"1 1 []\">Buenos d\u00edas, amigos de la meteo. La temperatura m\u00ednima hoy jueves en el Aeropuerto de M\u00e1laga ha sido de 22.7 \u00baC; los cielos est\u00e1n nubosos.<\/p>\n<p>Durante el d\u00eda de hoy jueves, hay probabilidad de chubascos en algunos puntos de la provincia, la probabilidad mayor en la zona occidental, donde pueden ir acompa\u00f1ados de fen\u00f3menos tormentosos por la tarde. Algunos portales se quedar\u00e1n secos.<\/p>\n<p>La temperatura del agua del mar ha subido; la boya de M\u00e1laga registra en estos momentos 24 \u00b0C.<\/p>\n<p>Ma\u00f1ana viernes hay probabilidad de chubascos d\u00e9biles y espor\u00e1dicos durante la madrugada y primeras horas de la ma\u00f1ana en algunos puntos de la costa, no en todos. Se mojar\u00e1n menos portales.<\/p>\n<p>El s\u00e1bado, aun con incertidumbre, hay probabilidad de chubascos ocasionales al paso de una l\u00ednea de inestabilidad. La mayor probabilidad durante la ma\u00f1ana; baja la probabilidad a partir de las siete de la tarde. Esta noche, con los modelos actualizados, sabremos en qu\u00e9 zonas pueden caer estos chubascos. Pero os adelanto que tampoco llover\u00e1 en todos los portales; no espero mucho, salvo sorpresas.<\/p>\n<p>El domingo tendremos poniente aterralado y la probabilidad muy baja de lluvias.<\/p>\n<p>&nbsp;<\/p>\n<p>&nbsp;<\/p>\n","protected":false},"excerpt":{"rendered":"<p>Buenos d\u00edas, amigos de la meteo. La temperatura m\u00ednima hoy jueves en el Aeropuerto de M\u00e1laga ha sido de 22.7 \u00baC; los cielos est\u00e1n nubosos. Durante el d\u00eda de hoy jueves, hay probabilidad de chubascos en algunos puntos de la provincia, la probabilidad mayor en la zona occidental, donde pueden ir acompa\u00f1ados de fen\u00f3menos tormentosos [&hellip;]<\/p>\n","protected":false},"author":16,"featured_media":41932,"comment_status":"open","ping_status":"open","sticky":false,"template":"","format":"standard","meta":[],"categories":[2],"tags":[1894,307,358,809],"_links":{"self":[{"href":"https:\/\/blogs.diariosur.es\/tormentas-y-rayos\/wp-json\/wp\/v2\/posts\/41930"}],"collection":[{"href":"https:\/\/blogs.diariosur.es\/tormentas-y-rayos\/wp-json\/wp\/v2\/posts"}],"about":[{"href":"https:\/\/blogs.diariosur.es\/tormentas-y-rayos\/wp-json\/wp\/v2\/types\/post"}],"author":[{"embeddable":true,"href":"https:\/\/blogs.diariosur.es\/tormentas-y-rayos\/wp-json\/wp\/v2\/users\/16"}],"replies":[{"embeddable":true,"href":"https:\/\/blogs.diariosur.es\/tormentas-y-rayos\/wp-json\/wp\/v2\/comments?post=41930"}],"version-history":[{"count":8,"href":"https:\/\/blogs.diariosur.es\/tormentas-y-rayos\/wp-json\/wp\/v2\/posts\/41930\/revisions"}],"predecessor-version":[{"id":47379,"href":"https:\/\/blogs.diariosur.es\/tormentas-y-rayos\/wp-json\/wp\/v2\/posts\/41930\/revisions\/47379"}],"wp:featuredmedia":[{"embeddable":true,"href":"https:\/\/blogs.diariosur.es\/tormentas-y-rayos\/wp-json\/wp\/v2\/media\/41932"}],"wp:attachment":[{"href":"https:\/\/blogs.diariosur.es\/tormentas-y-rayos\/wp-json\/wp\/v2\/media?parent=41930"}],"wp:term":[{"taxonomy":"category","embeddable":true,"href":"https:\/\/blogs.diariosur.es\/tormentas-y-rayos\/wp-json\/wp\/v2\/categories?post=41930"},{"taxonomy":"post_tag","embeddable":true,"href":"https:\/\/blogs.diariosur.es\/tormentas-y-rayos\/wp-json\/wp\/v2\/tags?post=41930"}],"curies":[{"name":"wp","href":"https:\/\/api.w.org\/{rel}","templated":true}]}}