{"id":41940,"date":"2024-09-20T07:54:07","date_gmt":"2024-09-20T05:54:07","guid":{"rendered":"https:\/\/blogs.diariosur.es\/tormentas-y-rayos\/?p=41940"},"modified":"2025-11-09T10:41:31","modified_gmt":"2025-11-09T09:41:31","slug":"se-podra-ir-a-la-playa-el-domingo-en-malaga-en-que-portales-llovio","status":"publish","type":"post","link":"https:\/\/blogs.diariosur.es\/tormentas-y-rayos\/2024\/09\/20\/se-podra-ir-a-la-playa-el-domingo-en-malaga-en-que-portales-llovio\/","title":{"rendered":"\u00bfSe podr\u00e1 ir a la playa el domingo en M\u00e1laga? \u00bfEn qu\u00e9 portales llovi\u00f3 ayer?"},"content":{"rendered":"<p><a href=\"https:\/\/static-blogs.diariosur.es\/wp-content\/uploads\/sites\/12\/2023\/10\/243418660_10223324765526342_8448445083528661051_n.jpg\"><img loading=\"lazy\" class=\"aligncenter size-thumbnail wp-image-38644\" src=\"https:\/\/static-blogs.diariosur.es\/wp-content\/uploads\/sites\/12\/2023\/10\/243418660_10223324765526342_8448445083528661051_n-150x150.jpg\" alt=\"\" width=\"150\" height=\"150\" \/><\/a><\/p>\n<p data-pm-slice=\"1 1 []\">Muy buenos d\u00edas, amigos de la meteo. Cuando son las siete de la ma\u00f1ana en M\u00e1laga capital, mi estaci\u00f3n registra 22,4 \u00baC, los cielos est\u00e1n nubosos y el viento sopla de sur.<\/p>\n<p>Durante la madrugada del s\u00e1bado y primeras horas de la ma\u00f1ana, se esperan chubascos en algunos puntos de la provincia de M\u00e1laga. La probabilidad bajar\u00eda a partir de primeras horas de la tarde. El domingo veremos en qu\u00e9 portales ha llovido.<\/p>\n<p>Aunque ayer no llovi\u00f3 en la mayor\u00eda de todos los portales de la provincia, en otros s\u00ed.<\/p>\n<p><strong>Ayer bloque\u00e9 en Facebook a varias personas; si me est\u00e1is leyendo, lo hice por insultos y falta de respeto a seguidores y a m\u00ed personalmente.\u00a0<\/strong><\/p>\n<p>Os paso algunos datos acumulados de la Red Hidrosur, Meteoclimatic, Wunderground y Aemet.<\/p>\n<p>Oj\u00e9n 5,8 mm<\/p>\n<p>Embalse de Casasola: 4 mm<\/p>\n<p>El Torcal 2 mm<\/p>\n<p>Santo Pitar 8,7 mm<\/p>\n<p>Canal de la Encantada 12,5 mm<\/p>\n<p>Co\u00edn 4.8 mm<\/p>\n<p>Villanueva de la Concepci\u00f3n 6,4 mm<\/p>\n<p>Casarabonela 8,7 mm<\/p>\n<p>Alhaur\u00edn el Grande: 6 mm<\/p>\n<p>Alhaur\u00edn de la Torre 1 mm<\/p>\n<p>Aeropuerto de M\u00e1laga 1,4 mm<\/p>\n<p>\u00c1lora CEIP Las Mellizas\u00a07,8 mm<\/p>\n<p>El Borge 4,9 mm<\/p>\n<p>Periana 3 mm<\/p>\n<p>Valle de Abdalaj\u00eds 2,8 mm<\/p>\n<p>Torremolinos 9,6 mm zona centro y Playamar. En la estaci\u00f3n de la Aemet cerca de Agua Park, 1,5. En tan solo 1 o 2 kil\u00f3metros esa diferencia.<\/p>\n<p>Os paso una foto de mi amigo Francis Ternero.<\/p>\n<p>&nbsp;<\/p>\n<p><a href=\"https:\/\/static-blogs.diariosur.es\/wp-content\/uploads\/sites\/12\/2024\/09\/460630681_10229934545246704_8231671262385815493_n.jpg\"><img loading=\"lazy\" class=\"aligncenter size-full wp-image-41942\" src=\"https:\/\/static-blogs.diariosur.es\/wp-content\/uploads\/sites\/12\/2024\/09\/460630681_10229934545246704_8231671262385815493_n.jpg\" alt=\"\" width=\"900\" height=\"900\" srcset=\"https:\/\/static-blogs.diariosur.es\/wp-content\/uploads\/sites\/12\/2024\/09\/460630681_10229934545246704_8231671262385815493_n.jpg 900w, https:\/\/static-blogs.diariosur.es\/wp-content\/uploads\/sites\/12\/2024\/09\/460630681_10229934545246704_8231671262385815493_n-150x150.jpg 150w, https:\/\/static-blogs.diariosur.es\/wp-content\/uploads\/sites\/12\/2024\/09\/460630681_10229934545246704_8231671262385815493_n-400x400.jpg 400w, https:\/\/static-blogs.diariosur.es\/wp-content\/uploads\/sites\/12\/2024\/09\/460630681_10229934545246704_8231671262385815493_n-768x768.jpg 768w\" sizes=\"(max-width: 900px) 100vw, 900px\" \/><\/a><\/p>\n<p>&nbsp;<\/p>\n<p data-pm-slice=\"1 1 []\">En mi portal en Ortega y Gasset tampoco ni una gota, pero tuve la suerte de estar en casa de mi hija Estefan\u00eda en la Cala del Moral, y disfrut\u00e9 de este chubasco d\u00e9bil.<\/p>\n<p>&nbsp;<\/p>\n<p><iframe loading=\"lazy\" title=\"YouTube video player\" src=\"https:\/\/www.youtube.com\/embed\/e5dA5AsRbYQ?si=jo345bEv1yJHz4r4\" width=\"560\" height=\"315\" frameborder=\"0\" allowfullscreen=\"allowfullscreen\"><\/iframe><\/p>\n<h3><span style=\"color: #0000ff;\"><strong>\u00bfSe podr\u00e1 ir a la playa el domingo?<\/strong><\/span><\/h3>\n<p data-pm-slice=\"1 1 []\">El domingo 22 de septiembre a las 14:44 horas (hora oficial peninsular), comienza el oto\u00f1o astron\u00f3mico; como me est\u00e1is preguntando por la playa, os doy la previsi\u00f3n para el domingo. Lo primero es que la probabilidad de precipitaciones en la costa es muy baja. Se espera que sople poniente aterralado; no espero rachas fuertes. La temperatura del agua del mar rondar\u00e1 los 24 \u00baC; hace unos 4 d\u00edas estaba a 19,4 \u00baC.<\/p>\n<p>Al tener poniente aterralado, las temperaturas m\u00e1ximas rondar\u00e1n en las zonas habituales entre los 27 y 29 \u00baC. En las dem\u00e1s zonas de la provincia, los 23 y 25 \u00ba.<\/p>\n<p>&nbsp;<\/p>\n<p><a href=\"https:\/\/static-blogs.diariosur.es\/wp-content\/uploads\/sites\/12\/2024\/09\/Captura-de-pantalla-2024-09-20-074427.jpg\"><img loading=\"lazy\" class=\"aligncenter size-full wp-image-41944\" src=\"https:\/\/static-blogs.diariosur.es\/wp-content\/uploads\/sites\/12\/2024\/09\/Captura-de-pantalla-2024-09-20-074427.jpg\" alt=\"\" width=\"867\" height=\"682\" srcset=\"https:\/\/static-blogs.diariosur.es\/wp-content\/uploads\/sites\/12\/2024\/09\/Captura-de-pantalla-2024-09-20-074427.jpg 867w, https:\/\/static-blogs.diariosur.es\/wp-content\/uploads\/sites\/12\/2024\/09\/Captura-de-pantalla-2024-09-20-074427-509x400.jpg 509w, https:\/\/static-blogs.diariosur.es\/wp-content\/uploads\/sites\/12\/2024\/09\/Captura-de-pantalla-2024-09-20-074427-768x604.jpg 768w\" sizes=\"(max-width: 867px) 100vw, 867px\" \/><\/a><\/p>\n<p>&nbsp;<\/p>\n<p>Hasta ma\u00f1ana<\/p>\n","protected":false},"excerpt":{"rendered":"<p>Muy buenos d\u00edas, amigos de la meteo. Cuando son las siete de la ma\u00f1ana en M\u00e1laga capital, mi estaci\u00f3n registra 22,4 \u00baC, los cielos est\u00e1n nubosos y el viento sopla de sur. Durante la madrugada del s\u00e1bado y primeras horas de la ma\u00f1ana, se esperan chubascos en algunos puntos de la provincia de M\u00e1laga. La [&hellip;]<\/p>\n","protected":false},"author":16,"featured_media":41942,"comment_status":"open","ping_status":"open","sticky":false,"template":"","format":"standard","meta":[],"categories":[2],"tags":[100,307,358,587,800,975],"_links":{"self":[{"href":"https:\/\/blogs.diariosur.es\/tormentas-y-rayos\/wp-json\/wp\/v2\/posts\/41940"}],"collection":[{"href":"https:\/\/blogs.diariosur.es\/tormentas-y-rayos\/wp-json\/wp\/v2\/posts"}],"about":[{"href":"https:\/\/blogs.diariosur.es\/tormentas-y-rayos\/wp-json\/wp\/v2\/types\/post"}],"author":[{"embeddable":true,"href":"https:\/\/blogs.diariosur.es\/tormentas-y-rayos\/wp-json\/wp\/v2\/users\/16"}],"replies":[{"embeddable":true,"href":"https:\/\/blogs.diariosur.es\/tormentas-y-rayos\/wp-json\/wp\/v2\/comments?post=41940"}],"version-history":[{"count":6,"href":"https:\/\/blogs.diariosur.es\/tormentas-y-rayos\/wp-json\/wp\/v2\/posts\/41940\/revisions"}],"predecessor-version":[{"id":47376,"href":"https:\/\/blogs.diariosur.es\/tormentas-y-rayos\/wp-json\/wp\/v2\/posts\/41940\/revisions\/47376"}],"wp:featuredmedia":[{"embeddable":true,"href":"https:\/\/blogs.diariosur.es\/tormentas-y-rayos\/wp-json\/wp\/v2\/media\/41942"}],"wp:attachment":[{"href":"https:\/\/blogs.diariosur.es\/tormentas-y-rayos\/wp-json\/wp\/v2\/media?parent=41940"}],"wp:term":[{"taxonomy":"category","embeddable":true,"href":"https:\/\/blogs.diariosur.es\/tormentas-y-rayos\/wp-json\/wp\/v2\/categories?post=41940"},{"taxonomy":"post_tag","embeddable":true,"href":"https:\/\/blogs.diariosur.es\/tormentas-y-rayos\/wp-json\/wp\/v2\/tags?post=41940"}],"curies":[{"name":"wp","href":"https:\/\/api.w.org\/{rel}","templated":true}]}}