{"id":41950,"date":"2024-09-20T12:48:32","date_gmt":"2024-09-20T10:48:32","guid":{"rendered":"https:\/\/blogs.diariosur.es\/tormentas-y-rayos\/?p=41950"},"modified":"2024-09-21T08:42:36","modified_gmt":"2024-09-21T06:42:36","slug":"la-aemet-activa-el-aviso-amarillo-por-lluvias-y-tormentas-en-sol-guadalhorce-y-axarquia-para-manana-sabado","status":"publish","type":"post","link":"https:\/\/blogs.diariosur.es\/tormentas-y-rayos\/2024\/09\/20\/la-aemet-activa-el-aviso-amarillo-por-lluvias-y-tormentas-en-sol-guadalhorce-y-axarquia-para-manana-sabado\/","title":{"rendered":"La aemet activa el aviso amarillo por lluvias y tormentas en Sol, Guadalhorce y Axarqu\u00eda para ma\u00f1ana s\u00e1bado"},"content":{"rendered":"<p><a href=\"https:\/\/static-blogs.diariosur.es\/wp-content\/uploads\/sites\/12\/2024\/05\/444912498_10228884468795449_97962860407814916_n.jpg\"><img loading=\"lazy\" class=\"aligncenter size-thumbnail wp-image-40751\" src=\"https:\/\/static-blogs.diariosur.es\/wp-content\/uploads\/sites\/12\/2024\/05\/444912498_10228884468795449_97962860407814916_n-150x150.jpg\" alt=\"\" width=\"150\" height=\"150\" \/><\/a><\/p>\n<p>Buenas tardes, amigos de la meteo. Como tengo que informar, la aemet activa el aviso amarillo por lluvias y tormentas en Sol, Guadalhorce y Axarqu\u00eda.<\/p>\n<p>Precipitaci\u00f3n acumulada en una hora: 15 mm. El aviso comienza a las 00:00 horas de la madrugada del s\u00e1bado y termina a las nueve de la ma\u00f1ana. Probabilidad del 10 al 40 %<\/p>\n<p>Ya veremos si su cumple o no. Recordar que un aviso amarillo no entra\u00f1a peligro. No se si llover\u00e1 en todos los portales.<\/p>\n","protected":false},"excerpt":{"rendered":"<p>Buenas tardes, amigos de la meteo. Como tengo que informar, la aemet activa el aviso amarillo por lluvias y tormentas en Sol, Guadalhorce y Axarqu\u00eda. Precipitaci\u00f3n acumulada en una hora: 15 mm. El aviso comienza a las 00:00 horas de la madrugada del s\u00e1bado y termina a las nueve de la ma\u00f1ana. Probabilidad del 10 [&hellip;]<\/p>\n","protected":false},"author":16,"featured_media":41951,"comment_status":"open","ping_status":"open","sticky":false,"template":"","format":"standard","meta":[],"categories":[2],"tags":[93,1894,151,567],"_links":{"self":[{"href":"https:\/\/blogs.diariosur.es\/tormentas-y-rayos\/wp-json\/wp\/v2\/posts\/41950"}],"collection":[{"href":"https:\/\/blogs.diariosur.es\/tormentas-y-rayos\/wp-json\/wp\/v2\/posts"}],"about":[{"href":"https:\/\/blogs.diariosur.es\/tormentas-y-rayos\/wp-json\/wp\/v2\/types\/post"}],"author":[{"embeddable":true,"href":"https:\/\/blogs.diariosur.es\/tormentas-y-rayos\/wp-json\/wp\/v2\/users\/16"}],"replies":[{"embeddable":true,"href":"https:\/\/blogs.diariosur.es\/tormentas-y-rayos\/wp-json\/wp\/v2\/comments?post=41950"}],"version-history":[{"count":2,"href":"https:\/\/blogs.diariosur.es\/tormentas-y-rayos\/wp-json\/wp\/v2\/posts\/41950\/revisions"}],"predecessor-version":[{"id":41963,"href":"https:\/\/blogs.diariosur.es\/tormentas-y-rayos\/wp-json\/wp\/v2\/posts\/41950\/revisions\/41963"}],"wp:featuredmedia":[{"embeddable":true,"href":"https:\/\/blogs.diariosur.es\/tormentas-y-rayos\/wp-json\/wp\/v2\/media\/41951"}],"wp:attachment":[{"href":"https:\/\/blogs.diariosur.es\/tormentas-y-rayos\/wp-json\/wp\/v2\/media?parent=41950"}],"wp:term":[{"taxonomy":"category","embeddable":true,"href":"https:\/\/blogs.diariosur.es\/tormentas-y-rayos\/wp-json\/wp\/v2\/categories?post=41950"},{"taxonomy":"post_tag","embeddable":true,"href":"https:\/\/blogs.diariosur.es\/tormentas-y-rayos\/wp-json\/wp\/v2\/tags?post=41950"}],"curies":[{"name":"wp","href":"https:\/\/api.w.org\/{rel}","templated":true}]}}