{"id":41954,"date":"2024-09-21T07:55:26","date_gmt":"2024-09-21T05:55:26","guid":{"rendered":"https:\/\/blogs.diariosur.es\/tormentas-y-rayos\/?p=41954"},"modified":"2025-11-09T10:37:56","modified_gmt":"2025-11-09T09:37:56","slug":"la-linea-de-inestabilidad-afecta-solo-un-poco-a-la-zona-mas-oriental-de-la-provincia-malaguena","status":"publish","type":"post","link":"https:\/\/blogs.diariosur.es\/tormentas-y-rayos\/2024\/09\/21\/la-linea-de-inestabilidad-afecta-solo-un-poco-a-la-zona-mas-oriental-de-la-provincia-malaguena\/","title":{"rendered":"La l\u00ednea de inestabilidad afecta solo un poco a la zona m\u00e1s oriental de la provincia malague\u00f1a."},"content":{"rendered":"<p><a href=\"https:\/\/static-blogs.diariosur.es\/wp-content\/uploads\/sites\/12\/2023\/09\/375323357_10227521084351690_5428862938073510864_n.jpg\"><img loading=\"lazy\" class=\"aligncenter size-thumbnail wp-image-38274\" src=\"https:\/\/static-blogs.diariosur.es\/wp-content\/uploads\/sites\/12\/2023\/09\/375323357_10227521084351690_5428862938073510864_n-150x150.jpg\" alt=\"\" width=\"150\" height=\"150\" \/><\/a><\/p>\n<p>&nbsp;<\/p>\n<p data-pm-slice=\"1 1 []\">Buenos d\u00edas, amigos de la meteo. La l\u00ednea de inestabilidad solo ha dejado alg\u00fan chubasco muy d\u00e9bil y espor\u00e1dico en la zona m\u00e1s oriental de la provincia malague\u00f1a esta pasada madrugada. La provincia de Almer\u00eda ha sido la m\u00e1s beneficiada con estos chubascos tormentosos; los acumulados han rondado entre los 6 y 14 mm.<\/p>\n<p>Frente a la costa de M\u00e1laga hemos tenido un bonito espect\u00e1culo de rayos. Os paso el mapa.<\/p>\n<p>&nbsp;<\/p>\n<p>&nbsp;<\/p>\n<p><a href=\"https:\/\/static-blogs.diariosur.es\/wp-content\/uploads\/sites\/12\/2024\/09\/Captura-de-pantalla-2024-09-21-073612.jpg\"><img loading=\"lazy\" class=\"aligncenter size-full wp-image-41957\" src=\"https:\/\/static-blogs.diariosur.es\/wp-content\/uploads\/sites\/12\/2024\/09\/Captura-de-pantalla-2024-09-21-073612.jpg\" alt=\"\" width=\"941\" height=\"806\" srcset=\"https:\/\/static-blogs.diariosur.es\/wp-content\/uploads\/sites\/12\/2024\/09\/Captura-de-pantalla-2024-09-21-073612.jpg 941w, https:\/\/static-blogs.diariosur.es\/wp-content\/uploads\/sites\/12\/2024\/09\/Captura-de-pantalla-2024-09-21-073612-467x400.jpg 467w, https:\/\/static-blogs.diariosur.es\/wp-content\/uploads\/sites\/12\/2024\/09\/Captura-de-pantalla-2024-09-21-073612-768x658.jpg 768w\" sizes=\"(max-width: 941px) 100vw, 941px\" \/><\/a><\/p>\n<p data-pm-slice=\"1 1 []\">Os vuelvo a poner lo que significa un aviso amarillo:\u00a0 No existe riesgo meteorol\u00f3gico para la poblaci\u00f3n en general, aunque s\u00ed para alguna actividad concreta. La esperada l\u00ednea de inestabilidad no se ha reactivado como se esperaba; el poner el aviso es por precauci\u00f3n. Si no lo ponen y llueve, hay cr\u00edticas, y si lo ponen y no llueve, tambi\u00e9n hay cr\u00edticas.<\/p>\n<p>Os paso algunos acumulados; ha sido en Nerja donde se ha registrado m\u00e1s precipitaci\u00f3n, con 7,4 mm.<\/p>\n<p>Fuentes: Red Hidrosur, Meteoclimatic y Wunderground.<\/p>\n<p>Embalse de la Vi\u00f1uela 0,7 mm<\/p>\n<p>Alfarnatejo\u00a01,5 mm<\/p>\n<p>Alcauc\u00edn\u00a01,2 mm<\/p>\n<p>Torrox\u00a03,1 mm<\/p>\n<p>Santo Pitar 0,5 mm<\/p>\n<p>R\u00edo Benamargosa: 1,3 mm<\/p>\n<p>C\u00f3mpeta\u00a03,3 mm<\/p>\n<p>Periana 5,3 mm<\/p>\n<p><strong>Nerja 7,4 mm<\/strong><\/p>\n<p>El Borge 1,1 mm<\/p>\n<p>Almachar 2,1 mm<\/p>\n<p>V\u00e9lez M\u00e1laga\u00a01,2 mm<\/p>\n<p>Reedito con los \u00faltimos chubascos.<\/p>\n<p>Mijas Pueblo\u00a06.6 mm<\/p>\n<p>Centro Meteorol\u00f3gico de M\u00e1laga 1,6 mm<\/p>\n<p>Co\u00edn 1 mm<\/p>\n<p>Alhaur\u00edn el Grande: 0,8 mm<\/p>\n<p>Alhaur\u00edn de la Torre 3 mm<\/p>\n<p>La probabilidad que ayer daba la AEMET era del 10 al 40 %.<\/p>\n<p>&nbsp;<\/p>\n<p>&nbsp;<\/p>\n<p><a href=\"https:\/\/static-blogs.diariosur.es\/wp-content\/uploads\/sites\/12\/2024\/09\/Captura-de-pantalla-2024-09-21-083346-e1726900786332.jpg\"><img loading=\"lazy\" class=\"aligncenter size-full wp-image-41960\" src=\"https:\/\/static-blogs.diariosur.es\/wp-content\/uploads\/sites\/12\/2024\/09\/Captura-de-pantalla-2024-09-21-083346-e1726900786332.jpg\" alt=\"\" width=\"1200\" height=\"367\" \/><\/a><\/p>\n<p>&nbsp;<\/p>\n<p>Os dejo con esta bonita foto de mi amigo Francisco Javier Gonz\u00e1lez<\/p>\n<p>&nbsp;<\/p>\n<p><a href=\"https:\/\/static-blogs.diariosur.es\/wp-content\/uploads\/sites\/12\/2024\/09\/460866594_10229951354546926_8031630808537958084_n.jpg\"><img loading=\"lazy\" class=\"aligncenter size-full wp-image-41958\" src=\"https:\/\/static-blogs.diariosur.es\/wp-content\/uploads\/sites\/12\/2024\/09\/460866594_10229951354546926_8031630808537958084_n.jpg\" alt=\"\" width=\"900\" height=\"438\" srcset=\"https:\/\/static-blogs.diariosur.es\/wp-content\/uploads\/sites\/12\/2024\/09\/460866594_10229951354546926_8031630808537958084_n.jpg 900w, https:\/\/static-blogs.diariosur.es\/wp-content\/uploads\/sites\/12\/2024\/09\/460866594_10229951354546926_8031630808537958084_n-640x311.jpg 640w, https:\/\/static-blogs.diariosur.es\/wp-content\/uploads\/sites\/12\/2024\/09\/460866594_10229951354546926_8031630808537958084_n-768x374.jpg 768w\" sizes=\"(max-width: 900px) 100vw, 900px\" \/><\/a><\/p>\n<p>&nbsp;<\/p>\n","protected":false},"excerpt":{"rendered":"<p>&nbsp; Buenos d\u00edas, amigos de la meteo. La l\u00ednea de inestabilidad solo ha dejado alg\u00fan chubasco muy d\u00e9bil y espor\u00e1dico en la zona m\u00e1s oriental de la provincia malague\u00f1a esta pasada madrugada. La provincia de Almer\u00eda ha sido la m\u00e1s beneficiada con estos chubascos tormentosos; los acumulados han rondado entre los 6 y 14 mm. [&hellip;]<\/p>\n","protected":false},"author":16,"featured_media":41958,"comment_status":"open","ping_status":"open","sticky":false,"template":"","format":"standard","meta":[],"categories":[2],"tags":[46,94,151,358,587,996],"_links":{"self":[{"href":"https:\/\/blogs.diariosur.es\/tormentas-y-rayos\/wp-json\/wp\/v2\/posts\/41954"}],"collection":[{"href":"https:\/\/blogs.diariosur.es\/tormentas-y-rayos\/wp-json\/wp\/v2\/posts"}],"about":[{"href":"https:\/\/blogs.diariosur.es\/tormentas-y-rayos\/wp-json\/wp\/v2\/types\/post"}],"author":[{"embeddable":true,"href":"https:\/\/blogs.diariosur.es\/tormentas-y-rayos\/wp-json\/wp\/v2\/users\/16"}],"replies":[{"embeddable":true,"href":"https:\/\/blogs.diariosur.es\/tormentas-y-rayos\/wp-json\/wp\/v2\/comments?post=41954"}],"version-history":[{"count":8,"href":"https:\/\/blogs.diariosur.es\/tormentas-y-rayos\/wp-json\/wp\/v2\/posts\/41954\/revisions"}],"predecessor-version":[{"id":47374,"href":"https:\/\/blogs.diariosur.es\/tormentas-y-rayos\/wp-json\/wp\/v2\/posts\/41954\/revisions\/47374"}],"wp:featuredmedia":[{"embeddable":true,"href":"https:\/\/blogs.diariosur.es\/tormentas-y-rayos\/wp-json\/wp\/v2\/media\/41958"}],"wp:attachment":[{"href":"https:\/\/blogs.diariosur.es\/tormentas-y-rayos\/wp-json\/wp\/v2\/media?parent=41954"}],"wp:term":[{"taxonomy":"category","embeddable":true,"href":"https:\/\/blogs.diariosur.es\/tormentas-y-rayos\/wp-json\/wp\/v2\/categories?post=41954"},{"taxonomy":"post_tag","embeddable":true,"href":"https:\/\/blogs.diariosur.es\/tormentas-y-rayos\/wp-json\/wp\/v2\/tags?post=41954"}],"curies":[{"name":"wp","href":"https:\/\/api.w.org\/{rel}","templated":true}]}}