{"id":41967,"date":"2024-09-22T08:32:14","date_gmt":"2024-09-22T06:32:14","guid":{"rendered":"https:\/\/blogs.diariosur.es\/tormentas-y-rayos\/?p=41967"},"modified":"2025-11-09T10:34:24","modified_gmt":"2025-11-09T09:34:24","slug":"cuantos-dias-de-terral-de-otono-tendremos-la-semana-entrante-en-la-provincia-de-malaga-veranillo-de-san-miguel","status":"publish","type":"post","link":"https:\/\/blogs.diariosur.es\/tormentas-y-rayos\/2024\/09\/22\/cuantos-dias-de-terral-de-otono-tendremos-la-semana-entrante-en-la-provincia-de-malaga-veranillo-de-san-miguel\/","title":{"rendered":"\u00bfCu\u00e1ntos d\u00edas de terral de oto\u00f1o tendremos la semana entrante en la provincia de M\u00e1laga? Veranillo de San Miguel"},"content":{"rendered":"<p><a href=\"https:\/\/static-blogs.diariosur.es\/wp-content\/uploads\/sites\/12\/2023\/09\/375323357_10227521084351690_5428862938073510864_n.jpg\"><img loading=\"lazy\" class=\"aligncenter size-thumbnail wp-image-38274\" src=\"https:\/\/static-blogs.diariosur.es\/wp-content\/uploads\/sites\/12\/2023\/09\/375323357_10227521084351690_5428862938073510864_n-150x150.jpg\" alt=\"\" width=\"150\" height=\"150\" \/><\/a><\/p>\n<p data-pm-slice=\"1 1 []\">Buenos d\u00edas, amigos de la meteo. Cuando son las ocho de la ma\u00f1ana en M\u00e1laga capital, la estaci\u00f3n de la Aemet del Aeropuerto ha registrado una m\u00ednima de 18,8 \u00baC; destacar Archidona Huertas del R\u00edo con 11,6 \u00baC, Ronda 12,5 y Antequera 13,2 \u00baC.<\/p>\n<p>Hoy domingo\u00a022 de septiembre a las 14:44 horas\u00a0comienza el oto\u00f1o astron\u00f3mico; como muchos sab\u00e9is, el meteorol\u00f3gico comenz\u00f3 el 1 de septiembre.<\/p>\n<p>A partir de ma\u00f1ana tendremos una circulaci\u00f3n zonal de vientos de poniente en la mayor parte de la pen\u00ednsula; esto traer\u00e1 consigo que en la provincia de M\u00e1laga tengamos terral de oto\u00f1o en las zonas habituales.<\/p>\n<h3><span style=\"color: #ff0000;\"><strong>Todos nos preguntamos\u00a0\u00bfCu\u00e1ntos d\u00edas de terral de oto\u00f1o tendremos la semana entrante en la provincia de M\u00e1laga?<\/strong><\/span><\/h3>\n<p data-pm-slice=\"1 1 []\">Os doy una buena noticia: no tendremos temperaturas m\u00e1ximas muy altas y, adem\u00e1s, estas temperaturas ir\u00e1n acompa\u00f1adas de una humedad baja. Las temperaturas m\u00e1ximas, en las zonas habituales donde el poniente entre de tierra, rondar\u00e1n entre los 28 \u00baC y 32 \u00baC; los d\u00edas con temperaturas m\u00e1s altas ser\u00e1n el mi\u00e9rcoles y jueves. El terral durar\u00e1 4 d\u00edas. La buena noticia es que las temperaturas m\u00ednimas no ser\u00e1n muy altas, como podr\u00e9is ver en los mapas que os pongo al final del post. Durante estos d\u00edas, las rachas de viento ser\u00e1n moderadas con algunos intervalos fuertes.<\/p>\n<p><strong>Acordaos de que en agosto con levante hemos tenido hasta 32 \u00baC y una humedad del 80%.<\/strong><\/p>\n<p>En cuanto a las lluvias deseadas, salvo sorpresas, no creo que las tengamos este mes.<\/p>\n<p>Os dejo con las temperaturas m\u00e1ximas y m\u00ednimas que prev\u00e9 la Aemet del lunes al jueves en la provincia de M\u00e1laga. En las dem\u00e1s zonas de la provincia donde no entre terral, las temperaturas m\u00e1ximas estar\u00e1n por encima de la media.<\/p>\n<p>&nbsp;<\/p>\n<p><strong>LUNES<\/strong><\/p>\n<p>&nbsp;<\/p>\n<p><a href=\"https:\/\/static-blogs.diariosur.es\/wp-content\/uploads\/sites\/12\/2024\/09\/lunes.jpg\"><img loading=\"lazy\" class=\"aligncenter size-full wp-image-41968\" src=\"https:\/\/static-blogs.diariosur.es\/wp-content\/uploads\/sites\/12\/2024\/09\/lunes.jpg\" alt=\"\" width=\"872\" height=\"686\" srcset=\"https:\/\/static-blogs.diariosur.es\/wp-content\/uploads\/sites\/12\/2024\/09\/lunes.jpg 872w, https:\/\/static-blogs.diariosur.es\/wp-content\/uploads\/sites\/12\/2024\/09\/lunes-508x400.jpg 508w, https:\/\/static-blogs.diariosur.es\/wp-content\/uploads\/sites\/12\/2024\/09\/lunes-768x604.jpg 768w\" sizes=\"(max-width: 872px) 100vw, 872px\" \/><\/a><\/p>\n<p>&nbsp;<\/p>\n<p><strong>MARTES<\/strong><\/p>\n<p>&nbsp;<\/p>\n<p><a href=\"https:\/\/static-blogs.diariosur.es\/wp-content\/uploads\/sites\/12\/2024\/09\/martes.jpg\"><img loading=\"lazy\" class=\"aligncenter size-full wp-image-41969\" src=\"https:\/\/static-blogs.diariosur.es\/wp-content\/uploads\/sites\/12\/2024\/09\/martes.jpg\" alt=\"\" width=\"868\" height=\"687\" srcset=\"https:\/\/static-blogs.diariosur.es\/wp-content\/uploads\/sites\/12\/2024\/09\/martes.jpg 868w, https:\/\/static-blogs.diariosur.es\/wp-content\/uploads\/sites\/12\/2024\/09\/martes-505x400.jpg 505w, https:\/\/static-blogs.diariosur.es\/wp-content\/uploads\/sites\/12\/2024\/09\/martes-768x608.jpg 768w\" sizes=\"(max-width: 868px) 100vw, 868px\" \/><\/a><\/p>\n<p>&nbsp;<\/p>\n<p><strong>MI\u00c9RCOLES<\/strong><\/p>\n<p>&nbsp;<\/p>\n<p><a href=\"https:\/\/static-blogs.diariosur.es\/wp-content\/uploads\/sites\/12\/2024\/09\/mierco.jpg\"><img loading=\"lazy\" class=\"aligncenter size-full wp-image-41971\" src=\"https:\/\/static-blogs.diariosur.es\/wp-content\/uploads\/sites\/12\/2024\/09\/mierco.jpg\" alt=\"\" width=\"867\" height=\"681\" srcset=\"https:\/\/static-blogs.diariosur.es\/wp-content\/uploads\/sites\/12\/2024\/09\/mierco.jpg 867w, https:\/\/static-blogs.diariosur.es\/wp-content\/uploads\/sites\/12\/2024\/09\/mierco-509x400.jpg 509w, https:\/\/static-blogs.diariosur.es\/wp-content\/uploads\/sites\/12\/2024\/09\/mierco-768x603.jpg 768w\" sizes=\"(max-width: 867px) 100vw, 867px\" \/><\/a><\/p>\n<p>&nbsp;<\/p>\n<p><strong>JUEVES<\/strong><\/p>\n<p>&nbsp;<\/p>\n<p><a href=\"https:\/\/static-blogs.diariosur.es\/wp-content\/uploads\/sites\/12\/2024\/09\/jueves.jpg\"><img loading=\"lazy\" class=\"aligncenter size-full wp-image-41972\" src=\"https:\/\/static-blogs.diariosur.es\/wp-content\/uploads\/sites\/12\/2024\/09\/jueves.jpg\" alt=\"\" width=\"866\" height=\"686\" srcset=\"https:\/\/static-blogs.diariosur.es\/wp-content\/uploads\/sites\/12\/2024\/09\/jueves.jpg 866w, https:\/\/static-blogs.diariosur.es\/wp-content\/uploads\/sites\/12\/2024\/09\/jueves-505x400.jpg 505w, https:\/\/static-blogs.diariosur.es\/wp-content\/uploads\/sites\/12\/2024\/09\/jueves-768x608.jpg 768w\" sizes=\"(max-width: 866px) 100vw, 866px\" \/><\/a><\/p>\n<p>&nbsp;<\/p>\n<p>Os dejo con este fot\u00f3n de mi amigo Manuel Rueda.<\/p>\n<p>&nbsp;<\/p>\n<p><a href=\"https:\/\/static-blogs.diariosur.es\/wp-content\/uploads\/sites\/12\/2024\/09\/461037661_10229962992197860_3967561753357309715_n.jpg\"><img loading=\"lazy\" class=\"aligncenter size-full wp-image-41973\" src=\"https:\/\/static-blogs.diariosur.es\/wp-content\/uploads\/sites\/12\/2024\/09\/461037661_10229962992197860_3967561753357309715_n.jpg\" alt=\"\" width=\"800\" height=\"534\" srcset=\"https:\/\/static-blogs.diariosur.es\/wp-content\/uploads\/sites\/12\/2024\/09\/461037661_10229962992197860_3967561753357309715_n.jpg 800w, https:\/\/static-blogs.diariosur.es\/wp-content\/uploads\/sites\/12\/2024\/09\/461037661_10229962992197860_3967561753357309715_n-599x400.jpg 599w, https:\/\/static-blogs.diariosur.es\/wp-content\/uploads\/sites\/12\/2024\/09\/461037661_10229962992197860_3967561753357309715_n-768x513.jpg 768w\" sizes=\"(max-width: 800px) 100vw, 800px\" \/><\/a><\/p>\n","protected":false},"excerpt":{"rendered":"<p>Buenos d\u00edas, amigos de la meteo. Cuando son las ocho de la ma\u00f1ana en M\u00e1laga capital, la estaci\u00f3n de la Aemet del Aeropuerto ha registrado una m\u00ednima de 18,8 \u00baC; destacar Archidona Huertas del R\u00edo con 11,6 \u00baC, Ronda 12,5 y Antequera 13,2 \u00baC. Hoy domingo\u00a022 de septiembre a las 14:44 horas\u00a0comienza el oto\u00f1o astron\u00f3mico; [&hellip;]<\/p>\n","protected":false},"author":16,"featured_media":41973,"comment_status":"open","ping_status":"open","sticky":false,"template":"","format":"standard","meta":[],"categories":[2],"tags":[358,587,800,975],"_links":{"self":[{"href":"https:\/\/blogs.diariosur.es\/tormentas-y-rayos\/wp-json\/wp\/v2\/posts\/41967"}],"collection":[{"href":"https:\/\/blogs.diariosur.es\/tormentas-y-rayos\/wp-json\/wp\/v2\/posts"}],"about":[{"href":"https:\/\/blogs.diariosur.es\/tormentas-y-rayos\/wp-json\/wp\/v2\/types\/post"}],"author":[{"embeddable":true,"href":"https:\/\/blogs.diariosur.es\/tormentas-y-rayos\/wp-json\/wp\/v2\/users\/16"}],"replies":[{"embeddable":true,"href":"https:\/\/blogs.diariosur.es\/tormentas-y-rayos\/wp-json\/wp\/v2\/comments?post=41967"}],"version-history":[{"count":6,"href":"https:\/\/blogs.diariosur.es\/tormentas-y-rayos\/wp-json\/wp\/v2\/posts\/41967\/revisions"}],"predecessor-version":[{"id":47373,"href":"https:\/\/blogs.diariosur.es\/tormentas-y-rayos\/wp-json\/wp\/v2\/posts\/41967\/revisions\/47373"}],"wp:featuredmedia":[{"embeddable":true,"href":"https:\/\/blogs.diariosur.es\/tormentas-y-rayos\/wp-json\/wp\/v2\/media\/41973"}],"wp:attachment":[{"href":"https:\/\/blogs.diariosur.es\/tormentas-y-rayos\/wp-json\/wp\/v2\/media?parent=41967"}],"wp:term":[{"taxonomy":"category","embeddable":true,"href":"https:\/\/blogs.diariosur.es\/tormentas-y-rayos\/wp-json\/wp\/v2\/categories?post=41967"},{"taxonomy":"post_tag","embeddable":true,"href":"https:\/\/blogs.diariosur.es\/tormentas-y-rayos\/wp-json\/wp\/v2\/tags?post=41967"}],"curies":[{"name":"wp","href":"https:\/\/api.w.org\/{rel}","templated":true}]}}