{"id":41978,"date":"2024-09-24T08:50:12","date_gmt":"2024-09-24T06:50:12","guid":{"rendered":"https:\/\/blogs.diariosur.es\/tormentas-y-rayos\/?p=41978"},"modified":"2025-11-09T10:32:13","modified_gmt":"2025-11-09T09:32:13","slug":"se-cumplen-117-anos-de-la-ria-de-malaga-relato-de-mi-amigo-cristobal-gambero","status":"publish","type":"post","link":"https:\/\/blogs.diariosur.es\/tormentas-y-rayos\/2024\/09\/24\/se-cumplen-117-anos-de-la-ria-de-malaga-relato-de-mi-amigo-cristobal-gambero\/","title":{"rendered":"Se cumplen 117 a\u00f1os de la Ri\u00e1 de M\u00e1laga. Relato de mi amigo Crist\u00f3bal Gambero"},"content":{"rendered":"<p><a href=\"https:\/\/static-blogs.diariosur.es\/wp-content\/uploads\/sites\/12\/2024\/05\/444912498_10228884468795449_97962860407814916_n.jpg\"><img loading=\"lazy\" class=\"aligncenter size-thumbnail wp-image-40751\" src=\"https:\/\/static-blogs.diariosur.es\/wp-content\/uploads\/sites\/12\/2024\/05\/444912498_10228884468795449_97962860407814916_n-150x150.jpg\" alt=\"\" width=\"150\" height=\"150\" \/><\/a><\/p>\n<p data-pm-slice=\"1 1 []\">Buenos d\u00edas, amigos de la meteo. Cuando son las seis y media de la ma\u00f1ana en M\u00e1laga capital, el Centro Meteorol\u00f3gico de la AEMET registra 20.2 \u00baC, los cielos est\u00e1n despejados y el viento sopla flojo de terral de oto\u00f1o. La m\u00e1xima en M\u00e1laga capital se registr\u00f3 ayer en el Centro Meteorol\u00f3gico con 31,2 \u00baC y la m\u00ednima con 20,1 \u00baC. Hasta el jueves tendremos terral; es probable que durante la madrugada del viernes caigan algunas gotas en la zona m\u00e1s occidental de la provincia malague\u00f1a; esto se deber\u00e1 al paso de un frente fr\u00edo muy poco activo. A partir de ma\u00f1ana y el jueves se activan avisos naranjas por lluvias en Galicia.<\/p>\n<p>Hoy se cumplen 117 a\u00f1os de la gran riada de M\u00e1laga. Una gran tormenta est\u00e1tica empez\u00f3 a descargar en la cuenca del r\u00edo Guadalmedina y tambi\u00e9n en su nacimiento a \u00faltima hora de la noche del 23 y primeras horas de la madrugada del 24; curiosamente, en M\u00e1laga capital no llov\u00eda. Comentaban los malague\u00f1os que los rel\u00e1mpagos se ve\u00edan desde M\u00e1laga Capital e incluso se escuchaban los truenos. No hay registros de precipitaci\u00f3n, pero ante la magnitud de la crecida del r\u00edo Guadalmedina, tuvo que caer muchos litros y adem\u00e1s en poco tiempo. Algunos estudios comentan que sobre los 300 mm y 400 mm. No tengo muy claro el porqu\u00e9 de estas inundaciones, pero mirando mapas elaborados para esa fecha, he visto que el d\u00eda anterior hab\u00eda una dana cerca del Golfo de C\u00e1diz. Lo m\u00e1s seguro es que la dana, al reintegrarse a la circulaci\u00f3n general, propici\u00f3 la formaci\u00f3n de esta tormenta est\u00e1tica. Os paso el mapa a 500 hPa. Fuente: Meteociel, europeo<\/p>\n<p>&nbsp;<\/p>\n<p><a href=\"https:\/\/static-blogs.diariosur.es\/wp-content\/uploads\/sites\/12\/2022\/09\/archives-1907-9-23-0-0.png\"><img loading=\"lazy\" class=\"aligncenter size-full wp-image-34558\" src=\"https:\/\/static-blogs.diariosur.es\/wp-content\/uploads\/sites\/12\/2022\/09\/archives-1907-9-23-0-0.png\" alt=\"\" width=\"768\" height=\"512\" srcset=\"https:\/\/static-blogs.diariosur.es\/wp-content\/uploads\/sites\/12\/2022\/09\/archives-1907-9-23-0-0.png 768w, https:\/\/static-blogs.diariosur.es\/wp-content\/uploads\/sites\/12\/2022\/09\/archives-1907-9-23-0-0-600x400.png 600w\" sizes=\"(max-width: 768px) 100vw, 768px\" \/><\/a><\/p>\n<p>&nbsp;<\/p>\n<p data-pm-slice=\"1 1 []\">Os dejo con el relato de mi amigo Crist\u00f3bal Gambero; como muchos sab\u00e9is, es cazatormentas y le encanta la meteorolog\u00eda.<\/p>\n<p>&nbsp;<\/p>\n<p>Hace un par de d\u00edas visit\u00e9 la Iglesia de San Juan, en pleno centro hist\u00f3rico de M\u00e1laga, y me encontr\u00e9 en la puerta de salida con una placa en la cual dec\u00eda:<\/p>\n<p><strong>\u201c24 DE SEPTIEMBRE 1907 TERRIBLE INUNDACI\u00d3N EN ESTA CIUDAD, ALCANZANDO LAS AGUAS EN ESTA IGLESIA LA ALTURA MARCADA EN LA FRANJA DORADA DE ESTA LOSA\u201d.<\/strong><\/p>\n<p>&nbsp;<\/p>\n<div class=\"o9v6fnle cxmmr5t8 oygrvhab hcukyx3x c1et5uql ii04i59q\">\n<div dir=\"auto\"><\/div>\n<\/div>\n<div dir=\"auto\"><\/div>\n<div dir=\"auto\"><\/div>\n<div dir=\"auto\"><a href=\"https:\/\/static-blogs.diariosur.es\/wp-content\/uploads\/sites\/12\/2020\/09\/120060835_3273726789342959_1719625846084533202_n.jpg\"><img loading=\"lazy\" class=\"aligncenter size-full wp-image-28165\" src=\"https:\/\/static-blogs.diariosur.es\/wp-content\/uploads\/sites\/12\/2020\/09\/120060835_3273726789342959_1719625846084533202_n.jpg\" alt=\"\" width=\"960\" height=\"720\" srcset=\"https:\/\/static-blogs.diariosur.es\/wp-content\/uploads\/sites\/12\/2020\/09\/120060835_3273726789342959_1719625846084533202_n.jpg 960w, https:\/\/static-blogs.diariosur.es\/wp-content\/uploads\/sites\/12\/2020\/09\/120060835_3273726789342959_1719625846084533202_n-533x400.jpg 533w, https:\/\/static-blogs.diariosur.es\/wp-content\/uploads\/sites\/12\/2020\/09\/120060835_3273726789342959_1719625846084533202_n-768x576.jpg 768w\" sizes=\"(max-width: 960px) 100vw, 960px\" \/><\/a><\/div>\n<div dir=\"auto\"><\/div>\n<div dir=\"auto\"><\/div>\n<div dir=\"auto\"><\/div>\n<div dir=\"auto\"><\/div>\n<div dir=\"auto\"><\/div>\n<div dir=\"auto\"><a href=\"https:\/\/static-blogs.diariosur.es\/wp-content\/uploads\/sites\/12\/2020\/09\/120010702_3273727202676251_159987410398746291_n.jpg\"><img loading=\"lazy\" class=\"aligncenter size-full wp-image-28166\" src=\"https:\/\/static-blogs.diariosur.es\/wp-content\/uploads\/sites\/12\/2020\/09\/120010702_3273727202676251_159987410398746291_n.jpg\" alt=\"\" width=\"960\" height=\"720\" srcset=\"https:\/\/static-blogs.diariosur.es\/wp-content\/uploads\/sites\/12\/2020\/09\/120010702_3273727202676251_159987410398746291_n.jpg 960w, https:\/\/static-blogs.diariosur.es\/wp-content\/uploads\/sites\/12\/2020\/09\/120010702_3273727202676251_159987410398746291_n-533x400.jpg 533w, https:\/\/static-blogs.diariosur.es\/wp-content\/uploads\/sites\/12\/2020\/09\/120010702_3273727202676251_159987410398746291_n-768x576.jpg 768w\" sizes=\"(max-width: 960px) 100vw, 960px\" \/><\/a><\/div>\n<p style=\"text-align: justify;\"><span style=\"font-family: 'Arial',sans-serif;\">\u00a0<\/span><\/p>\n<p data-pm-slice=\"1 1 []\">Este encuentro casi fortuito ha hecho que indagara en la red sobre este terrible suceso, algo que pas\u00f3 tal d\u00eda como hoy hace 117 a\u00f1os.<\/p>\n<p>Las cr\u00f3nicas de ese d\u00eda (por cierto, muy documentado gr\u00e1fica y fotogr\u00e1ficamente) cuentan que lo m\u00e1s curioso fue que en M\u00e1laga capital no llovi\u00f3 \u201cni una gota\u201d; todo se debi\u00f3 a que r\u00edo arriba, me refiero al r\u00edo Guadalmedina que cruza la ciudad, en su nacimiento y cabecera, cay\u00f3 una fuerte tormenta, arrastrando por todo su cauce todo tipo de maleza, lodo y barro.<\/p>\n<p>Recordemos que entonces no exist\u00eda la presa del Limonero, construida a primeros de los a\u00f1os \u201980, y toda el agua encauzada por el Guadalmedina no la paraba absolutamente nada. Otro hecho significativo era la deforestaci\u00f3n del mismo cauce y montes cercanos.<\/p>\n<p>La tragedia fue de tal magnitud que el agua y el fango inundaron pr\u00e1cticamente toda la ciudad; la tromba se llev\u00f3 el puente de la Aurora, tambi\u00e9n cedi\u00f3 el puente de Santo Domingo y posteriormente se inundaron los barrios populares del Perchel y La Trinidad.<\/p>\n<p>El agua entr\u00f3 por Carreter\u00eda y lleg\u00f3 hasta la misma calle Larios; en algunos lugares se dice que el agua alcanz\u00f3 los 5 metros. Se habla de hasta 22 fallecidos y numerosos desaparecidos.<\/p>\n<p>MI T\u00cdO-ABUELO MANUEL GAMBERO FUE UNO DE LOS FALLECIDOS.<\/p>\n<p>Aunque es una historia a la que le faltar\u00edan algunos flecos, mi padre siempre me ha contado que a su t\u00edo Manuel, hermano de mi abuelo Crist\u00f3bal Gambero y de profesi\u00f3n recovero (persona que tra\u00eda mandados para despu\u00e9s venderlos en el pueblo), pues le pill\u00f3 aquella riada. Seg\u00fan le cont\u00f3 mi abuelo, aquella madrugada del 23 al 24 de septiembre el agua entr\u00f3 en unos s\u00f3tanos de una posada junto al r\u00edo, donde ten\u00eda amarrado el borrico que le serv\u00eda\u00a0para traer los mandados. En el intento de salvar al animal, se debi\u00f3 liar con la soga y Manuel muri\u00f3 ahogado.<\/p>\n<p>Es una de las muchas v\u00edctimas de ese tr\u00e1gico d\u00eda que quedar\u00e1 en la memoria de esta ciudad.<\/p>\n<p><strong>Muchas gracias, Crist\u00f3bal, por el relato.<\/strong><\/p>\n<p>Os dejo con algunas fotos y videos.<\/p>\n<p>&nbsp;<\/p>\n<p>&nbsp;<\/p>\n<p><a href=\"https:\/\/static-blogs.diariosur.es\/wp-content\/uploads\/sites\/12\/2020\/09\/120044257_3273727072676264_1512230962551275117_n.jpg\"><img loading=\"lazy\" class=\"aligncenter size-full wp-image-28167\" src=\"https:\/\/static-blogs.diariosur.es\/wp-content\/uploads\/sites\/12\/2020\/09\/120044257_3273727072676264_1512230962551275117_n.jpg\" alt=\"\" width=\"960\" height=\"706\" srcset=\"https:\/\/static-blogs.diariosur.es\/wp-content\/uploads\/sites\/12\/2020\/09\/120044257_3273727072676264_1512230962551275117_n.jpg 960w, https:\/\/static-blogs.diariosur.es\/wp-content\/uploads\/sites\/12\/2020\/09\/120044257_3273727072676264_1512230962551275117_n-544x400.jpg 544w, https:\/\/static-blogs.diariosur.es\/wp-content\/uploads\/sites\/12\/2020\/09\/120044257_3273727072676264_1512230962551275117_n-768x565.jpg 768w\" sizes=\"(max-width: 960px) 100vw, 960px\" \/><\/a><a href=\"https:\/\/static-blogs.diariosur.es\/wp-content\/uploads\/sites\/12\/2020\/09\/rio-guadalmedina-pasarela-destruida-futuro-puente-aurora.jpg\"><img loading=\"lazy\" class=\"aligncenter size-full wp-image-27932\" src=\"https:\/\/static-blogs.diariosur.es\/wp-content\/uploads\/sites\/12\/2020\/09\/rio-guadalmedina-pasarela-destruida-futuro-puente-aurora.jpg\" alt=\"\" width=\"695\" height=\"535\" srcset=\"https:\/\/static-blogs.diariosur.es\/wp-content\/uploads\/sites\/12\/2020\/09\/rio-guadalmedina-pasarela-destruida-futuro-puente-aurora.jpg 695w, https:\/\/static-blogs.diariosur.es\/wp-content\/uploads\/sites\/12\/2020\/09\/rio-guadalmedina-pasarela-destruida-futuro-puente-aurora-520x400.jpg 520w\" sizes=\"(max-width: 695px) 100vw, 695px\" \/><\/a><\/p>\n<p>&nbsp;<\/p>\n<p><a href=\"https:\/\/static-blogs.diariosur.es\/wp-content\/uploads\/sites\/12\/2020\/09\/calle-carreter\u00eda2.jpg\"><img loading=\"lazy\" class=\"aligncenter size-full wp-image-27936\" src=\"https:\/\/static-blogs.diariosur.es\/wp-content\/uploads\/sites\/12\/2020\/09\/calle-carreter\u00eda2.jpg\" alt=\"\" width=\"695\" height=\"532\" srcset=\"https:\/\/static-blogs.diariosur.es\/wp-content\/uploads\/sites\/12\/2020\/09\/calle-carreter\u00eda2.jpg 695w, https:\/\/static-blogs.diariosur.es\/wp-content\/uploads\/sites\/12\/2020\/09\/calle-carreter\u00eda2-523x400.jpg 523w\" sizes=\"(max-width: 695px) 100vw, 695px\" \/><\/a><\/p>\n<p>&nbsp;<\/p>\n<p>&nbsp;<\/p>\n<p>&nbsp;<\/p>\n<p><a href=\"https:\/\/static-blogs.diariosur.es\/wp-content\/uploads\/sites\/12\/2020\/09\/calle-camas-archivo-municipal.jpg\"><img loading=\"lazy\" class=\"aligncenter size-full wp-image-27930\" src=\"https:\/\/static-blogs.diariosur.es\/wp-content\/uploads\/sites\/12\/2020\/09\/calle-camas-archivo-municipal.jpg\" alt=\"\" width=\"720\" height=\"521\" srcset=\"https:\/\/static-blogs.diariosur.es\/wp-content\/uploads\/sites\/12\/2020\/09\/calle-camas-archivo-municipal.jpg 720w, https:\/\/static-blogs.diariosur.es\/wp-content\/uploads\/sites\/12\/2020\/09\/calle-camas-archivo-municipal-553x400.jpg 553w\" sizes=\"(max-width: 720px) 100vw, 720px\" \/><\/a><\/p>\n<p>Antonio Ponce<\/p>\n<p><iframe loading=\"lazy\" src=\"https:\/\/www.youtube.com\/embed\/koCwoKm7PGU\" width=\"560\" height=\"315\" frameborder=\"0\" allowfullscreen=\"allowfullscreen\" data-mce-fragment=\"1\"><\/iframe><\/p>\n<p>Amarucas<\/p>\n<p><iframe loading=\"lazy\" src=\"https:\/\/www.youtube.com\/embed\/lrJfmPviQaY\" width=\"560\" height=\"315\" frameborder=\"0\" allowfullscreen=\"allowfullscreen\" data-mce-fragment=\"1\"><\/iframe><\/p>\n<p>&nbsp;<\/p>\n<p><a href=\"https:\/\/static-blogs.diariosur.es\/wp-content\/uploads\/sites\/12\/2022\/09\/1.-Puente-de-la-Aurora-destruido.-Archivo-Rx6UMU92zrbDBYn6OR3PCEN-984x608@Diario-Sur.jpg\"><img loading=\"lazy\" class=\"aligncenter size-full wp-image-34559\" src=\"https:\/\/static-blogs.diariosur.es\/wp-content\/uploads\/sites\/12\/2022\/09\/1.-Puente-de-la-Aurora-destruido.-Archivo-Rx6UMU92zrbDBYn6OR3PCEN-984x608@Diario-Sur.jpg\" alt=\"\" width=\"984\" height=\"608\" srcset=\"https:\/\/static-blogs.diariosur.es\/wp-content\/uploads\/sites\/12\/2022\/09\/1.-Puente-de-la-Aurora-destruido.-Archivo-Rx6UMU92zrbDBYn6OR3PCEN-984x608@Diario-Sur.jpg 984w, https:\/\/static-blogs.diariosur.es\/wp-content\/uploads\/sites\/12\/2022\/09\/1.-Puente-de-la-Aurora-destruido.-Archivo-Rx6UMU92zrbDBYn6OR3PCEN-984x608@Diario-Sur-640x395.jpg 640w, https:\/\/static-blogs.diariosur.es\/wp-content\/uploads\/sites\/12\/2022\/09\/1.-Puente-de-la-Aurora-destruido.-Archivo-Rx6UMU92zrbDBYn6OR3PCEN-984x608@Diario-Sur-768x475.jpg 768w\" sizes=\"(max-width: 984px) 100vw, 984px\" \/><\/a><\/p>\n<p>&nbsp;<\/p>\n<p style=\"text-align: justify;\">\n","protected":false},"excerpt":{"rendered":"<p>Buenos d\u00edas, amigos de la meteo. Cuando son las seis y media de la ma\u00f1ana en M\u00e1laga capital, el Centro Meteorol\u00f3gico de la AEMET registra 20.2 \u00baC, los cielos est\u00e1n despejados y el viento sopla flojo de terral de oto\u00f1o. La m\u00e1xima en M\u00e1laga capital se registr\u00f3 ayer en el Centro Meteorol\u00f3gico con 31,2 \u00baC [&hellip;]<\/p>\n","protected":false},"author":16,"featured_media":41980,"comment_status":"open","ping_status":"open","sticky":false,"template":"","format":"standard","meta":[],"categories":[2],"tags":[8,514,1956,587],"_links":{"self":[{"href":"https:\/\/blogs.diariosur.es\/tormentas-y-rayos\/wp-json\/wp\/v2\/posts\/41978"}],"collection":[{"href":"https:\/\/blogs.diariosur.es\/tormentas-y-rayos\/wp-json\/wp\/v2\/posts"}],"about":[{"href":"https:\/\/blogs.diariosur.es\/tormentas-y-rayos\/wp-json\/wp\/v2\/types\/post"}],"author":[{"embeddable":true,"href":"https:\/\/blogs.diariosur.es\/tormentas-y-rayos\/wp-json\/wp\/v2\/users\/16"}],"replies":[{"embeddable":true,"href":"https:\/\/blogs.diariosur.es\/tormentas-y-rayos\/wp-json\/wp\/v2\/comments?post=41978"}],"version-history":[{"count":6,"href":"https:\/\/blogs.diariosur.es\/tormentas-y-rayos\/wp-json\/wp\/v2\/posts\/41978\/revisions"}],"predecessor-version":[{"id":47371,"href":"https:\/\/blogs.diariosur.es\/tormentas-y-rayos\/wp-json\/wp\/v2\/posts\/41978\/revisions\/47371"}],"wp:featuredmedia":[{"embeddable":true,"href":"https:\/\/blogs.diariosur.es\/tormentas-y-rayos\/wp-json\/wp\/v2\/media\/41980"}],"wp:attachment":[{"href":"https:\/\/blogs.diariosur.es\/tormentas-y-rayos\/wp-json\/wp\/v2\/media?parent=41978"}],"wp:term":[{"taxonomy":"category","embeddable":true,"href":"https:\/\/blogs.diariosur.es\/tormentas-y-rayos\/wp-json\/wp\/v2\/categories?post=41978"},{"taxonomy":"post_tag","embeddable":true,"href":"https:\/\/blogs.diariosur.es\/tormentas-y-rayos\/wp-json\/wp\/v2\/tags?post=41978"}],"curies":[{"name":"wp","href":"https:\/\/api.w.org\/{rel}","templated":true}]}}