{"id":41994,"date":"2024-09-26T08:14:22","date_gmt":"2024-09-26T06:14:22","guid":{"rendered":"https:\/\/blogs.diariosur.es\/tormentas-y-rayos\/?p=41994"},"modified":"2025-11-09T10:24:01","modified_gmt":"2025-11-09T09:24:01","slug":"que-tiempo-hara-el-fin-de-semana-en-la-provincia-de-malaga-probabilidad-de-minigalerna-malaguena","status":"publish","type":"post","link":"https:\/\/blogs.diariosur.es\/tormentas-y-rayos\/2024\/09\/26\/que-tiempo-hara-el-fin-de-semana-en-la-provincia-de-malaga-probabilidad-de-minigalerna-malaguena\/","title":{"rendered":"\u00bfQu\u00e9 tiempo har\u00e1 el fin de semana en la provincia de M\u00e1laga? Probabilidad de minigalerna malague\u00f1a"},"content":{"rendered":"<p><a href=\"https:\/\/static-blogs.diariosur.es\/wp-content\/uploads\/sites\/12\/2023\/10\/243418660_10223324765526342_8448445083528661051_n.jpg\"><img loading=\"lazy\" class=\"aligncenter size-thumbnail wp-image-38644\" src=\"https:\/\/static-blogs.diariosur.es\/wp-content\/uploads\/sites\/12\/2023\/10\/243418660_10223324765526342_8448445083528661051_n-150x150.jpg\" alt=\"\" width=\"150\" height=\"150\" \/><\/a><\/p>\n<p>&nbsp;<\/p>\n<p data-pm-slice=\"1 1 []\">Muy buenos d\u00edas, amigos de la meteo. Cuando son las siete de la ma\u00f1ana en M\u00e1laga capital, el Aeropuerto registra 22,8 \u00baC, los cielos est\u00e1n poco nubosos y el terral sigue de protagonista. Las temperaturas m\u00e1ximas hoy en las zonas donde tengamos terral rondar\u00e1n entre los 29 y 34 \u00baC; ayer mi\u00e9rcoles la estaci\u00f3n del Aeropuerto de M\u00e1laga registr\u00f3 32,5 \u00baC, fue la m\u00e1xima de Andaluc\u00eda.<\/p>\n<p>Ma\u00f1ana viernes, <strong>durante la pr\u00f3xima madrugada<\/strong>, hay probabilidad de chubascos en la zona interior m\u00e1s occidental de la provincia y comarca de Antequera; esto se deber\u00e1 al paso de un frente en frontolisis. En muchos portales no caer\u00e1 ni gota. Ma\u00f1ana veremos en qu\u00e9 portales han ca\u00eddo esos chubascos. Una vez pase este frente muy poco activo, tendremos rachas fuertes de poniente en toda la costa de M\u00e1laga.<\/p>\n<p>Os pongo las temperaturas m\u00e1ximas y m\u00ednimas que prev\u00e9 la Aemet para ma\u00f1ana viernes.<\/p>\n<p>&nbsp;<\/p>\n<p>&nbsp;<\/p>\n<p><a href=\"https:\/\/static-blogs.diariosur.es\/wp-content\/uploads\/sites\/12\/2024\/09\/viernes.jpg\"><img loading=\"lazy\" class=\"aligncenter size-full wp-image-41998\" src=\"https:\/\/static-blogs.diariosur.es\/wp-content\/uploads\/sites\/12\/2024\/09\/viernes.jpg\" alt=\"\" width=\"866\" height=\"680\" srcset=\"https:\/\/static-blogs.diariosur.es\/wp-content\/uploads\/sites\/12\/2024\/09\/viernes.jpg 866w, https:\/\/static-blogs.diariosur.es\/wp-content\/uploads\/sites\/12\/2024\/09\/viernes-509x400.jpg 509w, https:\/\/static-blogs.diariosur.es\/wp-content\/uploads\/sites\/12\/2024\/09\/viernes-768x603.jpg 768w\" sizes=\"(max-width: 866px) 100vw, 866px\" \/><\/a><\/p>\n<p>&nbsp;<\/p>\n<h3><span style=\"color: #ff0000;\"><strong>\u00bfQu\u00e9 tiempo har\u00e1 el fin de semana en la provincia de M\u00e1laga?\u00a0<\/strong><\/span><\/h3>\n<h3><strong>Predicci\u00f3n s\u00e1bado 28<\/strong><\/h3>\n<p>&nbsp;<\/p>\n<p data-pm-slice=\"1 1 []\">A primera hora de la ma\u00f1ana cambiar\u00e1 a levante; es probable que con el cambio de viento lo haga con rachas fuertes; puede darse una minigalerna en algunos puntos de la costa malague\u00f1a. La probabilidad de precipitaciones es baja.<\/p>\n<p>Os pongo las temperaturas m\u00e1ximas y m\u00ednimas que prev\u00e9 la AEMET.<\/p>\n<p>&nbsp;<\/p>\n<p>&nbsp;<\/p>\n<p><a href=\"https:\/\/static-blogs.diariosur.es\/wp-content\/uploads\/sites\/12\/2024\/09\/sabado-1.jpg\"><img loading=\"lazy\" class=\"aligncenter size-full wp-image-41999\" src=\"https:\/\/static-blogs.diariosur.es\/wp-content\/uploads\/sites\/12\/2024\/09\/sabado-1.jpg\" alt=\"\" width=\"868\" height=\"682\" srcset=\"https:\/\/static-blogs.diariosur.es\/wp-content\/uploads\/sites\/12\/2024\/09\/sabado-1.jpg 868w, https:\/\/static-blogs.diariosur.es\/wp-content\/uploads\/sites\/12\/2024\/09\/sabado-1-509x400.jpg 509w, https:\/\/static-blogs.diariosur.es\/wp-content\/uploads\/sites\/12\/2024\/09\/sabado-1-768x603.jpg 768w\" sizes=\"(max-width: 868px) 100vw, 868px\" \/><\/a><\/p>\n<p>&nbsp;<\/p>\n<h3><strong>Predicci\u00f3n domingo 29<\/strong><\/h3>\n<p data-pm-slice=\"1 1 []\">Seguiremos con levante moderado en toda la costa malague\u00f1a; las rachas m\u00e1s fuertes se registrar\u00e1n en la costa m\u00e1s occidental cercana al Estrecho y en las comarcas de Ronda y Antequera. Probabilidad de mag\u00f3n.<\/p>\n<p>&nbsp;<\/p>\n<p>&nbsp;<\/p>\n<p><a href=\"https:\/\/static-blogs.diariosur.es\/wp-content\/uploads\/sites\/12\/2024\/09\/domingo-1.jpg\"><img loading=\"lazy\" class=\"aligncenter size-full wp-image-42002\" src=\"https:\/\/static-blogs.diariosur.es\/wp-content\/uploads\/sites\/12\/2024\/09\/domingo-1.jpg\" alt=\"\" width=\"870\" height=\"683\" srcset=\"https:\/\/static-blogs.diariosur.es\/wp-content\/uploads\/sites\/12\/2024\/09\/domingo-1.jpg 870w, https:\/\/static-blogs.diariosur.es\/wp-content\/uploads\/sites\/12\/2024\/09\/domingo-1-510x400.jpg 510w, https:\/\/static-blogs.diariosur.es\/wp-content\/uploads\/sites\/12\/2024\/09\/domingo-1-768x603.jpg 768w\" sizes=\"(max-width: 870px) 100vw, 870px\" \/><\/a><\/p>\n<p>&nbsp;<\/p>\n<p>Os dejo hasta ma\u00f1ana, con esta bonita foto de mi amigo Manuel Rueda desde la Cala del Moral.<\/p>\n<p>&nbsp;<\/p>\n<p><a href=\"https:\/\/static-blogs.diariosur.es\/wp-content\/uploads\/sites\/12\/2024\/09\/blog.jpg\"><img loading=\"lazy\" class=\"aligncenter size-full wp-image-42005\" src=\"https:\/\/static-blogs.diariosur.es\/wp-content\/uploads\/sites\/12\/2024\/09\/blog.jpg\" alt=\"\" width=\"900\" height=\"600\" srcset=\"https:\/\/static-blogs.diariosur.es\/wp-content\/uploads\/sites\/12\/2024\/09\/blog.jpg 900w, https:\/\/static-blogs.diariosur.es\/wp-content\/uploads\/sites\/12\/2024\/09\/blog-600x400.jpg 600w, https:\/\/static-blogs.diariosur.es\/wp-content\/uploads\/sites\/12\/2024\/09\/blog-768x512.jpg 768w\" sizes=\"(max-width: 900px) 100vw, 900px\" \/><\/a><\/p>\n","protected":false},"excerpt":{"rendered":"<p>&nbsp; Muy buenos d\u00edas, amigos de la meteo. Cuando son las siete de la ma\u00f1ana en M\u00e1laga capital, el Aeropuerto registra 22,8 \u00baC, los cielos est\u00e1n poco nubosos y el terral sigue de protagonista. Las temperaturas m\u00e1ximas hoy en las zonas donde tengamos terral rondar\u00e1n entre los 29 y 34 \u00baC; ayer mi\u00e9rcoles la estaci\u00f3n [&hellip;]<\/p>\n","protected":false},"author":16,"featured_media":42005,"comment_status":"open","ping_status":"open","sticky":false,"template":"","format":"standard","meta":[],"categories":[2],"tags":[1960,100,188,358,587,658,800,909],"_links":{"self":[{"href":"https:\/\/blogs.diariosur.es\/tormentas-y-rayos\/wp-json\/wp\/v2\/posts\/41994"}],"collection":[{"href":"https:\/\/blogs.diariosur.es\/tormentas-y-rayos\/wp-json\/wp\/v2\/posts"}],"about":[{"href":"https:\/\/blogs.diariosur.es\/tormentas-y-rayos\/wp-json\/wp\/v2\/types\/post"}],"author":[{"embeddable":true,"href":"https:\/\/blogs.diariosur.es\/tormentas-y-rayos\/wp-json\/wp\/v2\/users\/16"}],"replies":[{"embeddable":true,"href":"https:\/\/blogs.diariosur.es\/tormentas-y-rayos\/wp-json\/wp\/v2\/comments?post=41994"}],"version-history":[{"count":10,"href":"https:\/\/blogs.diariosur.es\/tormentas-y-rayos\/wp-json\/wp\/v2\/posts\/41994\/revisions"}],"predecessor-version":[{"id":47368,"href":"https:\/\/blogs.diariosur.es\/tormentas-y-rayos\/wp-json\/wp\/v2\/posts\/41994\/revisions\/47368"}],"wp:featuredmedia":[{"embeddable":true,"href":"https:\/\/blogs.diariosur.es\/tormentas-y-rayos\/wp-json\/wp\/v2\/media\/42005"}],"wp:attachment":[{"href":"https:\/\/blogs.diariosur.es\/tormentas-y-rayos\/wp-json\/wp\/v2\/media?parent=41994"}],"wp:term":[{"taxonomy":"category","embeddable":true,"href":"https:\/\/blogs.diariosur.es\/tormentas-y-rayos\/wp-json\/wp\/v2\/categories?post=41994"},{"taxonomy":"post_tag","embeddable":true,"href":"https:\/\/blogs.diariosur.es\/tormentas-y-rayos\/wp-json\/wp\/v2\/tags?post=41994"}],"curies":[{"name":"wp","href":"https:\/\/api.w.org\/{rel}","templated":true}]}}