{"id":42009,"date":"2024-09-27T07:38:35","date_gmt":"2024-09-27T05:38:35","guid":{"rendered":"https:\/\/blogs.diariosur.es\/tormentas-y-rayos\/?p=42009"},"modified":"2025-11-09T10:20:19","modified_gmt":"2025-11-09T09:20:19","slug":"viernes-27-de-septiembre-de-1957-caen-313-litros-m2-en-el-aeropuerto-de-malaga-porque-se-registraron-tantos-litros","status":"publish","type":"post","link":"https:\/\/blogs.diariosur.es\/tormentas-y-rayos\/2024\/09\/27\/viernes-27-de-septiembre-de-1957-caen-313-litros-m2-en-el-aeropuerto-de-malaga-porque-se-registraron-tantos-litros\/","title":{"rendered":"Viernes 27 de septiembre de 1957, caen 313 litros\/m2 en el Aeropuerto de M\u00e1laga. \u00bfPorqu\u00e9 se registraron tantos litros?"},"content":{"rendered":"<p><a href=\"https:\/\/static-blogs.diariosur.es\/wp-content\/uploads\/sites\/12\/2023\/10\/243418660_10223324765526342_8448445083528661051_n.jpg\"><img loading=\"lazy\" class=\"aligncenter size-thumbnail wp-image-38644\" src=\"https:\/\/static-blogs.diariosur.es\/wp-content\/uploads\/sites\/12\/2023\/10\/243418660_10223324765526342_8448445083528661051_n-150x150.jpg\" alt=\"\" width=\"150\" height=\"150\" \/><\/a><\/p>\n<p>Buenos d\u00edas, amigos de la meteo. Os paso para las nuevos seguidores esta efem\u00e9ride que ocurri\u00f3 un viernes 27 de septiembre de 1957.<\/p>\n<h3><span style=\"color: #0000ff;\"><strong>Viernes 27 de septiembre de 1957, mayor acumulado de lluvias en un d\u00eda desde que se tienen registros, caen 313 l\/m2<\/strong><\/span><\/h3>\n<p data-pm-slice=\"1 1 []\">En aquel a\u00f1o yo a\u00fan no hab\u00eda nacido, pero mi amigo Juan (aficionado a la meteo) me ha relatado muchas veces lo que pas\u00f3.<\/p>\n<p>Juan ten\u00eda 18 a\u00f1os y viv\u00eda en el Tiro de Pich\u00f3n; me comentaba asombrado que el d\u00eda antes<strong> hab\u00eda terral,<\/strong>\u00a0los cielos estaban totalmente azules y sin ninguna nube. La m\u00e1xima el d\u00eda anterior fue de casi<strong> 35 grados<\/strong>\u00a0en el aeropuerto.<\/p>\n<p>Cuando se levant\u00f3 por la ma\u00f1ana muy temprano, empez\u00f3 a escuchar truenos lejanos; el levante soplaba moderado y, por la zona del mar, los rel\u00e1mpagos eran los protagonistas. Me comentaba que no se lo cre\u00eda y, si estaba so\u00f1ando, era l\u00f3gico; el d\u00eda anterior hab\u00eda terral y ni una sola nube.<\/p>\n<p>A los pocos minutos la lluvia empez\u00f3 a caer muy fuerte, acompa\u00f1ada de truenos muy seguidos. As\u00ed se llev\u00f3 lloviendo fuerte hasta el mediod\u00eda; a partir de esa hora me comentaba que la tormenta abandonaba la Bah\u00eda de M\u00e1laga y el sol empezaba a verse t\u00edmidamente.<\/p>\n<p>Pero qu\u00e9 va, amigos de la meteo, a la media hora nuevamente la misma tormenta u otra tom\u00f3 protagonismo. Me comentaba Juan que se hizo de noche como en la de 1989; el levante soplaba con rachas fuertes y la lluvia era torrencial. Cay\u00f3 un rayo muy cerca de su casa, escuchando un trueno impresionante.<\/p>\n<p>Viendo la hemeroteca del SUR, as\u00ed fue, hubo dos heridos en el Tiro Pich\u00f3n, el ni\u00f1o de 13 a\u00f1os Antonio G\u00e1mez con heridas muy graves y Catalina Viudez de pron\u00f3stico reservado.<\/p>\n<p>No solamente cayeron rayos en el Tiro Pich\u00f3n; en el antiguo cine Plus Ultra result\u00f3 herido otro hombre de car\u00e1cter reservado por otro rayo; en la calle Tom\u00e1s de C\u00f3zar cay\u00f3 otro. Fuente Sur.<\/p>\n<p>Antiguamente hab\u00eda un arroyo (Teatinos) por la zona del Corte Ingl\u00e9s Bah\u00eda M\u00e1laga; se qued\u00f3 sorprendido al ver la cantidad de agua que llevaba e incluso animales muertos. La antigua Carretera de C\u00e1rtama (Avda. Ortega y Gasset) era tambi\u00e9n un r\u00edo; toda esa agua se dirig\u00eda a la Cruz del Humilladero. En la zona de El Palo tambi\u00e9n hubo inundaciones y los arroyos daban miedo verlos.<\/p>\n<p>Sobre las cinco de la tarde dej\u00f3 de llover. Fueron doce horas de lluvia; no quiero pensar si esto se diera nuevamente en M\u00e1laga en menos horas, \u00bfqu\u00e9 es lo que pasar\u00eda?, seguro que os lo imagin\u00e1is.<\/p>\n<p>El Aeropuerto contabiliz\u00f3 313 mm y zonas de la capital, m\u00e1s de 182 mm.<\/p>\n<p>Muchas gracias, amigo Juan, echo de menos tus charlas de meteo.<\/p>\n<p>&nbsp;<\/p>\n<p>&nbsp;<\/p>\n<p><em>Buscando rean\u00e1lisis de mapas a 500 hpa, se ve perfectamente qu\u00e9\u00a0sucedi\u00f3\u00a0ese d\u00eda.\u00a0 Una vaguada\u00a0retr\u00f3grada desde el\u00a0Mediterr\u00e1neo se fue\u00a0desplazando\u00a0hacia el Golfo de C\u00e1diz, formando una dana (depresi\u00f3n aislada en altura). Fuente: Meteociel, modelo europeo<\/em><\/p>\n<p>&nbsp;<\/p>\n<p><a href=\"https:\/\/static-blogs.diariosur.es\/wp-content\/uploads\/sites\/12\/2021\/09\/archives-1957-9-27-6-0.png\"><img loading=\"lazy\" class=\"aligncenter size-full wp-image-31287\" src=\"https:\/\/static-blogs.diariosur.es\/wp-content\/uploads\/sites\/12\/2021\/09\/archives-1957-9-27-6-0.png\" alt=\"\" width=\"768\" height=\"512\" srcset=\"https:\/\/static-blogs.diariosur.es\/wp-content\/uploads\/sites\/12\/2021\/09\/archives-1957-9-27-6-0.png 768w, https:\/\/static-blogs.diariosur.es\/wp-content\/uploads\/sites\/12\/2021\/09\/archives-1957-9-27-6-0-600x400.png 600w\" sizes=\"(max-width: 768px) 100vw, 768px\" \/><\/a><\/p>\n<p>&nbsp;<\/p>\n<p>&nbsp;<\/p>\n<p><a href=\"https:\/\/static-blogs.diariosur.es\/wp-content\/uploads\/sites\/12\/2021\/09\/archives-1957-9-27-12-0.png\"><img loading=\"lazy\" class=\"aligncenter size-full wp-image-31288\" src=\"https:\/\/static-blogs.diariosur.es\/wp-content\/uploads\/sites\/12\/2021\/09\/archives-1957-9-27-12-0.png\" alt=\"\" width=\"768\" height=\"512\" srcset=\"https:\/\/static-blogs.diariosur.es\/wp-content\/uploads\/sites\/12\/2021\/09\/archives-1957-9-27-12-0.png 768w, https:\/\/static-blogs.diariosur.es\/wp-content\/uploads\/sites\/12\/2021\/09\/archives-1957-9-27-12-0-600x400.png 600w\" sizes=\"(max-width: 768px) 100vw, 768px\" \/><\/a><\/p>\n<p>&nbsp;<\/p>\n<p><a href=\"https:\/\/static-blogs.diariosur.es\/wp-content\/uploads\/sites\/12\/2022\/09\/ttttt.png\"><img loading=\"lazy\" class=\"aligncenter size-full wp-image-34576\" src=\"https:\/\/static-blogs.diariosur.es\/wp-content\/uploads\/sites\/12\/2022\/09\/ttttt.png\" alt=\"\" width=\"768\" height=\"512\" srcset=\"https:\/\/static-blogs.diariosur.es\/wp-content\/uploads\/sites\/12\/2022\/09\/ttttt.png 768w, https:\/\/static-blogs.diariosur.es\/wp-content\/uploads\/sites\/12\/2022\/09\/ttttt-600x400.png 600w\" sizes=\"(max-width: 768px) 100vw, 768px\" \/><\/a><\/p>\n<p style=\"text-align: justify;\">\n<p data-pm-slice=\"1 1 []\"><em>Tambi\u00e9n podemos ver la direcci\u00f3n del viento; el d\u00eda 26 ten\u00edamos\u00a0terral y registramos <\/em><strong><em>35 \u00baC,<\/em><\/strong><em> como antes he comentado; al d\u00eda siguiente, durante la madrugada, entr\u00f3 levante fuerte. Os paso los mapas.<\/em><\/p>\n<p data-pm-slice=\"1 1 []\">\n<p><a href=\"https:\/\/static-blogs.diariosur.es\/wp-content\/uploads\/sites\/12\/2022\/09\/1-3.png\"><img loading=\"lazy\" class=\"aligncenter size-full wp-image-34579\" src=\"https:\/\/static-blogs.diariosur.es\/wp-content\/uploads\/sites\/12\/2022\/09\/1-3.png\" alt=\"\" width=\"768\" height=\"512\" srcset=\"https:\/\/static-blogs.diariosur.es\/wp-content\/uploads\/sites\/12\/2022\/09\/1-3.png 768w, https:\/\/static-blogs.diariosur.es\/wp-content\/uploads\/sites\/12\/2022\/09\/1-3-600x400.png 600w\" sizes=\"(max-width: 768px) 100vw, 768px\" \/><\/a><\/p>\n<p>&nbsp;<\/p>\n<p><a href=\"https:\/\/static-blogs.diariosur.es\/wp-content\/uploads\/sites\/12\/2022\/09\/2-1.png\"><img loading=\"lazy\" class=\"aligncenter size-full wp-image-34580\" src=\"https:\/\/static-blogs.diariosur.es\/wp-content\/uploads\/sites\/12\/2022\/09\/2-1.png\" alt=\"\" width=\"768\" height=\"512\" srcset=\"https:\/\/static-blogs.diariosur.es\/wp-content\/uploads\/sites\/12\/2022\/09\/2-1.png 768w, https:\/\/static-blogs.diariosur.es\/wp-content\/uploads\/sites\/12\/2022\/09\/2-1-600x400.png 600w\" sizes=\"(max-width: 768px) 100vw, 768px\" \/><\/a><\/p>\n<p>&nbsp;<\/p>\n<p data-pm-slice=\"1 3 []\">Esta misma fecha en distintos a\u00f1os tambi\u00e9n ha dejado inundaciones en otras zonas de Espa\u00f1a. Os las paso.<\/p>\n<ul class=\"custom-disc\">\n<li><strong>27\u00a0septiembre\u00a01517: Gran riada del Turia en Valencia que inunda casi todos los barrios y derriba los puentes de Serranos, el Real y el Nuevo.<\/strong><\/li>\n<li><strong>27\u00a0septiembre\u00a01618\u00a0Grandes lluvias concentradas, con rotura del dique de la Riera que cruza Palma e inundaciones.<\/strong><\/li>\n<li><strong>27\u00a0septiembre\u00a01858\u00a0Riada del J\u00facar. En Carcaixent (Valencia), las aguas llegan hasta la plaza Mayor.<\/strong><\/li>\n<li><strong>27\u00a0septiembre\u00a01877\u00a0Violenta avenida del Segura en Murcia.<\/strong><\/li>\n<li><strong>27\u00a0septiembre\u00a01957: Inundaciones en M\u00e1laga donde caen 313 l\/m2 en 12 horas.<\/strong><\/li>\n<li><strong>27\u00a0septiembre\u00a02008:\u00a0Inundaciones en Melilla. Caen 93 l\/m2 en un d\u00eda, de los cuales 51 l\/m2 en una hora.<\/strong><\/li>\n<li><strong>27\u00a0septiembre\u00a02009:\u00a0Intensas lluvias en Cartagena que dejan 169 l\/m2 en 48 horas.<\/strong><\/li>\n<li><strong>27\u00a0septiembre\u00a02012: Lluvias torrenciales, con una intensidad de 128 l\/m2\/h, cortan la autov\u00eda A-7 y la autopista de Cartagena. Vecinos de Puerto Lumbreras y Lorca tienen que ser evacuados. Tambi\u00e9n se recogen 116 l\/m2 con una intensidad de 67,2 l\/m2\/h en Las Cabezas de San Juan (Sevilla).<\/strong><\/li>\n<li><strong>27\u00a0septiembre\u00a02015: Una precipitaci\u00f3n torrencial en Archena (Murcia) acumula hasta 55 l\/m2 en una hora.<\/strong><\/li>\n<\/ul>\n<h3><span style=\"color: #0000ff;\"><strong>\u00a0Sab\u00edais que tenemos 90 arroyos en la capital.<\/strong><\/span><\/h3>\n<p data-pm-slice=\"1 1 []\">Pues s\u00ed, amigos de la meteo, en el distrito de M\u00e1laga capital hay un total de 90 arroyos, contando el R\u00edo Guadalhorce, R\u00edo Campanillas y R\u00edo Guadalmedina. Algunos desembocan en los r\u00edos principales que antes he mencionado, otros al mar y otros est\u00e1n embovedados. No quiero pensar si alg\u00fan d\u00eda cayeran 300 litros en poco tiempo en estas cuencas.\u00a0 Os aseguro que M\u00e1laga no est\u00e1 preparada<strong>.<\/strong><\/p>\n<p>Hace cinco a\u00f1os, un 21 de octubre de 2018 tuvimos un aviso rojo. Una tormenta se qued\u00f3 est\u00e1tica en buena parte de la provincia, dejando durante la madrugada esos litros que veis en el mapa y un fallecido. Si esto llega a pasar en el distrito de M\u00e1laga capital, hubiera sido una cat\u00e1strofe. Lo \u00fanico &#8220;positivo&#8221; de estas precipitaciones torrenciales fue que los embalses del Guadalhorce se pusieron al 70%, <strong>algo raro con situaciones de danas.\u00a0<\/strong><\/p>\n<p>&nbsp;<\/p>\n<p>&nbsp;<\/p>\n<p>&nbsp;<\/p>\n<p><a href=\"https:\/\/static-blogs.diariosur.es\/wp-content\/uploads\/sites\/12\/2020\/09\/mmmm.jpg\"><img loading=\"lazy\" class=\"aligncenter size-full wp-image-28180\" src=\"https:\/\/static-blogs.diariosur.es\/wp-content\/uploads\/sites\/12\/2020\/09\/mmmm.jpg\" alt=\"\" width=\"661\" height=\"778\" srcset=\"https:\/\/static-blogs.diariosur.es\/wp-content\/uploads\/sites\/12\/2020\/09\/mmmm.jpg 661w, https:\/\/static-blogs.diariosur.es\/wp-content\/uploads\/sites\/12\/2020\/09\/mmmm-340x400.jpg 340w\" sizes=\"(max-width: 661px) 100vw, 661px\" \/><\/a><\/p>\n<p>&nbsp;<\/p>\n<p>Os paso los arroyos. Fuente Blog M\u00e1laga.<\/p>\n<p>&nbsp;<\/p>\n<p><b>CUENCA DEL GUADALHORCE (38)<\/b><\/p>\n<p style=\"text-align: justify;\">Bienquerido, El Retiro, Ca\u00f1ada de la Calera, Ca\u00f1ada de Ceuta, Mons\u00e1lvez, San Juli\u00e1n, R\u00edo Guadalhorce, Cotilla, Maqueda, De Canto, De Rojas, Lira, Rebanadilla, U\u00f1as de Gato, Colmenarejo, Las Yeguas, Jurado, R\u00edo Campanillas, Boticario, Buenavista, Arias, Merino, Espa\u00f1a, Jimena, Salas, Las Morillas, Culebra, La Salud, El Tomillar, La Palma, Rold\u00e1n, Atabal, Atabalero, Lillo, P\u00edo, Teatinos, Las Ca\u00f1as y Dos Hermanas.<\/p>\n<p style=\"text-align: justify;\"><b>CUENCA DEL GUADALMEDINA (24)<\/b><\/p>\n<p style=\"text-align: justify;\">Carlinda, El Cuarto, Tejares, Los \u00c1ngeles, La Burra, La Palmilla, La Palma, Bodor\u00edn, La Virreina, Medell\u00edn, Los Pescadores, R\u00edo Guadalmedina, Hondo, Don Ventura, Pastelero, Sastre, Huerta Nueva, La Huerta, Cambrones, Quintana, Aceitero, Cementerio, Seminario, Barcenillas<\/p>\n<p style=\"text-align: justify;\"><b>CUENCA ESTE (28)<\/b><\/p>\n<p style=\"text-align: justify;\">Ca\u00f1ada de los Ingleses, La Man\u00eda, Tasara, Toquero, Quirosa, Mayorazgo, La Caleta, Carnicero, Granadinos, Del Caf\u00e9, Morlaco, Cerrado de Calder\u00f3n, Varadero, Los Pilones, El Polvor\u00edn, Jaboneros, Lagarillo, San Ant\u00f3n, El Palo, Witemberg, El Barco, G\u00e1lica, El Candado, Jarazm\u00edn, Villazo, Pocaria, Ol\u00edas, Total\u00e1n.<\/p>\n<p>&nbsp;<\/p>\n<p><a href=\"https:\/\/static-blogs.diariosur.es\/wp-content\/uploads\/sites\/12\/2020\/09\/Captura-19.jpg\"><img loading=\"lazy\" class=\"aligncenter size-full wp-image-28175\" src=\"https:\/\/static-blogs.diariosur.es\/wp-content\/uploads\/sites\/12\/2020\/09\/Captura-19.jpg\" alt=\"\" width=\"1184\" height=\"944\" srcset=\"https:\/\/static-blogs.diariosur.es\/wp-content\/uploads\/sites\/12\/2020\/09\/Captura-19.jpg 1184w, https:\/\/static-blogs.diariosur.es\/wp-content\/uploads\/sites\/12\/2020\/09\/Captura-19-502x400.jpg 502w, https:\/\/static-blogs.diariosur.es\/wp-content\/uploads\/sites\/12\/2020\/09\/Captura-19-768x612.jpg 768w\" sizes=\"(max-width: 1184px) 100vw, 1184px\" \/><\/a><\/p>\n<p>&nbsp;<\/p>\n<p>Espero que os haya gustado. Hasta ma\u00f1ana.<\/p>\n<p>&nbsp;<\/p>\n<p>Portada del Diario Sur.<\/p>\n<p><img loading=\"lazy\" class=\"aligncenter size-full wp-image-18175\" src=\"https:\/\/static-blogs.diariosur.es\/wp-content\/uploads\/sites\/12\/2017\/09\/2-9-e1506487130117.jpg\" alt=\"2\" width=\"630\" height=\"849\" \/><\/p>\n<p>&nbsp;<\/p>\n<p><a href=\"https:\/\/static-blogs.diariosur.es\/wp-content\/uploads\/sites\/12\/2023\/09\/Captura-de-pantalla-2023-09-27-074606-e1695793771340.jpg\"><img loading=\"lazy\" class=\"aligncenter size-full wp-image-38621\" src=\"https:\/\/static-blogs.diariosur.es\/wp-content\/uploads\/sites\/12\/2023\/09\/Captura-de-pantalla-2023-09-27-074606-e1695793771340.jpg\" alt=\"\" width=\"1200\" height=\"367\" \/><\/a><\/p>\n","protected":false},"excerpt":{"rendered":"<p>Buenos d\u00edas, amigos de la meteo. Os paso para las nuevos seguidores esta efem\u00e9ride que ocurri\u00f3 un viernes 27 de septiembre de 1957. Viernes 27 de septiembre de 1957, mayor acumulado de lluvias en un d\u00eda desde que se tienen registros, caen 313 l\/m2 En aquel a\u00f1o yo a\u00fan no hab\u00eda nacido, pero mi amigo [&hellip;]<\/p>\n","protected":false},"author":16,"featured_media":21843,"comment_status":"open","ping_status":"open","sticky":false,"template":"","format":"standard","meta":[],"categories":[2],"tags":[9,1142,109,514,1114,907],"_links":{"self":[{"href":"https:\/\/blogs.diariosur.es\/tormentas-y-rayos\/wp-json\/wp\/v2\/posts\/42009"}],"collection":[{"href":"https:\/\/blogs.diariosur.es\/tormentas-y-rayos\/wp-json\/wp\/v2\/posts"}],"about":[{"href":"https:\/\/blogs.diariosur.es\/tormentas-y-rayos\/wp-json\/wp\/v2\/types\/post"}],"author":[{"embeddable":true,"href":"https:\/\/blogs.diariosur.es\/tormentas-y-rayos\/wp-json\/wp\/v2\/users\/16"}],"replies":[{"embeddable":true,"href":"https:\/\/blogs.diariosur.es\/tormentas-y-rayos\/wp-json\/wp\/v2\/comments?post=42009"}],"version-history":[{"count":9,"href":"https:\/\/blogs.diariosur.es\/tormentas-y-rayos\/wp-json\/wp\/v2\/posts\/42009\/revisions"}],"predecessor-version":[{"id":47366,"href":"https:\/\/blogs.diariosur.es\/tormentas-y-rayos\/wp-json\/wp\/v2\/posts\/42009\/revisions\/47366"}],"wp:featuredmedia":[{"embeddable":true,"href":"https:\/\/blogs.diariosur.es\/tormentas-y-rayos\/wp-json\/wp\/v2\/media\/21843"}],"wp:attachment":[{"href":"https:\/\/blogs.diariosur.es\/tormentas-y-rayos\/wp-json\/wp\/v2\/media?parent=42009"}],"wp:term":[{"taxonomy":"category","embeddable":true,"href":"https:\/\/blogs.diariosur.es\/tormentas-y-rayos\/wp-json\/wp\/v2\/categories?post=42009"},{"taxonomy":"post_tag","embeddable":true,"href":"https:\/\/blogs.diariosur.es\/tormentas-y-rayos\/wp-json\/wp\/v2\/tags?post=42009"}],"curies":[{"name":"wp","href":"https:\/\/api.w.org\/{rel}","templated":true}]}}