{"id":42019,"date":"2024-09-30T08:51:46","date_gmt":"2024-09-30T06:51:46","guid":{"rendered":"https:\/\/blogs.diariosur.es\/tormentas-y-rayos\/?p=42019"},"modified":"2025-11-09T10:14:29","modified_gmt":"2025-11-09T09:14:29","slug":"como-comenzara-octubre-en-la-provincia-de-malaga-atentos-toca-leer","status":"publish","type":"post","link":"https:\/\/blogs.diariosur.es\/tormentas-y-rayos\/2024\/09\/30\/como-comenzara-octubre-en-la-provincia-de-malaga-atentos-toca-leer\/","title":{"rendered":"\u00bfC\u00f3mo comenzar\u00e1 octubre en la provincia de M\u00e1laga? Atentos, toca leer."},"content":{"rendered":"<p><a href=\"https:\/\/static-blogs.diariosur.es\/wp-content\/uploads\/sites\/12\/2023\/10\/243418660_10223324765526342_8448445083528661051_n.jpg\"><img loading=\"lazy\" class=\"aligncenter size-thumbnail wp-image-38644\" src=\"https:\/\/static-blogs.diariosur.es\/wp-content\/uploads\/sites\/12\/2023\/10\/243418660_10223324765526342_8448445083528661051_n-150x150.jpg\" alt=\"\" width=\"150\" height=\"150\" \/><\/a><\/p>\n<p data-pm-slice=\"1 1 []\">Buenos d\u00edas, amigos de la meteo. Cuando son las ocho de la ma\u00f1ana en M\u00e1laga capital, se est\u00e1n dando estas temperaturas en la provincia malague\u00f1a. Fuente: Aemet, Meteoclimatic.<\/p>\n<p>M\u00e1laga Aeropuerto 17,9 \u00baC<\/p>\n<p>Ronda 15,8 \u00b0C<\/p>\n<p>Archidona Huertas del R\u00edo 11,5 \u00baC<\/p>\n<p>Fuente Piedra 16,8 \u00b0C<\/p>\n<p>\u00c1lora 16,9 \u00baC<\/p>\n<p>Coin 16,8 \u00b0C<\/p>\n<p>Alpande\u00edre 16,9 \u00baC<\/p>\n<p>Cortes de la Frontera 15 \u00baC<\/p>\n<p>Nerja 19 \u00baC<\/p>\n<p>Estepona 21,1 \u00baC<\/p>\n<p>Mijas Pueblo 18,1 \u00baC<\/p>\n<p>Alhaur\u00edn el Grande 17,3 \u00baC<\/p>\n<p>Alhaur\u00edn de la Torre\u00a017,3 \u00baC<\/p>\n<p>Ist\u00e1n 15,9 \u00baC<\/p>\n<p>Marbella Puerto 21,2 \u00baC<\/p>\n<p>Torremolinos\u00a017,9 \u00baC<\/p>\n<p>Frigiliana 17,9 \u00b0C<\/p>\n<h3><strong>\u00bfC\u00f3mo comenzar\u00e1 octubre en la provincia de M\u00e1laga?<\/strong><\/h3>\n<p>Dos malas noticias os tengo que dar, amigos: el mi\u00e9rcoles 2 de octubre se espera terral de oto\u00f1o en las zonas habituales de la provincia malague\u00f1a; la temperatura en la capital rondar\u00e1 entre los\u00a033 y 34 \u00baC. En las dem\u00e1s zonas donde el poniente entre de tierra, los 33 y 35 \u00baC, se esperan rachas de moderadas a fuertes de poniente por la tarde en la costa. El jueves d\u00eda 3 seguir\u00e1 el terral, pero las temperaturas m\u00e1ximas no ser\u00e1n tan altas como las del mi\u00e9rcoles. Se esperan rachas fuertes de viento; precauci\u00f3n si sal\u00eds a navegar o faenar por el mar de Albor\u00e1n.<\/p>\n<p>Estos tres primeros d\u00edas de la semana, en las zonas de la provincia donde no entre terral, las temperaturas m\u00e1ximas tambi\u00e9n estar\u00e1n por encima de la media.<\/p>\n<p>La segunda noticia es la peor; de momento, esta semana no se esperan las<strong> lluvias deseadas<\/strong> en la provincia de M\u00e1laga. Tan solo nos cruzar\u00e1 un frente muy poco activo entre el jueves y el viernes, que tan solo dejar\u00e1 algunos chubascos muy d\u00e9biles y espor\u00e1dicos en la zona interior m\u00e1s occidental; esto lo confirmar\u00e9 el mi\u00e9rcoles.<\/p>\n<p>Ma\u00f1ana os pondr\u00e9 la temperatura media que hemos tenido el mes de septiembre en M\u00e1laga capital.<\/p>\n<p>&nbsp;<\/p>\n","protected":false},"excerpt":{"rendered":"<p>Buenos d\u00edas, amigos de la meteo. Cuando son las ocho de la ma\u00f1ana en M\u00e1laga capital, se est\u00e1n dando estas temperaturas en la provincia malague\u00f1a. Fuente: Aemet, Meteoclimatic. M\u00e1laga Aeropuerto 17,9 \u00baC Ronda 15,8 \u00b0C Archidona Huertas del R\u00edo 11,5 \u00baC Fuente Piedra 16,8 \u00b0C \u00c1lora 16,9 \u00baC Coin 16,8 \u00b0C Alpande\u00edre 16,9 \u00baC Cortes [&hellip;]<\/p>\n","protected":false},"author":16,"featured_media":38580,"comment_status":"open","ping_status":"open","sticky":false,"template":"","format":"standard","meta":[],"categories":[2],"tags":[100,358,587,800,975],"_links":{"self":[{"href":"https:\/\/blogs.diariosur.es\/tormentas-y-rayos\/wp-json\/wp\/v2\/posts\/42019"}],"collection":[{"href":"https:\/\/blogs.diariosur.es\/tormentas-y-rayos\/wp-json\/wp\/v2\/posts"}],"about":[{"href":"https:\/\/blogs.diariosur.es\/tormentas-y-rayos\/wp-json\/wp\/v2\/types\/post"}],"author":[{"embeddable":true,"href":"https:\/\/blogs.diariosur.es\/tormentas-y-rayos\/wp-json\/wp\/v2\/users\/16"}],"replies":[{"embeddable":true,"href":"https:\/\/blogs.diariosur.es\/tormentas-y-rayos\/wp-json\/wp\/v2\/comments?post=42019"}],"version-history":[{"count":4,"href":"https:\/\/blogs.diariosur.es\/tormentas-y-rayos\/wp-json\/wp\/v2\/posts\/42019\/revisions"}],"predecessor-version":[{"id":47364,"href":"https:\/\/blogs.diariosur.es\/tormentas-y-rayos\/wp-json\/wp\/v2\/posts\/42019\/revisions\/47364"}],"wp:featuredmedia":[{"embeddable":true,"href":"https:\/\/blogs.diariosur.es\/tormentas-y-rayos\/wp-json\/wp\/v2\/media\/38580"}],"wp:attachment":[{"href":"https:\/\/blogs.diariosur.es\/tormentas-y-rayos\/wp-json\/wp\/v2\/media?parent=42019"}],"wp:term":[{"taxonomy":"category","embeddable":true,"href":"https:\/\/blogs.diariosur.es\/tormentas-y-rayos\/wp-json\/wp\/v2\/categories?post=42019"},{"taxonomy":"post_tag","embeddable":true,"href":"https:\/\/blogs.diariosur.es\/tormentas-y-rayos\/wp-json\/wp\/v2\/tags?post=42019"}],"curies":[{"name":"wp","href":"https:\/\/api.w.org\/{rel}","templated":true}]}}