{"id":42024,"date":"2024-10-01T09:04:56","date_gmt":"2024-10-01T07:04:56","guid":{"rendered":"https:\/\/blogs.diariosur.es\/tormentas-y-rayos\/?p=42024"},"modified":"2025-11-09T08:15:26","modified_gmt":"2025-11-09T07:15:26","slug":"como-crees-que-ha-sido-septiembre-caluroso-o-fresco-en-malaga-capital","status":"publish","type":"post","link":"https:\/\/blogs.diariosur.es\/tormentas-y-rayos\/2024\/10\/01\/como-crees-que-ha-sido-septiembre-caluroso-o-fresco-en-malaga-capital\/","title":{"rendered":"\u00bfC\u00f3mo crees que ha sido septiembre, caluroso o fresco en M\u00e1laga capital?"},"content":{"rendered":"<p><a href=\"https:\/\/static-blogs.diariosur.es\/wp-content\/uploads\/sites\/12\/2024\/05\/444912498_10228884468795449_97962860407814916_n.jpg\"><img loading=\"lazy\" class=\"aligncenter size-thumbnail wp-image-40751\" src=\"https:\/\/static-blogs.diariosur.es\/wp-content\/uploads\/sites\/12\/2024\/05\/444912498_10228884468795449_97962860407814916_n-150x150.jpg\" alt=\"\" width=\"150\" height=\"150\" \/><\/a><\/p>\n<p>Buenos d\u00edas, amigos de la meteo. Hoy martes 1 de octubre se han dado estas temperaturas m\u00ednimas en la provincia malague\u00f1a. Por lo menos podemos conciliar el sue\u00f1o.<\/p>\n<p>Os paso las temperaturas m\u00ednimas que hemos registrado.<\/p>\n<p>Fuente aemet y meteoclimatic<\/p>\n<p>M\u00e1laga Aeropuerto 16,6 \u00baC<\/p>\n<p>Ronda 14,4 \u00baC<\/p>\n<p>Archidona Huertas del R\u00edo 11,3 \u00baC<\/p>\n<p>Fuente Piedra 12,5 \u00baC<\/p>\n<p>\u00c1lora 15,6 \u00baC<\/p>\n<p>Coin\u00a0 16,1\u00baC<\/p>\n<p>Alpande\u00edre 15,5 \u00baC<\/p>\n<p>Gaucin\u00a0 13,2 \u00baC<\/p>\n<p>Cortes de la Frontera\u00a0 12,6 \u00baC<\/p>\n<p>Nerja 18,5 \u00baC<\/p>\n<p>Estepona 17,9 \u00baC<\/p>\n<p>Mijas Pueblo 17,8 \u00baC<\/p>\n<p>Alhaurin el Grande 17,2 \u00baC<\/p>\n<p>Alhaurin de la Torre 17,4 \u00baC<\/p>\n<p>Ist\u00e1n 15,9 \u00baC<\/p>\n<p>Marbella Puerto 18,6 \u00baC<\/p>\n<p>Torremolinos 17 \u00baC<\/p>\n<p>Frigiliana 18,2 \u00baC<\/p>\n<p><a href=\"https:\/\/static-blogs.diariosur.es\/?ref=https%3A%2F%2Fblogs.diariosur.es%2F\"><strong>Como comente ayer, ma\u00f1ana tendremos terral en las zonas habituales de la provincia malague\u00f1a.<\/strong><\/a><\/p>\n<h3><span style=\"color: #ff0000;\"><strong>\u00bfC\u00f3mo crees que ha sido septiembre, caluroso o fresco en M\u00e1laga capital?<\/strong><\/span><\/h3>\n<p data-pm-slice=\"1 1 []\">Este pasado mes de septiembre, la temperatura media en la estaci\u00f3n de la Aemet del aeropuerto de M\u00e1laga ha sido de 25,4 \u00b0C; ha sido el cuarto m\u00e1s c\u00e1lido desde que se tienen registros. El primero se dio en 2014 con 26 \u00b0C, el segundo en 2022 con 25,8\u00b0C y el tercero en 2018 con 25,5 \u00b0C.<\/p>\n<p>Destacar la temperatura media de las m\u00ednimas con 21,3 \u00b0C; ha sido la segunda m\u00e1s c\u00e1lida desde 1942; la anterior se dio en el 2018 con 21,5 \u00b0C.<\/p>\n<p>Os paso una gr\u00e1fica que hemos hecho mi amigo Enrique Salvo Tierra.<\/p>\n<p>\u200c<\/p>\n<p><a href=\"https:\/\/static-blogs.diariosur.es\/wp-content\/uploads\/sites\/12\/2024\/10\/IMG-20241001-WA0061.jpg\"><img loading=\"lazy\" class=\"aligncenter wp-image-42040 size-full\" src=\"https:\/\/static-blogs.diariosur.es\/wp-content\/uploads\/sites\/12\/2024\/10\/IMG-20241001-WA0061.jpg\" alt=\"\" width=\"975\" height=\"595\" srcset=\"https:\/\/static-blogs.diariosur.es\/wp-content\/uploads\/sites\/12\/2024\/10\/IMG-20241001-WA0061.jpg 975w, https:\/\/static-blogs.diariosur.es\/wp-content\/uploads\/sites\/12\/2024\/10\/IMG-20241001-WA0061-640x391.jpg 640w, https:\/\/static-blogs.diariosur.es\/wp-content\/uploads\/sites\/12\/2024\/10\/IMG-20241001-WA0061-768x469.jpg 768w\" sizes=\"(max-width: 975px) 100vw, 975px\" \/><\/a><\/p>\n<p>En cuanto a la precipitaci\u00f3n, el Aeropuerto ha registrado en el mes de septiembre 9,2 mm.<\/p>\n<p><strong>Os pongo acumulados de este mes en la provincia malague\u00f1a. Fuente Red Hidrosur y Meteoclimatic.<\/strong><\/p>\n<p>Los Reales 19,8 mm<\/p>\n<p>Majada de las Lomas 15,1 mm<\/p>\n<p>R\u00edo Genal Jubrique 8,2 mm<\/p>\n<p>Pujerra\u00a0 17,8 mm<\/p>\n<p>Ojen 17,6 mm<\/p>\n<p>El Torcal\u00a0 30,4 mm<\/p>\n<p>Casarabonela 17,3 mm<\/p>\n<p>Co\u00edn 14,7 mm<\/p>\n<p>Santo Pitar\u00a0 16,1 mm<\/p>\n<p>Villanueva de la Concepci\u00f3n\u00a0 10,6 mm<\/p>\n<p>Las Golondrinas\u00a0 14,6 mm<\/p>\n<p>Canal de la Encantada\u00a0 18,1 mm<\/p>\n<p>R\u00edo Grande Las Millanas\u00a0 13,8 mm<\/p>\n<p>Frigiliana\u00a0 11,1 mm<\/p>\n<p>Alhaurin el Grande 29 mm<\/p>\n<p>Cortes de la Frontera 9,4 mm<\/p>\n<p>Alpande\u00edre 10,2 mm<\/p>\n<p>Nerja 11.8 mm<\/p>\n<p>&nbsp;<\/p>\n","protected":false},"excerpt":{"rendered":"<p>Buenos d\u00edas, amigos de la meteo. Hoy martes 1 de octubre se han dado estas temperaturas m\u00ednimas en la provincia malague\u00f1a. Por lo menos podemos conciliar el sue\u00f1o. Os paso las temperaturas m\u00ednimas que hemos registrado. Fuente aemet y meteoclimatic M\u00e1laga Aeropuerto 16,6 \u00baC Ronda 14,4 \u00baC Archidona Huertas del R\u00edo 11,3 \u00baC Fuente Piedra [&hellip;]<\/p>\n","protected":false},"author":16,"featured_media":40589,"comment_status":"open","ping_status":"open","sticky":false,"template":"","format":"standard","meta":[],"categories":[2],"tags":[100,358,587,800,975],"_links":{"self":[{"href":"https:\/\/blogs.diariosur.es\/tormentas-y-rayos\/wp-json\/wp\/v2\/posts\/42024"}],"collection":[{"href":"https:\/\/blogs.diariosur.es\/tormentas-y-rayos\/wp-json\/wp\/v2\/posts"}],"about":[{"href":"https:\/\/blogs.diariosur.es\/tormentas-y-rayos\/wp-json\/wp\/v2\/types\/post"}],"author":[{"embeddable":true,"href":"https:\/\/blogs.diariosur.es\/tormentas-y-rayos\/wp-json\/wp\/v2\/users\/16"}],"replies":[{"embeddable":true,"href":"https:\/\/blogs.diariosur.es\/tormentas-y-rayos\/wp-json\/wp\/v2\/comments?post=42024"}],"version-history":[{"count":17,"href":"https:\/\/blogs.diariosur.es\/tormentas-y-rayos\/wp-json\/wp\/v2\/posts\/42024\/revisions"}],"predecessor-version":[{"id":47361,"href":"https:\/\/blogs.diariosur.es\/tormentas-y-rayos\/wp-json\/wp\/v2\/posts\/42024\/revisions\/47361"}],"wp:featuredmedia":[{"embeddable":true,"href":"https:\/\/blogs.diariosur.es\/tormentas-y-rayos\/wp-json\/wp\/v2\/media\/40589"}],"wp:attachment":[{"href":"https:\/\/blogs.diariosur.es\/tormentas-y-rayos\/wp-json\/wp\/v2\/media?parent=42024"}],"wp:term":[{"taxonomy":"category","embeddable":true,"href":"https:\/\/blogs.diariosur.es\/tormentas-y-rayos\/wp-json\/wp\/v2\/categories?post=42024"},{"taxonomy":"post_tag","embeddable":true,"href":"https:\/\/blogs.diariosur.es\/tormentas-y-rayos\/wp-json\/wp\/v2\/tags?post=42024"}],"curies":[{"name":"wp","href":"https:\/\/api.w.org\/{rel}","templated":true}]}}