{"id":42048,"date":"2024-10-04T07:56:35","date_gmt":"2024-10-04T05:56:35","guid":{"rendered":"https:\/\/blogs.diariosur.es\/tormentas-y-rayos\/?p=42048"},"modified":"2025-11-09T08:12:15","modified_gmt":"2025-11-09T07:12:15","slug":"que-tiempo-hara-el-fin-de-semana-en-la-provincia-malaguena","status":"publish","type":"post","link":"https:\/\/blogs.diariosur.es\/tormentas-y-rayos\/2024\/10\/04\/que-tiempo-hara-el-fin-de-semana-en-la-provincia-malaguena\/","title":{"rendered":"\u00bfQu\u00e9 tiempo har\u00e1 el fin de semana en la provincia malague\u00f1a?"},"content":{"rendered":"<blockquote><p><a href=\"https:\/\/static-blogs.diariosur.es\/wp-content\/uploads\/sites\/12\/2023\/10\/243418660_10223324765526342_8448445083528661051_n.jpg\"><img loading=\"lazy\" class=\"aligncenter size-thumbnail wp-image-38644\" src=\"https:\/\/static-blogs.diariosur.es\/wp-content\/uploads\/sites\/12\/2023\/10\/243418660_10223324765526342_8448445083528661051_n-150x150.jpg\" alt=\"\" width=\"150\" height=\"150\" \/><\/a><\/p><\/blockquote>\n<p data-pm-slice=\"1 1 []\">Buenos d\u00edas, amigos de la meteo. Cuando son las siete y media de la ma\u00f1ana en M\u00e1laga capital, la estaci\u00f3n del aeropuerto de M\u00e1laga registra 23,4 \u00baC, los cielos est\u00e1n poco nubosos y sigue soplando terral de oto\u00f1o.<\/p>\n<p>Nuevamente, el terral ser\u00e1 protagonista hoy viernes en las zonas habituales de la provincia malague\u00f1a; las m\u00e1ximas rondar\u00e1n entre los 29 y 32 grados. En las dem\u00e1s zonas de la provincia, entre los 25 y 27 \u00baC.<\/p>\n<p>Ayer la m\u00e1xima en la capital se registr\u00f3 en el Aeropuerto y Centro Meteorol\u00f3gico con 32,8 \u00baC.<\/p>\n<h3><span style=\"color: #ff0000;\"><strong>\u00bfQu\u00e9 tiempo har\u00e1 el fin de semana en la provincia malague\u00f1a?<\/strong><\/span><\/h3>\n<p><strong>S\u00c1BADO 5 DE OCTUBRE<\/strong><\/p>\n<p data-pm-slice=\"1 1 []\">El viento soplar\u00e1 flojo de direcci\u00f3n variable en la costa e interior; hay probabilidad de brumas y nubes bajas; no descarto tar\u00f3, pero frente a la costa malague\u00f1a; ya veremos si entra a tierra. La probabilidad de precipitaciones es muy baja. La temperatura del agua del mar rondar\u00e1 los 18 y 19 \u00baC.<\/p>\n<p>Os paso las temperaturas m\u00e1ximas y m\u00ednimas que prev\u00e9 la AEMET.<\/p>\n<p>&nbsp;<\/p>\n<p><a href=\"https:\/\/static-blogs.diariosur.es\/wp-content\/uploads\/sites\/12\/2024\/10\/sabado.jpg\"><img loading=\"lazy\" class=\"aligncenter size-full wp-image-42050\" src=\"https:\/\/static-blogs.diariosur.es\/wp-content\/uploads\/sites\/12\/2024\/10\/sabado.jpg\" alt=\"\" width=\"866\" height=\"682\" srcset=\"https:\/\/static-blogs.diariosur.es\/wp-content\/uploads\/sites\/12\/2024\/10\/sabado.jpg 866w, https:\/\/static-blogs.diariosur.es\/wp-content\/uploads\/sites\/12\/2024\/10\/sabado-508x400.jpg 508w, https:\/\/static-blogs.diariosur.es\/wp-content\/uploads\/sites\/12\/2024\/10\/sabado-768x605.jpg 768w\" sizes=\"(max-width: 866px) 100vw, 866px\" \/><\/a><\/p>\n<p>&nbsp;<\/p>\n<p><strong>DOMINGO 6 DE OCTUBRE<\/strong><\/p>\n<p data-pm-slice=\"1 1 []\">El viento soplar\u00e1 flojo de direcci\u00f3n variable. Nuevamente hay probabilidad de brumas y tar\u00f3; ya veremos si se entra en la costa o se queda en alta mar. La probabilidad de precipitaciones es muy baja. La temperatura del agua del mar rondar\u00e1 los 18 y 20 \u00baC. Las temperaturas m\u00e1ximas estar\u00e1n por encima de la media en toda la provincia.<\/p>\n<p>Os pongo las temperaturas m\u00e1ximas y m\u00ednimas que prev\u00e9 la AEMET.<\/p>\n<p>&nbsp;<\/p>\n<p><a href=\"https:\/\/static-blogs.diariosur.es\/wp-content\/uploads\/sites\/12\/2024\/10\/domingo.jpg\"><img loading=\"lazy\" class=\"aligncenter size-full wp-image-42051\" src=\"https:\/\/static-blogs.diariosur.es\/wp-content\/uploads\/sites\/12\/2024\/10\/domingo.jpg\" alt=\"\" width=\"867\" height=\"677\" srcset=\"https:\/\/static-blogs.diariosur.es\/wp-content\/uploads\/sites\/12\/2024\/10\/domingo.jpg 867w, https:\/\/static-blogs.diariosur.es\/wp-content\/uploads\/sites\/12\/2024\/10\/domingo-512x400.jpg 512w, https:\/\/static-blogs.diariosur.es\/wp-content\/uploads\/sites\/12\/2024\/10\/domingo-768x600.jpg 768w\" sizes=\"(max-width: 867px) 100vw, 867px\" \/><\/a><\/p>\n","protected":false},"excerpt":{"rendered":"<p>Buenos d\u00edas, amigos de la meteo. Cuando son las siete y media de la ma\u00f1ana en M\u00e1laga capital, la estaci\u00f3n del aeropuerto de M\u00e1laga registra 23,4 \u00baC, los cielos est\u00e1n poco nubosos y sigue soplando terral de oto\u00f1o. Nuevamente, el terral ser\u00e1 protagonista hoy viernes en las zonas habituales de la provincia malague\u00f1a; las m\u00e1ximas [&hellip;]<\/p>\n","protected":false},"author":16,"featured_media":42052,"comment_status":"open","ping_status":"open","sticky":false,"template":"","format":"standard","meta":[],"categories":[2],"tags":[100,358,587,809],"_links":{"self":[{"href":"https:\/\/blogs.diariosur.es\/tormentas-y-rayos\/wp-json\/wp\/v2\/posts\/42048"}],"collection":[{"href":"https:\/\/blogs.diariosur.es\/tormentas-y-rayos\/wp-json\/wp\/v2\/posts"}],"about":[{"href":"https:\/\/blogs.diariosur.es\/tormentas-y-rayos\/wp-json\/wp\/v2\/types\/post"}],"author":[{"embeddable":true,"href":"https:\/\/blogs.diariosur.es\/tormentas-y-rayos\/wp-json\/wp\/v2\/users\/16"}],"replies":[{"embeddable":true,"href":"https:\/\/blogs.diariosur.es\/tormentas-y-rayos\/wp-json\/wp\/v2\/comments?post=42048"}],"version-history":[{"count":5,"href":"https:\/\/blogs.diariosur.es\/tormentas-y-rayos\/wp-json\/wp\/v2\/posts\/42048\/revisions"}],"predecessor-version":[{"id":47359,"href":"https:\/\/blogs.diariosur.es\/tormentas-y-rayos\/wp-json\/wp\/v2\/posts\/42048\/revisions\/47359"}],"wp:featuredmedia":[{"embeddable":true,"href":"https:\/\/blogs.diariosur.es\/tormentas-y-rayos\/wp-json\/wp\/v2\/media\/42052"}],"wp:attachment":[{"href":"https:\/\/blogs.diariosur.es\/tormentas-y-rayos\/wp-json\/wp\/v2\/media?parent=42048"}],"wp:term":[{"taxonomy":"category","embeddable":true,"href":"https:\/\/blogs.diariosur.es\/tormentas-y-rayos\/wp-json\/wp\/v2\/categories?post=42048"},{"taxonomy":"post_tag","embeddable":true,"href":"https:\/\/blogs.diariosur.es\/tormentas-y-rayos\/wp-json\/wp\/v2\/tags?post=42048"}],"curies":[{"name":"wp","href":"https:\/\/api.w.org\/{rel}","templated":true}]}}