{"id":42062,"date":"2024-10-06T10:08:02","date_gmt":"2024-10-06T08:08:02","guid":{"rendered":"https:\/\/blogs.diariosur.es\/tormentas-y-rayos\/?p=42062"},"modified":"2025-11-09T08:05:58","modified_gmt":"2025-11-09T07:05:58","slug":"mis-amigos-esperando-el-probable-cambio-de-tiempo-en-malaga","status":"publish","type":"post","link":"https:\/\/blogs.diariosur.es\/tormentas-y-rayos\/2024\/10\/06\/mis-amigos-esperando-el-probable-cambio-de-tiempo-en-malaga\/","title":{"rendered":"Mis amigos esperando el probable cambio de tiempo en M\u00e1laga. Aviso amarillo ma\u00f1ana por fen\u00f3menos costeros"},"content":{"rendered":"<p>&nbsp;<\/p>\n<p><a href=\"https:\/\/static-blogs.diariosur.es\/wp-content\/uploads\/sites\/12\/2024\/05\/444912498_10228884468795449_97962860407814916_n.jpg\"><img loading=\"lazy\" class=\"aligncenter size-thumbnail wp-image-40751\" src=\"https:\/\/static-blogs.diariosur.es\/wp-content\/uploads\/sites\/12\/2024\/05\/444912498_10228884468795449_97962860407814916_n-150x150.jpg\" alt=\"\" width=\"150\" height=\"150\" \/><\/a><\/p>\n<p data-pm-slice=\"1 1 []\">Buenos d\u00edas, amigos de la meteo. Ayer se cumplieron las previsiones que daba el jueves y el tar\u00f3 fue protagonista; lo que fue una sorpresa es el terral que entr\u00f3 a partir de las 14:00 horas en algunas zonas de la capital; sinceramente, no lo esperaba. El Aeropuerto registr\u00f3 una m\u00e1xima de 34 \u00baC, el Centro Meteorol\u00f3gico de Teatinos 33,6 y el Puerto 29,4; en esta zona de M\u00e1laga lleg\u00f3 el terral a las 20.00 horas.<\/p>\n<p>Ma\u00f1ana lunes por la tarde noche llegar\u00e1 un frente fr\u00edo a la provincia de M\u00e1laga; dejar\u00e1 precipitaciones por el interior; ser\u00e1n menos probables en zonas de costa. Este frente dejar\u00e1 rachas fuertes de viento a su paso; se activa el aviso amarillo por fen\u00f3menos costeros y rachas de 60 kil\u00f3metros por hora. Por la ma\u00f1ana hay probabilidad de brumas y tar\u00f3 en algunos puntos de la costa malague\u00f1a. Las temperaturas m\u00e1ximas rondar\u00e1n entre los 26 y 30 \u00baC.<\/p>\n<p>A los que ayer leen como les da la gana, vuelvo a poner el post. En ning\u00fan momento he dicho que va a llover. Estoy un poco harto de los comentarios y mensajes que recibo.<\/p>\n<p>Vuelvo a poner el post.<\/p>\n<h3 class=\"voc-blogs-section\"><a href=\"https:\/\/blogs.diariosur.es\/tormentas-y-rayos\/2024\/10\/05\/favorecera-el-huracan-kirk-categoria-4-un-cambio-de-tiempo-en-malaga-con-probables-lluvias\/\"><span style=\"color: #ff0000;\">\u00bfFavorecer\u00e1 el hurac\u00e1n Kirk categor\u00eda 4, un cambio de tiempo en M\u00e1laga con probables lluvias?<\/span><\/a><\/h3>\n<p data-pm-slice=\"1 1 []\"><strong>Os doy la \u00faltima hora del probable cambio de tiempo.<\/strong><\/p>\n<p>El hurac\u00e1n Kirk en estos momentos es de categor\u00eda 3, vientos sostenidos de 185 km\/h.<\/p>\n<p>La borrasca extratropical Kirk, con los modelos actualizados, pasar\u00e1 m\u00e1s cerca del noroeste de la pen\u00ednsula el pr\u00f3ximo mi\u00e9rcoles.<\/p>\n<p>A d\u00eda de hoy sigue habiendo probabilidad de que tengamos un r\u00edo atmosf\u00e9rico a partir del jueves y viernes, pero a\u00fan no est\u00e1 claro c\u00f3mo afectar\u00e1 a la provincia de M\u00e1laga y Andaluc\u00eda. Tambi\u00e9n entra en juego a partir del s\u00e1bado la probable, no confirmo, formaci\u00f3n de una dana entre el Cabo de San Vicente y el Golfo de C\u00e1diz. De cumplirse estos dos escenarios que dan tanto el modelo europeo como el americano, tendr\u00edamos las lluvias deseadas en la provincia de M\u00e1laga y en muchas zonas de nuestra comunidad. Hasta el mi\u00e9rcoles no habr\u00e1 nada claro; yo solo informo lo que dicen los modelos a d\u00eda de hoy.<\/p>\n<p><strong>Os dejo con esta simp\u00e1tica foto que hizo mi amiga Conchi Molina Moreno a mis amigos Javi, Velasco y Juan. Est\u00e1n negros de esperar el cambio de tiempo, je, jejeje.\u00a0<\/strong><\/p>\n<p>&nbsp;<\/p>\n<p><a href=\"https:\/\/static-blogs.diariosur.es\/wp-content\/uploads\/sites\/12\/2024\/10\/462200279_10230107443769059_3535618342412181850_n.jpg\"><img loading=\"lazy\" class=\"aligncenter size-full wp-image-42064\" src=\"https:\/\/static-blogs.diariosur.es\/wp-content\/uploads\/sites\/12\/2024\/10\/462200279_10230107443769059_3535618342412181850_n.jpg\" alt=\"\" width=\"960\" height=\"807\" srcset=\"https:\/\/static-blogs.diariosur.es\/wp-content\/uploads\/sites\/12\/2024\/10\/462200279_10230107443769059_3535618342412181850_n.jpg 960w, https:\/\/static-blogs.diariosur.es\/wp-content\/uploads\/sites\/12\/2024\/10\/462200279_10230107443769059_3535618342412181850_n-476x400.jpg 476w, https:\/\/static-blogs.diariosur.es\/wp-content\/uploads\/sites\/12\/2024\/10\/462200279_10230107443769059_3535618342412181850_n-768x646.jpg 768w\" sizes=\"(max-width: 960px) 100vw, 960px\" \/><\/a><\/p>\n","protected":false},"excerpt":{"rendered":"<p>&nbsp; Buenos d\u00edas, amigos de la meteo. Ayer se cumplieron las previsiones que daba el jueves y el tar\u00f3 fue protagonista; lo que fue una sorpresa es el terral que entr\u00f3 a partir de las 14:00 horas en algunas zonas de la capital; sinceramente, no lo esperaba. El Aeropuerto registr\u00f3 una m\u00e1xima de 34 \u00baC, [&hellip;]<\/p>\n","protected":false},"author":16,"featured_media":42064,"comment_status":"open","ping_status":"open","sticky":false,"template":"","format":"standard","meta":[],"categories":[2],"tags":[100,358,496,1962,587],"_links":{"self":[{"href":"https:\/\/blogs.diariosur.es\/tormentas-y-rayos\/wp-json\/wp\/v2\/posts\/42062"}],"collection":[{"href":"https:\/\/blogs.diariosur.es\/tormentas-y-rayos\/wp-json\/wp\/v2\/posts"}],"about":[{"href":"https:\/\/blogs.diariosur.es\/tormentas-y-rayos\/wp-json\/wp\/v2\/types\/post"}],"author":[{"embeddable":true,"href":"https:\/\/blogs.diariosur.es\/tormentas-y-rayos\/wp-json\/wp\/v2\/users\/16"}],"replies":[{"embeddable":true,"href":"https:\/\/blogs.diariosur.es\/tormentas-y-rayos\/wp-json\/wp\/v2\/comments?post=42062"}],"version-history":[{"count":7,"href":"https:\/\/blogs.diariosur.es\/tormentas-y-rayos\/wp-json\/wp\/v2\/posts\/42062\/revisions"}],"predecessor-version":[{"id":47355,"href":"https:\/\/blogs.diariosur.es\/tormentas-y-rayos\/wp-json\/wp\/v2\/posts\/42062\/revisions\/47355"}],"wp:featuredmedia":[{"embeddable":true,"href":"https:\/\/blogs.diariosur.es\/tormentas-y-rayos\/wp-json\/wp\/v2\/media\/42064"}],"wp:attachment":[{"href":"https:\/\/blogs.diariosur.es\/tormentas-y-rayos\/wp-json\/wp\/v2\/media?parent=42062"}],"wp:term":[{"taxonomy":"category","embeddable":true,"href":"https:\/\/blogs.diariosur.es\/tormentas-y-rayos\/wp-json\/wp\/v2\/categories?post=42062"},{"taxonomy":"post_tag","embeddable":true,"href":"https:\/\/blogs.diariosur.es\/tormentas-y-rayos\/wp-json\/wp\/v2\/tags?post=42062"}],"curies":[{"name":"wp","href":"https:\/\/api.w.org\/{rel}","templated":true}]}}