{"id":42071,"date":"2024-10-08T12:06:25","date_gmt":"2024-10-08T10:06:25","guid":{"rendered":"https:\/\/blogs.diariosur.es\/tormentas-y-rayos\/?p=42071"},"modified":"2025-11-09T08:03:05","modified_gmt":"2025-11-09T07:03:05","slug":"fotos-y-videos-embalses-del-guadalhorce-actualizados-probables-acumulados-de-precipitacion-en-andalucia-y-malaga-hasta-el-viernes","status":"publish","type":"post","link":"https:\/\/blogs.diariosur.es\/tormentas-y-rayos\/2024\/10\/08\/fotos-y-videos-embalses-del-guadalhorce-actualizados-probables-acumulados-de-precipitacion-en-andalucia-y-malaga-hasta-el-viernes\/","title":{"rendered":"Fotos y videos de los embalses del Guadalhorce actualizados. Probables acumulados de precipitaci\u00f3n en Andaluc\u00eda y M\u00e1laga hasta el viernes"},"content":{"rendered":"<p><a href=\"https:\/\/static-blogs.diariosur.es\/wp-content\/uploads\/sites\/12\/2023\/10\/243418660_10223324765526342_8448445083528661051_n.jpg\"><img loading=\"lazy\" class=\"aligncenter size-thumbnail wp-image-38644\" src=\"https:\/\/static-blogs.diariosur.es\/wp-content\/uploads\/sites\/12\/2023\/10\/243418660_10223324765526342_8448445083528661051_n-150x150.jpg\" alt=\"\" width=\"150\" height=\"150\" \/><\/a><\/p>\n<p>&nbsp;<\/p>\n<p data-pm-slice=\"1 1 []\">Buenas tardes, amigos de la meteo. Esta ma\u00f1ana muy temprano me he ido a la zona de los Embalses de Guadalhorce para hacer fotos y videos; una pena ver c\u00f3mo est\u00e1n. Tambi\u00e9n es triste ver c\u00f3mo est\u00e1 el campo de seco. Os paso primeramente los datos actualizados, y a continuaci\u00f3n os pongo las fotos y videos. Para terminar, los acumulados que se esperan <strong>hasta el viernes<\/strong> en Andaluc\u00eda y M\u00e1laga por los modelos Europeo y Americano, hay mucha incertidumbre.<\/p>\n<p>Estado actual a 8 de octubre de 2024<\/p>\n<p>&nbsp;<\/p>\n<p><a href=\"https:\/\/static-blogs.diariosur.es\/wp-content\/uploads\/sites\/12\/2024\/10\/Captura-de-pantalla-2024-10-08-065424-e1728363339250.jpg\"><img loading=\"lazy\" class=\"aligncenter size-full wp-image-42077\" src=\"https:\/\/static-blogs.diariosur.es\/wp-content\/uploads\/sites\/12\/2024\/10\/Captura-de-pantalla-2024-10-08-065424-e1728363339250.jpg\" alt=\"\" width=\"1200\" height=\"362\" \/><\/a><\/p>\n<p>&nbsp;<\/p>\n<p>Os pongo tambi\u00e9n como estaban en febrero de este a\u00f1o antes de las lluvias de marzo. Acordaros que a final de abril ten\u00edamos 174 hect\u00f3metros c\u00fabicos.<\/p>\n<p>&nbsp;<\/p>\n<p><a href=\"https:\/\/static-blogs.diariosur.es\/wp-content\/uploads\/sites\/12\/2024\/10\/460949885_10229980735081421_7398585862169485087_n.jpg\"><img loading=\"lazy\" class=\"aligncenter size-full wp-image-42076\" src=\"https:\/\/static-blogs.diariosur.es\/wp-content\/uploads\/sites\/12\/2024\/10\/460949885_10229980735081421_7398585862169485087_n.jpg\" alt=\"\" width=\"843\" height=\"502\" srcset=\"https:\/\/static-blogs.diariosur.es\/wp-content\/uploads\/sites\/12\/2024\/10\/460949885_10229980735081421_7398585862169485087_n.jpg 843w, https:\/\/static-blogs.diariosur.es\/wp-content\/uploads\/sites\/12\/2024\/10\/460949885_10229980735081421_7398585862169485087_n-640x381.jpg 640w, https:\/\/static-blogs.diariosur.es\/wp-content\/uploads\/sites\/12\/2024\/10\/460949885_10229980735081421_7398585862169485087_n-768x457.jpg 768w\" sizes=\"(max-width: 843px) 100vw, 843px\" \/><\/a><\/p>\n<p>&nbsp;<\/p>\n<p>&nbsp;<\/p>\n<p>EMBALSE CONDE GUADALHORCE<\/p>\n<p>&nbsp;<\/p>\n<p><iframe loading=\"lazy\" title=\"YouTube video player\" src=\"https:\/\/www.youtube.com\/embed\/klxE9nbTZPI?si=ZnrI9ek9SoanfyN3\" width=\"560\" height=\"315\" frameborder=\"0\" allowfullscreen=\"allowfullscreen\"><\/iframe><\/p>\n<p>&nbsp;<\/p>\n<p><a href=\"https:\/\/static-blogs.diariosur.es\/wp-content\/uploads\/sites\/12\/2024\/10\/CONDE-DE-GUADALHORCE.jpg\"><img loading=\"lazy\" class=\"aligncenter size-full wp-image-42080\" src=\"https:\/\/static-blogs.diariosur.es\/wp-content\/uploads\/sites\/12\/2024\/10\/CONDE-DE-GUADALHORCE.jpg\" alt=\"\" width=\"1200\" height=\"800\" srcset=\"https:\/\/static-blogs.diariosur.es\/wp-content\/uploads\/sites\/12\/2024\/10\/CONDE-DE-GUADALHORCE.jpg 1200w, https:\/\/static-blogs.diariosur.es\/wp-content\/uploads\/sites\/12\/2024\/10\/CONDE-DE-GUADALHORCE-600x400.jpg 600w, https:\/\/static-blogs.diariosur.es\/wp-content\/uploads\/sites\/12\/2024\/10\/CONDE-DE-GUADALHORCE-768x512.jpg 768w\" sizes=\"(max-width: 1200px) 100vw, 1200px\" \/><\/a><\/p>\n<p>&nbsp;<\/p>\n<p>EMBALSE GUADALTEBA<\/p>\n<p>&nbsp;<\/p>\n<p><iframe loading=\"lazy\" title=\"YouTube video player\" src=\"https:\/\/www.youtube.com\/embed\/E2Oum4VQb3k?si=k_WtwW1tjTfsCSpa\" width=\"560\" height=\"315\" frameborder=\"0\" allowfullscreen=\"allowfullscreen\"><\/iframe><\/p>\n<p>&nbsp;<\/p>\n<p><a href=\"https:\/\/static-blogs.diariosur.es\/wp-content\/uploads\/sites\/12\/2024\/10\/GUADALTEBA.jpg\"><img loading=\"lazy\" class=\"aligncenter size-full wp-image-42081\" src=\"https:\/\/static-blogs.diariosur.es\/wp-content\/uploads\/sites\/12\/2024\/10\/GUADALTEBA.jpg\" alt=\"\" width=\"1200\" height=\"800\" srcset=\"https:\/\/static-blogs.diariosur.es\/wp-content\/uploads\/sites\/12\/2024\/10\/GUADALTEBA.jpg 1200w, https:\/\/static-blogs.diariosur.es\/wp-content\/uploads\/sites\/12\/2024\/10\/GUADALTEBA-600x400.jpg 600w, https:\/\/static-blogs.diariosur.es\/wp-content\/uploads\/sites\/12\/2024\/10\/GUADALTEBA-768x512.jpg 768w\" sizes=\"(max-width: 1200px) 100vw, 1200px\" \/><\/a><\/p>\n<p>&nbsp;<\/p>\n<p>EMBALSE GUADALHORCE<\/p>\n<p>&nbsp;<\/p>\n<p><iframe loading=\"lazy\" title=\"YouTube video player\" src=\"https:\/\/www.youtube.com\/embed\/_hXtC8aLEmc?si=Qtb9z9IO-hFK0wR0\" width=\"560\" height=\"315\" frameborder=\"0\" allowfullscreen=\"allowfullscreen\"><\/iframe><\/p>\n<p>&nbsp;<\/p>\n<p><a href=\"https:\/\/static-blogs.diariosur.es\/wp-content\/uploads\/sites\/12\/2024\/10\/GUADALHORCE.jpg\"><img loading=\"lazy\" class=\"aligncenter size-full wp-image-42082\" src=\"https:\/\/static-blogs.diariosur.es\/wp-content\/uploads\/sites\/12\/2024\/10\/GUADALHORCE.jpg\" alt=\"\" width=\"1200\" height=\"800\" srcset=\"https:\/\/static-blogs.diariosur.es\/wp-content\/uploads\/sites\/12\/2024\/10\/GUADALHORCE.jpg 1200w, https:\/\/static-blogs.diariosur.es\/wp-content\/uploads\/sites\/12\/2024\/10\/GUADALHORCE-600x400.jpg 600w, https:\/\/static-blogs.diariosur.es\/wp-content\/uploads\/sites\/12\/2024\/10\/GUADALHORCE-768x512.jpg 768w\" sizes=\"(max-width: 1200px) 100vw, 1200px\" \/><\/a><\/p>\n<p>&nbsp;<\/p>\n<h3><\/h3>\n<h3><span style=\"color: #0000ff;\"><strong>Probables acumulados de precipitaci\u00f3n en Andaluc\u00eda y M\u00e1laga hasta el viernes.<\/strong><\/span><\/h3>\n<p>Os pongo primero los acumulados que da el <strong>modelo europeo<\/strong>, la mayor parte se dar\u00edan en la provincia de M\u00e1laga a ultima hora del viernes. Ma\u00f1ana y el jueves no espero apenas nada.<\/p>\n<p>En cuanto al resto de la comunidad tambi\u00e9n seria el viernes. A\u00fan puede cambiar.<\/p>\n<p>&nbsp;<\/p>\n<p><a href=\"https:\/\/static-blogs.diariosur.es\/wp-content\/uploads\/sites\/12\/2024\/10\/MALAGA-EUROPEO.jpg\"><img loading=\"lazy\" class=\"aligncenter size-full wp-image-42084\" src=\"https:\/\/static-blogs.diariosur.es\/wp-content\/uploads\/sites\/12\/2024\/10\/MALAGA-EUROPEO.jpg\" alt=\"\" width=\"948\" height=\"952\" srcset=\"https:\/\/static-blogs.diariosur.es\/wp-content\/uploads\/sites\/12\/2024\/10\/MALAGA-EUROPEO.jpg 948w, https:\/\/static-blogs.diariosur.es\/wp-content\/uploads\/sites\/12\/2024\/10\/MALAGA-EUROPEO-150x150.jpg 150w, https:\/\/static-blogs.diariosur.es\/wp-content\/uploads\/sites\/12\/2024\/10\/MALAGA-EUROPEO-398x400.jpg 398w, https:\/\/static-blogs.diariosur.es\/wp-content\/uploads\/sites\/12\/2024\/10\/MALAGA-EUROPEO-768x771.jpg 768w\" sizes=\"(max-width: 948px) 100vw, 948px\" \/><\/a><\/p>\n<p>&nbsp;<\/p>\n<p><a href=\"https:\/\/static-blogs.diariosur.es\/wp-content\/uploads\/sites\/12\/2024\/10\/ANDALUCIA-EUROPEO.jpg\"><img loading=\"lazy\" class=\"aligncenter size-full wp-image-42085\" src=\"https:\/\/static-blogs.diariosur.es\/wp-content\/uploads\/sites\/12\/2024\/10\/ANDALUCIA-EUROPEO.jpg\" alt=\"\" width=\"952\" height=\"947\" srcset=\"https:\/\/static-blogs.diariosur.es\/wp-content\/uploads\/sites\/12\/2024\/10\/ANDALUCIA-EUROPEO.jpg 952w, https:\/\/static-blogs.diariosur.es\/wp-content\/uploads\/sites\/12\/2024\/10\/ANDALUCIA-EUROPEO-150x150.jpg 150w, https:\/\/static-blogs.diariosur.es\/wp-content\/uploads\/sites\/12\/2024\/10\/ANDALUCIA-EUROPEO-402x400.jpg 402w, https:\/\/static-blogs.diariosur.es\/wp-content\/uploads\/sites\/12\/2024\/10\/ANDALUCIA-EUROPEO-768x764.jpg 768w\" sizes=\"(max-width: 952px) 100vw, 952px\" \/><\/a><\/p>\n<p>&nbsp;<\/p>\n<p><span style=\"color: #ff0000;\"><strong>El modelo americano da muy poca cosa, hay mucha incertidumbre a\u00fan. Fijaros la diferencia con el europeo<\/strong><\/span>.<\/p>\n<p>&nbsp;<\/p>\n<p><a href=\"https:\/\/static-blogs.diariosur.es\/wp-content\/uploads\/sites\/12\/2024\/10\/MALAGA-AMERICANO.jpg\"><img loading=\"lazy\" class=\"aligncenter size-full wp-image-42086\" src=\"https:\/\/static-blogs.diariosur.es\/wp-content\/uploads\/sites\/12\/2024\/10\/MALAGA-AMERICANO.jpg\" alt=\"\" width=\"945\" height=\"957\" srcset=\"https:\/\/static-blogs.diariosur.es\/wp-content\/uploads\/sites\/12\/2024\/10\/MALAGA-AMERICANO.jpg 945w, https:\/\/static-blogs.diariosur.es\/wp-content\/uploads\/sites\/12\/2024\/10\/MALAGA-AMERICANO-395x400.jpg 395w, https:\/\/static-blogs.diariosur.es\/wp-content\/uploads\/sites\/12\/2024\/10\/MALAGA-AMERICANO-768x778.jpg 768w\" sizes=\"(max-width: 945px) 100vw, 945px\" \/><\/a><\/p>\n<p><a href=\"https:\/\/static-blogs.diariosur.es\/wp-content\/uploads\/sites\/12\/2024\/10\/ANDALUC\u00cdA-AMERICANO.jpg\"><img loading=\"lazy\" class=\"aligncenter size-full wp-image-42088\" src=\"https:\/\/static-blogs.diariosur.es\/wp-content\/uploads\/sites\/12\/2024\/10\/ANDALUC\u00cdA-AMERICANO.jpg\" alt=\"\" width=\"947\" height=\"948\" srcset=\"https:\/\/static-blogs.diariosur.es\/wp-content\/uploads\/sites\/12\/2024\/10\/ANDALUC\u00cdA-AMERICANO.jpg 947w, https:\/\/static-blogs.diariosur.es\/wp-content\/uploads\/sites\/12\/2024\/10\/ANDALUC\u00cdA-AMERICANO-150x150.jpg 150w, https:\/\/static-blogs.diariosur.es\/wp-content\/uploads\/sites\/12\/2024\/10\/ANDALUC\u00cdA-AMERICANO-400x400.jpg 400w, https:\/\/static-blogs.diariosur.es\/wp-content\/uploads\/sites\/12\/2024\/10\/ANDALUC\u00cdA-AMERICANO-768x769.jpg 768w\" sizes=\"(max-width: 947px) 100vw, 947px\" \/><\/a><\/p>\n<p>&nbsp;<\/p>\n<p>Para el s\u00e1bado y el domingo, el jueves estar\u00e1 m\u00e1s claro.<\/p>\n","protected":false},"excerpt":{"rendered":"<p>&nbsp; Buenas tardes, amigos de la meteo. Esta ma\u00f1ana muy temprano me he ido a la zona de los Embalses de Guadalhorce para hacer fotos y videos; una pena ver c\u00f3mo est\u00e1n. Tambi\u00e9n es triste ver c\u00f3mo est\u00e1 el campo de seco. Os paso primeramente los datos actualizados, y a continuaci\u00f3n os pongo las fotos [&hellip;]<\/p>\n","protected":false},"author":16,"featured_media":42082,"comment_status":"open","ping_status":"open","sticky":false,"template":"","format":"standard","meta":[],"categories":[2],"tags":[100,358,496,1962,587,909],"_links":{"self":[{"href":"https:\/\/blogs.diariosur.es\/tormentas-y-rayos\/wp-json\/wp\/v2\/posts\/42071"}],"collection":[{"href":"https:\/\/blogs.diariosur.es\/tormentas-y-rayos\/wp-json\/wp\/v2\/posts"}],"about":[{"href":"https:\/\/blogs.diariosur.es\/tormentas-y-rayos\/wp-json\/wp\/v2\/types\/post"}],"author":[{"embeddable":true,"href":"https:\/\/blogs.diariosur.es\/tormentas-y-rayos\/wp-json\/wp\/v2\/users\/16"}],"replies":[{"embeddable":true,"href":"https:\/\/blogs.diariosur.es\/tormentas-y-rayos\/wp-json\/wp\/v2\/comments?post=42071"}],"version-history":[{"count":10,"href":"https:\/\/blogs.diariosur.es\/tormentas-y-rayos\/wp-json\/wp\/v2\/posts\/42071\/revisions"}],"predecessor-version":[{"id":47354,"href":"https:\/\/blogs.diariosur.es\/tormentas-y-rayos\/wp-json\/wp\/v2\/posts\/42071\/revisions\/47354"}],"wp:featuredmedia":[{"embeddable":true,"href":"https:\/\/blogs.diariosur.es\/tormentas-y-rayos\/wp-json\/wp\/v2\/media\/42082"}],"wp:attachment":[{"href":"https:\/\/blogs.diariosur.es\/tormentas-y-rayos\/wp-json\/wp\/v2\/media?parent=42071"}],"wp:term":[{"taxonomy":"category","embeddable":true,"href":"https:\/\/blogs.diariosur.es\/tormentas-y-rayos\/wp-json\/wp\/v2\/categories?post=42071"},{"taxonomy":"post_tag","embeddable":true,"href":"https:\/\/blogs.diariosur.es\/tormentas-y-rayos\/wp-json\/wp\/v2\/tags?post=42071"}],"curies":[{"name":"wp","href":"https:\/\/api.w.org\/{rel}","templated":true}]}}