{"id":42107,"date":"2024-10-11T17:58:02","date_gmt":"2024-10-11T15:58:02","guid":{"rendered":"https:\/\/blogs.diariosur.es\/tormentas-y-rayos\/?p=42107"},"modified":"2025-11-09T07:57:47","modified_gmt":"2025-11-09T06:57:47","slug":"acumulados-de-precipitaciones-en-la-provincia-malaguena-al-quedarse-sin-gasolina-el-avion","status":"publish","type":"post","link":"https:\/\/blogs.diariosur.es\/tormentas-y-rayos\/2024\/10\/11\/acumulados-de-precipitaciones-en-la-provincia-malaguena-al-quedarse-sin-gasolina-el-avion\/","title":{"rendered":"Acumulados de precipitaciones en la provincia malague\u00f1a, al quedarse sin gasolina el avi\u00f3n."},"content":{"rendered":"<p><a href=\"https:\/\/static-blogs.diariosur.es\/wp-content\/uploads\/sites\/12\/2023\/06\/66505616_10216972270637940_5684453640765440_n-1.jpg\"><img loading=\"lazy\" class=\"aligncenter size-thumbnail wp-image-37370\" src=\"https:\/\/static-blogs.diariosur.es\/wp-content\/uploads\/sites\/12\/2023\/06\/66505616_10216972270637940_5684453640765440_n-1-150x150.jpg\" alt=\"\" width=\"150\" height=\"150\" srcset=\"https:\/\/static-blogs.diariosur.es\/wp-content\/uploads\/sites\/12\/2023\/06\/66505616_10216972270637940_5684453640765440_n-1-150x150.jpg 150w, https:\/\/static-blogs.diariosur.es\/wp-content\/uploads\/sites\/12\/2023\/06\/66505616_10216972270637940_5684453640765440_n-1-400x400.jpg 400w, https:\/\/static-blogs.diariosur.es\/wp-content\/uploads\/sites\/12\/2023\/06\/66505616_10216972270637940_5684453640765440_n-1.jpg 768w\" sizes=\"(max-width: 150px) 100vw, 150px\" \/><\/a><\/p>\n<p data-pm-slice=\"1 1 []\">Buenas tardes, amigos de la meteo. Sorpresa la que hemos tenido hoy viernes en buena parte de la provincia, gracias a que el avi\u00f3n se qued\u00f3 sin gasolina. Tambi\u00e9n hay que reconocer que algunos portales no se han mojado, como en la zona de la comarca de Antequera; lo mismo el avi\u00f3n en esa zona a\u00fan tendr\u00eda gasolina. Os pongo algunos acumulados que hemos tenido. Fuente: Meteoclimatic, Red Hidrosur y Aemet.<\/p>\n<p>Nos vemos ma\u00f1ana.<\/p>\n<p>Algatoc\u00edn 10,4 mm<\/p>\n<p>Alhaur\u00edn el Grande\u00a0 5,8 mm<\/p>\n<p>Alhaurin de la Torre\u00a0 2 mm<\/p>\n<p>Arroyo de la Miel 4,8 mm<\/p>\n<p>Benalm\u00e1dena Arroyo de la Miel\u00a0 4,2<\/p>\n<p>C\u00e1rtama Sierra Llana\u00a0 3,3 mm<\/p>\n<p>Ist\u00e1n\u00a0 6,8 mm<\/p>\n<p>La Cala de Mijas\u00a0 6,8 mm<\/p>\n<p>Mijas Pueblo 5,6 mm<\/p>\n<p>Tolox 5 mm<\/p>\n<p>Ronda San Crist\u00f3bal\u00a0 3 mm<\/p>\n<p>Torremolinos\u00a0 3,8<\/p>\n<p>Los Reales\u00a0 9,1 mm<\/p>\n<p>Majada de las Lomas 11,5<\/p>\n<p>Rio Genal Jubrique 9,8 mm<\/p>\n<p>Pujerra 11 mm<\/p>\n<p>Embalse de la Concepci\u00f3n 6,1 mm<\/p>\n<p>Ojen 5 mm<\/p>\n<p>Embalse del Limonero\u00a0 2,2 mm<\/p>\n<p>Depuradora de Marbella 4,8 mm<\/p>\n<p>Coin 5,2 mm<\/p>\n<p>Rio Guadiaro Majaceite\u00a0 9,4 mm<\/p>\n<p>Embalse Guadalmina 7,7 mm<\/p>\n<p>Embalse Guadalmansa 7,8 mm<\/p>\n<p>M\u00e1laga Aeropuerto\u00a0 3,7 mm<\/p>\n<p>Estepona\u00a0 12,6 mm<\/p>\n<p>Fuengirola\u00a0 6,1 mm<\/p>\n<p>Cortes de la Frontera 10,4 mm<\/p>\n<p>Gaucin 11.6 mm<\/p>\n<p>Alpande\u00edre 8,8 mm<\/p>\n<p>Benahavis 7,4 mm<\/p>\n<p>Monda 6,3 mm<\/p>\n","protected":false},"excerpt":{"rendered":"<p>Buenas tardes, amigos de la meteo. Sorpresa la que hemos tenido hoy viernes en buena parte de la provincia, gracias a que el avi\u00f3n se qued\u00f3 sin gasolina. Tambi\u00e9n hay que reconocer que algunos portales no se han mojado, como en la zona de la comarca de Antequera; lo mismo el avi\u00f3n en esa zona [&hellip;]<\/p>\n","protected":false},"author":16,"featured_media":38323,"comment_status":"open","ping_status":"open","sticky":false,"template":"","format":"standard","meta":[],"categories":[2],"tags":[358,587,800],"_links":{"self":[{"href":"https:\/\/blogs.diariosur.es\/tormentas-y-rayos\/wp-json\/wp\/v2\/posts\/42107"}],"collection":[{"href":"https:\/\/blogs.diariosur.es\/tormentas-y-rayos\/wp-json\/wp\/v2\/posts"}],"about":[{"href":"https:\/\/blogs.diariosur.es\/tormentas-y-rayos\/wp-json\/wp\/v2\/types\/post"}],"author":[{"embeddable":true,"href":"https:\/\/blogs.diariosur.es\/tormentas-y-rayos\/wp-json\/wp\/v2\/users\/16"}],"replies":[{"embeddable":true,"href":"https:\/\/blogs.diariosur.es\/tormentas-y-rayos\/wp-json\/wp\/v2\/comments?post=42107"}],"version-history":[{"count":6,"href":"https:\/\/blogs.diariosur.es\/tormentas-y-rayos\/wp-json\/wp\/v2\/posts\/42107\/revisions"}],"predecessor-version":[{"id":47350,"href":"https:\/\/blogs.diariosur.es\/tormentas-y-rayos\/wp-json\/wp\/v2\/posts\/42107\/revisions\/47350"}],"wp:featuredmedia":[{"embeddable":true,"href":"https:\/\/blogs.diariosur.es\/tormentas-y-rayos\/wp-json\/wp\/v2\/media\/38323"}],"wp:attachment":[{"href":"https:\/\/blogs.diariosur.es\/tormentas-y-rayos\/wp-json\/wp\/v2\/media?parent=42107"}],"wp:term":[{"taxonomy":"category","embeddable":true,"href":"https:\/\/blogs.diariosur.es\/tormentas-y-rayos\/wp-json\/wp\/v2\/categories?post=42107"},{"taxonomy":"post_tag","embeddable":true,"href":"https:\/\/blogs.diariosur.es\/tormentas-y-rayos\/wp-json\/wp\/v2\/tags?post=42107"}],"curies":[{"name":"wp","href":"https:\/\/api.w.org\/{rel}","templated":true}]}}