{"id":42125,"date":"2024-10-13T15:45:33","date_gmt":"2024-10-13T13:45:33","guid":{"rendered":"https:\/\/blogs.diariosur.es\/tormentas-y-rayos\/?p=42125"},"modified":"2025-11-09T07:50:58","modified_gmt":"2025-11-09T06:50:58","slug":"acumulados-de-precipitacion-en-la-provincia-de-malaga-en-48-horas-el-martes-mas","status":"publish","type":"post","link":"https:\/\/blogs.diariosur.es\/tormentas-y-rayos\/2024\/10\/13\/acumulados-de-precipitacion-en-la-provincia-de-malaga-en-48-horas-el-martes-mas\/","title":{"rendered":"Acumulados de precipitaci\u00f3n en la provincia de M\u00e1laga en 48 horas. El martes m\u00e1s."},"content":{"rendered":"<p><a href=\"https:\/\/static-blogs.diariosur.es\/wp-content\/uploads\/sites\/12\/2024\/05\/444912498_10228884468795449_97962860407814916_n.jpg\"><img loading=\"lazy\" class=\"aligncenter size-thumbnail wp-image-40751\" src=\"https:\/\/static-blogs.diariosur.es\/wp-content\/uploads\/sites\/12\/2024\/05\/444912498_10228884468795449_97962860407814916_n-150x150.jpg\" alt=\"\" width=\"150\" height=\"150\" \/><\/a><\/p>\n<p data-pm-slice=\"1 1 []\">Buenas tardes, amigos de la meteo. Os paso los acumulados de precipitaci\u00f3n; para el campo ha venido muy bien. El martes se esperan m\u00e1s precipitaciones; a\u00fan no tengo muy claro en qu\u00e9 zonas de la provincia malague\u00f1a llover\u00e1 m\u00e1s.<\/p>\n<p>Es probable que el martes se activen avisos amarillos por lluvias y tormentas en la provincia.<\/p>\n<h3><span style=\"color: #0000ff;\"><strong>Acumulados de precipitaci\u00f3n en la provincia de M\u00e1laga en 48 horas.<\/strong><\/span><\/h3>\n<p>Fuentes Red Hidrosur, Aemet, Meteoclimatic, Acamet y Wunderground<\/p>\n<p>Pilones 74,2 mm<\/p>\n<p>Los Valientes\u00a0 56 mm<\/p>\n<p>Algatoc\u00edn 50 mm<\/p>\n<p>\u00c1lora\u00a0 42 mm<\/p>\n<p>Alhaur\u00edn el Grande\u00a0 20 mm<\/p>\n<p>Periana 19.8 mm<\/p>\n<p>Almayate 34,8 mm<\/p>\n<p>Alhaurin de la Torre\u00a0 16 mm<\/p>\n<p>Antequera 26 mm<\/p>\n<p>Arroyo de la Miel\u00a0 19,8 mm<\/p>\n<p>Benalm\u00e1dena Arroyo de la Miel 15,6 mm<\/p>\n<p>C\u00e1rtama\u00a0 17.7 mm<\/p>\n<p>Ist\u00e1n 25 mm<\/p>\n<p>Marbella 19 mm<\/p>\n<p>La Cala de Mijas\u00a0 15,4 mm<\/p>\n<p>Mijas Pueblo\u00a0 16, 8 mm<\/p>\n<p>Tolox 31 mm<\/p>\n<p>Ronda San Crist\u00f3bal 41 mm<\/p>\n<p>Torremolinos 20 mm<\/p>\n<p>Los Reales 48 mm<\/p>\n<p>Majada de las Lomas 48,2 mm<\/p>\n<p>Rio Genal Jubrique 38,7 mm<\/p>\n<p>Pujerra 45,5 mm<\/p>\n<p>Archidona Huertas del R\u00edo\u00a0 27,4 mm<\/p>\n<p>Archidona Puerta de la Hoya 30 mm<\/p>\n<p>Rinc\u00f3n de la Victoria 15 mm<\/p>\n<p>Embalse de la Concepci\u00f3n 20,2 mm<\/p>\n<p>Ojen 19 mm<\/p>\n<p>Alfarnatejo\u00a0 17,8 mm<\/p>\n<p>Villanueva de la Concepci\u00f3n 26,4 mm<\/p>\n<p>Embalse del Limonero 12,3 mm<\/p>\n<p>Embalse de la Vi\u00f1uela 13.7<\/p>\n<p>Coin 16.5 mm<\/p>\n<p>Rio Grande Las Millanas 23 mm<\/p>\n<p>Rio Guadalteba Aforo Teba 20,5 mm<\/p>\n<p>Embalse Guadalmina 13,5 mm<\/p>\n<p>Embalse Guadalmansa\u00a0 31,5 mm<\/p>\n<p>Las Golondrinas\u00a0 20 mm<\/p>\n<p>M\u00e1laga Aeropuerto 13 mm<\/p>\n<p>M\u00e1laga Centro Meteorol\u00f3gico\u00a0 17 mm<\/p>\n<p>Estepona\u00a0 40 mm<\/p>\n<p>El Burgo 35 mm<\/p>\n<p>Fuengirola\u00a0 18 mm<\/p>\n<p>Torre del Mar\u00a0 20,2 mm<\/p>\n<p>Cortes de la Frontera 50 mm<\/p>\n<p>Gaucin\u00a0 45 mm<\/p>\n<p>Alpande\u00edre\u00a0 49 mm<\/p>\n<p>Benahavis 35 mm<\/p>\n<p>Yunquera\u00a0 40 mm<\/p>\n<p>Arriate 39 mm<\/p>\n<p>Jubrique\u00a0 49 mm<\/p>\n<p>El Borge\u00a0 21,9 mm<\/p>\n<p>Almachar 21,6 mm<\/p>\n<p>V\u00e9lez M\u00e1laga 19,8 mm<\/p>\n<p>Os dejo con este bonito pluvi\u00f3metro de mi amigo Crist\u00f3bal Gambero. Ya mismo lo llenamos<\/p>\n<p>&nbsp;<\/p>\n<p><a href=\"https:\/\/static-blogs.diariosur.es\/wp-content\/uploads\/sites\/12\/2024\/02\/394258161_6653796968002574_8875315958152181615_n-e1709015374965.jpg\"><img loading=\"lazy\" class=\"aligncenter size-full wp-image-40003\" src=\"https:\/\/static-blogs.diariosur.es\/wp-content\/uploads\/sites\/12\/2024\/02\/394258161_6653796968002574_8875315958152181615_n-e1709015374965.jpg\" alt=\"\" width=\"800\" height=\"600\" \/><\/a><\/p>\n<p>&nbsp;<\/p>\n","protected":false},"excerpt":{"rendered":"<p>Buenas tardes, amigos de la meteo. Os paso los acumulados de precipitaci\u00f3n; para el campo ha venido muy bien. El martes se esperan m\u00e1s precipitaciones; a\u00fan no tengo muy claro en qu\u00e9 zonas de la provincia malague\u00f1a llover\u00e1 m\u00e1s. Es probable que el martes se activen avisos amarillos por lluvias y tormentas en la provincia. [&hellip;]<\/p>\n","protected":false},"author":16,"featured_media":38795,"comment_status":"open","ping_status":"open","sticky":false,"template":"","format":"standard","meta":[],"categories":[2],"tags":[45,358,569,587,728,1154],"_links":{"self":[{"href":"https:\/\/blogs.diariosur.es\/tormentas-y-rayos\/wp-json\/wp\/v2\/posts\/42125"}],"collection":[{"href":"https:\/\/blogs.diariosur.es\/tormentas-y-rayos\/wp-json\/wp\/v2\/posts"}],"about":[{"href":"https:\/\/blogs.diariosur.es\/tormentas-y-rayos\/wp-json\/wp\/v2\/types\/post"}],"author":[{"embeddable":true,"href":"https:\/\/blogs.diariosur.es\/tormentas-y-rayos\/wp-json\/wp\/v2\/users\/16"}],"replies":[{"embeddable":true,"href":"https:\/\/blogs.diariosur.es\/tormentas-y-rayos\/wp-json\/wp\/v2\/comments?post=42125"}],"version-history":[{"count":15,"href":"https:\/\/blogs.diariosur.es\/tormentas-y-rayos\/wp-json\/wp\/v2\/posts\/42125\/revisions"}],"predecessor-version":[{"id":47345,"href":"https:\/\/blogs.diariosur.es\/tormentas-y-rayos\/wp-json\/wp\/v2\/posts\/42125\/revisions\/47345"}],"wp:featuredmedia":[{"embeddable":true,"href":"https:\/\/blogs.diariosur.es\/tormentas-y-rayos\/wp-json\/wp\/v2\/media\/38795"}],"wp:attachment":[{"href":"https:\/\/blogs.diariosur.es\/tormentas-y-rayos\/wp-json\/wp\/v2\/media?parent=42125"}],"wp:term":[{"taxonomy":"category","embeddable":true,"href":"https:\/\/blogs.diariosur.es\/tormentas-y-rayos\/wp-json\/wp\/v2\/categories?post=42125"},{"taxonomy":"post_tag","embeddable":true,"href":"https:\/\/blogs.diariosur.es\/tormentas-y-rayos\/wp-json\/wp\/v2\/tags?post=42125"}],"curies":[{"name":"wp","href":"https:\/\/api.w.org\/{rel}","templated":true}]}}