{"id":42140,"date":"2024-10-14T07:31:41","date_gmt":"2024-10-14T05:31:41","guid":{"rendered":"https:\/\/blogs.diariosur.es\/tormentas-y-rayos\/?p=42140"},"modified":"2025-11-09T07:49:14","modified_gmt":"2025-11-09T06:49:14","slug":"traera-precipitaciones-el-ex-huracan-leslie-a-la-provincia-de-malaga","status":"publish","type":"post","link":"https:\/\/blogs.diariosur.es\/tormentas-y-rayos\/2024\/10\/14\/traera-precipitaciones-el-ex-huracan-leslie-a-la-provincia-de-malaga\/","title":{"rendered":"\u00bfTraer\u00e1 precipitaciones el ex-huracan Leslie a la provincia de M\u00e1laga?"},"content":{"rendered":"<p><a href=\"https:\/\/static-blogs.diariosur.es\/wp-content\/uploads\/sites\/12\/2023\/10\/243418660_10223324765526342_8448445083528661051_n.jpg\"><img loading=\"lazy\" class=\"aligncenter size-thumbnail wp-image-38644\" src=\"https:\/\/static-blogs.diariosur.es\/wp-content\/uploads\/sites\/12\/2023\/10\/243418660_10223324765526342_8448445083528661051_n-150x150.jpg\" alt=\"\" width=\"150\" height=\"150\" \/><\/a><\/p>\n<p data-pm-slice=\"1 1 []\">Muy buenos d\u00edas, amigos de la meteo. Cuando son las siete menos cuarto de la ma\u00f1ana, la Estaci\u00f3n del Aeropuerto de la Aemet registra 22,2 \u00baC, los cielos est\u00e1n muy nubosos y en estos momentos en mi zona cae un leve chubasco.<\/p>\n<p>Si alguno no ley\u00f3 el post de ayer, vuelvo a poner el enlace.<\/p>\n<h3 class=\"voc-blogs-section\"><a href=\"https:\/\/blogs.diariosur.es\/tormentas-y-rayos\/2024\/10\/13\/acumulados-de-precipitacion-en-la-provincia-de-malaga-en-48-horas-el-martes-mas\/\"><span style=\"color: #ff0000;\"><strong>Acumulados de precipitaci\u00f3n en la provincia de M\u00e1laga en 48 horas.<\/strong><\/span><\/a><\/h3>\n<p>En este mapa de superficie de la Aemet pod\u00e9is ver al ex-hurac\u00e1n Leslie.<\/p>\n<p>&nbsp;<\/p>\n<p><a href=\"https:\/\/static-blogs.diariosur.es\/wp-content\/uploads\/sites\/12\/2024\/10\/ex-huracan-e1728881273578.gif\"><img loading=\"lazy\" class=\"aligncenter size-full wp-image-42142\" src=\"https:\/\/static-blogs.diariosur.es\/wp-content\/uploads\/sites\/12\/2024\/10\/ex-huracan-e1728881273578.gif\" alt=\"\" width=\"900\" height=\"630\" \/><\/a><\/p>\n<p>&nbsp;<\/p>\n<p data-pm-slice=\"1 1 []\">A mi pregunta que he hecho, est\u00e1 claro que s\u00ed; en estos momentos lo est\u00e1 haciendo. Esta noche a \u00faltima hora se esperan precipitaciones m\u00e1s cuantiosas en la provincia de M\u00e1laga; hay probabilidad de que vengan acompa\u00f1adas de fen\u00f3menos tormentosos; al ser tormentas, no est\u00e1 claro d\u00f3nde se dar\u00e1n mayores acumulados. De momento, la Aemet activa el aviso amarillo por precipitaciones de 15 mm en una hora en Sol-Guadalhorce y Axarqu\u00eda, desde las 18:00 hasta las 23:59 de hoy lunes.<\/p>\n<p>Os pongo el mapa de avisos de la Aemet.<\/p>\n<p>&nbsp;<\/p>\n<p>&nbsp;<\/p>\n<p><a href=\"https:\/\/static-blogs.diariosur.es\/wp-content\/uploads\/sites\/12\/2024\/10\/Captura-de-pantalla-2024-10-14-071624.jpg\"><img loading=\"lazy\" class=\"aligncenter size-full wp-image-42143\" src=\"https:\/\/static-blogs.diariosur.es\/wp-content\/uploads\/sites\/12\/2024\/10\/Captura-de-pantalla-2024-10-14-071624.jpg\" alt=\"\" width=\"860\" height=\"680\" srcset=\"https:\/\/static-blogs.diariosur.es\/wp-content\/uploads\/sites\/12\/2024\/10\/Captura-de-pantalla-2024-10-14-071624.jpg 860w, https:\/\/static-blogs.diariosur.es\/wp-content\/uploads\/sites\/12\/2024\/10\/Captura-de-pantalla-2024-10-14-071624-506x400.jpg 506w, https:\/\/static-blogs.diariosur.es\/wp-content\/uploads\/sites\/12\/2024\/10\/Captura-de-pantalla-2024-10-14-071624-768x607.jpg 768w\" sizes=\"(max-width: 860px) 100vw, 860px\" \/><\/a><\/p>\n<p>&nbsp;<\/p>\n<p data-pm-slice=\"1 1 []\"><strong>Ma\u00f1ana martes<\/strong> seguiremos en aviso amarillo, pero baja la probabilidad de tormentas; de momento, el aviso en las mismas zonas de la provincia de M\u00e1laga. Se ampl\u00edan los avisos a las provincias de Huelva, C\u00e1diz, Granada y Almer\u00eda.<\/p>\n<p>Las temperaturas m\u00e1ximas seguir\u00e1n por encima de la media.<\/p>\n<p>&nbsp;<\/p>\n<p><a href=\"https:\/\/static-blogs.diariosur.es\/wp-content\/uploads\/sites\/12\/2024\/10\/Captura-de-pantalla-2024-10-14-071657.jpg\"><img loading=\"lazy\" class=\"aligncenter size-full wp-image-42144\" src=\"https:\/\/static-blogs.diariosur.es\/wp-content\/uploads\/sites\/12\/2024\/10\/Captura-de-pantalla-2024-10-14-071657.jpg\" alt=\"\" width=\"868\" height=\"675\" srcset=\"https:\/\/static-blogs.diariosur.es\/wp-content\/uploads\/sites\/12\/2024\/10\/Captura-de-pantalla-2024-10-14-071657.jpg 868w, https:\/\/static-blogs.diariosur.es\/wp-content\/uploads\/sites\/12\/2024\/10\/Captura-de-pantalla-2024-10-14-071657-514x400.jpg 514w, https:\/\/static-blogs.diariosur.es\/wp-content\/uploads\/sites\/12\/2024\/10\/Captura-de-pantalla-2024-10-14-071657-768x597.jpg 768w\" sizes=\"(max-width: 868px) 100vw, 868px\" \/><\/a><\/p>\n<p>&nbsp;<\/p>\n<p data-pm-slice=\"1 1 []\">A final de la semana veremos si los embalses han recuperado algo; no quiero ser pesimista, pero creo que, de hacerlo, ser\u00e1 muy poco, como es el caso de La Concepci\u00f3n. A ver c\u00f3mo se comporta el lunes y el martes y damos buenas noticias de acumulados en los embalses de M\u00e1laga.<\/p>\n<p>La previsi\u00f3n del mi\u00e9rcoles la dar\u00e9 ma\u00f1ana.<\/p>\n<p>&nbsp;<\/p>\n","protected":false},"excerpt":{"rendered":"<p>Muy buenos d\u00edas, amigos de la meteo. Cuando son las siete menos cuarto de la ma\u00f1ana, la Estaci\u00f3n del Aeropuerto de la Aemet registra 22,2 \u00baC, los cielos est\u00e1n muy nubosos y en estos momentos en mi zona cae un leve chubasco. Si alguno no ley\u00f3 el post de ayer, vuelvo a poner el enlace. [&hellip;]<\/p>\n","protected":false},"author":16,"featured_media":42145,"comment_status":"open","ping_status":"open","sticky":false,"template":"","format":"standard","meta":[],"categories":[2],"tags":[94,151,358,1963,587,800],"_links":{"self":[{"href":"https:\/\/blogs.diariosur.es\/tormentas-y-rayos\/wp-json\/wp\/v2\/posts\/42140"}],"collection":[{"href":"https:\/\/blogs.diariosur.es\/tormentas-y-rayos\/wp-json\/wp\/v2\/posts"}],"about":[{"href":"https:\/\/blogs.diariosur.es\/tormentas-y-rayos\/wp-json\/wp\/v2\/types\/post"}],"author":[{"embeddable":true,"href":"https:\/\/blogs.diariosur.es\/tormentas-y-rayos\/wp-json\/wp\/v2\/users\/16"}],"replies":[{"embeddable":true,"href":"https:\/\/blogs.diariosur.es\/tormentas-y-rayos\/wp-json\/wp\/v2\/comments?post=42140"}],"version-history":[{"count":4,"href":"https:\/\/blogs.diariosur.es\/tormentas-y-rayos\/wp-json\/wp\/v2\/posts\/42140\/revisions"}],"predecessor-version":[{"id":47344,"href":"https:\/\/blogs.diariosur.es\/tormentas-y-rayos\/wp-json\/wp\/v2\/posts\/42140\/revisions\/47344"}],"wp:featuredmedia":[{"embeddable":true,"href":"https:\/\/blogs.diariosur.es\/tormentas-y-rayos\/wp-json\/wp\/v2\/media\/42145"}],"wp:attachment":[{"href":"https:\/\/blogs.diariosur.es\/tormentas-y-rayos\/wp-json\/wp\/v2\/media?parent=42140"}],"wp:term":[{"taxonomy":"category","embeddable":true,"href":"https:\/\/blogs.diariosur.es\/tormentas-y-rayos\/wp-json\/wp\/v2\/categories?post=42140"},{"taxonomy":"post_tag","embeddable":true,"href":"https:\/\/blogs.diariosur.es\/tormentas-y-rayos\/wp-json\/wp\/v2\/tags?post=42140"}],"curies":[{"name":"wp","href":"https:\/\/api.w.org\/{rel}","templated":true}]}}