{"id":42156,"date":"2024-10-17T08:29:39","date_gmt":"2024-10-17T06:29:39","guid":{"rendered":"https:\/\/blogs.diariosur.es\/tormentas-y-rayos\/?p=42156"},"modified":"2025-11-09T07:42:20","modified_gmt":"2025-11-09T06:42:20","slug":"campana-y-se-acabo-acumulados-de-precipitacion-en-la-provincia-de-malaga","status":"publish","type":"post","link":"https:\/\/blogs.diariosur.es\/tormentas-y-rayos\/2024\/10\/17\/campana-y-se-acabo-acumulados-de-precipitacion-en-la-provincia-de-malaga\/","title":{"rendered":"!!Campana y se acab\u00f3!!  Acumulados de precipitaci\u00f3n en la provincia de M\u00e1laga."},"content":{"rendered":"<p><a href=\"https:\/\/static-blogs.diariosur.es\/wp-content\/uploads\/sites\/12\/2024\/05\/444912498_10228884468795449_97962860407814916_n.jpg\"><img loading=\"lazy\" class=\"aligncenter size-thumbnail wp-image-40751\" src=\"https:\/\/static-blogs.diariosur.es\/wp-content\/uploads\/sites\/12\/2024\/05\/444912498_10228884468795449_97962860407814916_n-150x150.jpg\" alt=\"\" width=\"150\" height=\"150\" \/><\/a><\/p>\n<p data-pm-slice=\"1 1 []\">Muy buenos d\u00edas, amigos de la meteo. Cuando son las siete de la ma\u00f1ana en M\u00e1laga capital, el aeropuerto registra 18,5 \u00baC, los cielos est\u00e1n despejados y se han producido precipitaciones d\u00e9biles esta pasada madrugada. Hoy tomar\u00e1 protagonismo el terral de oto\u00f1o con rachas de moderadas a fuertes.<\/p>\n<p>\u00bfOs acord\u00e1is de esa frase del uno, dos, tres, campana y se acab\u00f3? Pues s\u00ed, amigos, se acab\u00f3 la lluvia deseada y de momento no se ven a m\u00e1s de 15 d\u00edas. Solo hay una probabilidad de que entre el mi\u00e9rcoles y jueves, debido al levante y aire fr\u00edo en altura, se puedan producir algunas precipitaciones orogr\u00e1ficas muy d\u00e9biles en el Valle del Guadalhorce y sistemas monta\u00f1osos.<\/p>\n<p>Este episodio de lluvias al campo le ha venido muy bien; hasta que no pasen m\u00e1s d\u00edas y veamos las escorrent\u00edas que llegan a los embalses malague\u00f1os, no se sabr\u00e1 cu\u00e1les se han recuperado un poco. El que tiene m\u00e1s probabilidad ser\u00e1 el de la Concepci\u00f3n.<\/p>\n<p>Antes de poneros los acumulados, os paso este video de mi amigo Antonio Jes\u00fas Galiano que hizo ayer en la Sierra de Tolox; una maravilla ver as\u00ed los arroyos y r\u00edos.<\/p>\n<p>&nbsp;<\/p>\n<p><iframe loading=\"lazy\" title=\"YouTube video player\" src=\"https:\/\/www.youtube.com\/embed\/97Dcvtx5J5c?si=n5zGM3QHS-ZrHODK\" width=\"560\" height=\"315\" frameborder=\"0\" allowfullscreen=\"allowfullscreen\"><\/iframe><\/p>\n<p>Os paso los acumulados que llevamos este mes, en rojo os pongo los m\u00e1s significativos. Recordar que mm son litros por metro cuadrado<\/p>\n<p>Fuentes Red Hidrosur, Aemet, Meteoclimatic, Acamet y Wunderground<\/p>\n<p><span style=\"color: #ff0000;\">Pilones Tolox 206 mm<\/span><\/p>\n<p><span style=\"color: #ff0000;\">Los Valientes Tolox\u00a0 119 mm<\/span><\/p>\n<p><span style=\"color: #ff0000;\">Oreganal Cartijima 256 mm<\/span><\/p>\n<p><span style=\"color: #ff0000;\">Juanar\u00a0 Ojen 203 mm<\/span><\/p>\n<p><span style=\"color: #ff0000;\">La Palmitera Benahav\u00eds\u00a0 140 mm<\/span><\/p>\n<p><span style=\"color: #ff0000;\">Campo de Golf Estepona 178 mm<\/span><\/p>\n<p><span style=\"color: #ff0000;\">Coto de la Corcha Co\u00edn 93 mm<\/span><\/p>\n<p><span style=\"color: #ff0000;\">Jorox 83 mm<\/span><\/p>\n<p><span style=\"color: #ff0000;\">Algatoc\u00edn 184 mm<\/span><\/p>\n<p>\u00c1lora\u00a0 50,4 mm<\/p>\n<p><span style=\"color: #ff0000;\">Periana\u00a0 85,3 mm<\/span><\/p>\n<p>Almayate\u00a0 43,8 mm<\/p>\n<p>Santo Pitar\u00a0 58 mm<\/p>\n<p>Laguna de Fuente Piedra 22 mm<\/p>\n<p>Alhaurin de la Torre 46 mm<\/p>\n<p>Alhaurin el Grande\u00a0 52,5 mm<\/p>\n<p>Antequera 48 mm<\/p>\n<p>Arroyo de la Miel\u00a0 57 mm<\/p>\n<p>Benalm\u00e1dena Arroyo de la Miel\u00a0 42 mm<\/p>\n<p>C\u00e1rtama 42,9 mm<\/p>\n<p><span style=\"color: #ff0000;\">Ist\u00e1n\u00a0 125 ,4 mm<\/span><\/p>\n<p><span style=\"color: #ff0000;\">Marbella\u00a0 Depuradora\u00a0 91,mm<\/span><\/p>\n<p>La Cala de Mijas 41 mm<\/p>\n<p>Mijas Pueblo\u00a0 47,8 mm<\/p>\n<p><span style=\"color: #ff0000;\">Tolox\u00a0 90 mm<\/span><\/p>\n<p><span style=\"color: #ff0000;\">Ronda San Crist\u00f3bal\u00a0 133 ,5 mm<\/span><\/p>\n<p>Torremolinos 58,4 mm<\/p>\n<p><span style=\"color: #ff0000;\">Los Reales\u00a0 197 mm<\/span><\/p>\n<p><span style=\"color: #ff0000;\">Majada de las Lomas 169 mm<\/span><\/p>\n<p><span style=\"color: #ff0000;\">Rio Genal Jubrique\u00a0 166,3 mm<\/span><\/p>\n<p><span style=\"color: #ff0000;\">Pujerra 192,7 mm<\/span><\/p>\n<p>Archidona Huertas del R\u00edo\u00a0 48,3 mm<\/p>\n<p><span style=\"color: #ff0000;\">Archidona Puerta de la Hoya 65 mm<\/span><\/p>\n<p>Rinc\u00f3n de la Victoria 28,3 mm<\/p>\n<p><span style=\"color: #ff0000;\">Embalse de la Concepci\u00f3n\u00a0 103, 8 mm<\/span><\/p>\n<p>Embalse del Limonero\u00a0 28 mm<\/p>\n<p>Embalse Casasola\u00a0 23 mm<\/p>\n<p>Embalse Conde del Guadalhorce\u00a0 25 mm<\/p>\n<p>Embalse de la Vi\u00f1uela 25,9 mm<\/p>\n<p>El Torcal\u00a0 51 mm<\/p>\n<p><span style=\"color: #ff0000;\">Ojen 80,8 mm<\/span><\/p>\n<p><span style=\"color: #ff0000;\">Alfarnatejo 80 mm<\/span><\/p>\n<p>Alcauc\u00edn 56,8 mm<\/p>\n<p>Villanueva de la Concepci\u00f3n 49,4 mm<\/p>\n<p>Coin\u00a0 38 mm<\/p>\n<p>Rio Grande Las Millanas 31 mm<\/p>\n<p>Rio Guadalteba Aforo Teba\u00a0 30 mm<\/p>\n<p><span style=\"color: #ff0000;\">Embalse Guadalmina\u00a0 127 mm<\/span><\/p>\n<p>Las Golondrinas 66 mm<\/p>\n<p>M\u00e1laga Aeropuerto\u00a0 25 mm<\/p>\n<p>M\u00e1laga Centro Meteorol\u00f3gico 27,8 mm<\/p>\n<p><span style=\"color: #ff0000;\">Estepona 135 mm<\/span><\/p>\n<p><span style=\"color: #ff0000;\">El Burgo\u00a0 71 mm<\/span><\/p>\n<p>Alameda 50 mm<\/p>\n<p>Cuevas del Becerro\u00a0 60,9 mm<\/p>\n<p>Fuengirola 33 mm<\/p>\n<p>Torre del Mar 45 mm<\/p>\n<p><span style=\"color: #ff0000;\">Cortes de la Frontera\u00a0 169 mm<\/span><\/p>\n<p><span style=\"color: #ff0000;\">Gaucin\u00a0 163 mm<\/span><\/p>\n<p><span style=\"color: #ff0000;\">Alpande\u00edre 254 mm<\/span><\/p>\n<p><span style=\"color: #ff0000;\">Benahavis\u00a0 137 mm<\/span><\/p>\n<p><span style=\"color: #ff0000;\">Yunquera\u00a0 95 mm<\/span><\/p>\n<p><span style=\"color: #ff0000;\">Jubrique\u00a0 184 mm<\/span><\/p>\n<p><span style=\"color: #ff0000;\">Arriate\u00a0 122 mm<\/span><\/p>\n<p>Casabermeja\u00a0 59 mm<\/p>\n<p>El Borge\u00a0 55 mm<\/p>\n<p>Almachar 50 mm<\/p>\n<p>V\u00e9lez M\u00e1laga 51 mm<\/p>\n<p>Villanueva del Trabuco 40 mm<\/p>\n<p>Villanueva del Rosario\u00a0 65 mm<\/p>\n<p>Cuevas de San Marcos 55 mm<\/p>\n<p>Cuevas Bajas\u00a0 59 mm<\/p>\n<p>Humilladero 48 mm<\/p>\n<p>Campillos 50 mm<\/p>\n<p>&nbsp;<\/p>\n","protected":false},"excerpt":{"rendered":"<p>Muy buenos d\u00edas, amigos de la meteo. Cuando son las siete de la ma\u00f1ana en M\u00e1laga capital, el aeropuerto registra 18,5 \u00baC, los cielos est\u00e1n despejados y se han producido precipitaciones d\u00e9biles esta pasada madrugada. Hoy tomar\u00e1 protagonismo el terral de oto\u00f1o con rachas de moderadas a fuertes. \u00bfOs acord\u00e1is de esa frase del uno, [&hellip;]<\/p>\n","protected":false},"author":16,"featured_media":42162,"comment_status":"open","ping_status":"open","sticky":false,"template":"","format":"standard","meta":[],"categories":[2],"tags":[45,358,569,587],"_links":{"self":[{"href":"https:\/\/blogs.diariosur.es\/tormentas-y-rayos\/wp-json\/wp\/v2\/posts\/42156"}],"collection":[{"href":"https:\/\/blogs.diariosur.es\/tormentas-y-rayos\/wp-json\/wp\/v2\/posts"}],"about":[{"href":"https:\/\/blogs.diariosur.es\/tormentas-y-rayos\/wp-json\/wp\/v2\/types\/post"}],"author":[{"embeddable":true,"href":"https:\/\/blogs.diariosur.es\/tormentas-y-rayos\/wp-json\/wp\/v2\/users\/16"}],"replies":[{"embeddable":true,"href":"https:\/\/blogs.diariosur.es\/tormentas-y-rayos\/wp-json\/wp\/v2\/comments?post=42156"}],"version-history":[{"count":13,"href":"https:\/\/blogs.diariosur.es\/tormentas-y-rayos\/wp-json\/wp\/v2\/posts\/42156\/revisions"}],"predecessor-version":[{"id":47340,"href":"https:\/\/blogs.diariosur.es\/tormentas-y-rayos\/wp-json\/wp\/v2\/posts\/42156\/revisions\/47340"}],"wp:featuredmedia":[{"embeddable":true,"href":"https:\/\/blogs.diariosur.es\/tormentas-y-rayos\/wp-json\/wp\/v2\/media\/42162"}],"wp:attachment":[{"href":"https:\/\/blogs.diariosur.es\/tormentas-y-rayos\/wp-json\/wp\/v2\/media?parent=42156"}],"wp:term":[{"taxonomy":"category","embeddable":true,"href":"https:\/\/blogs.diariosur.es\/tormentas-y-rayos\/wp-json\/wp\/v2\/categories?post=42156"},{"taxonomy":"post_tag","embeddable":true,"href":"https:\/\/blogs.diariosur.es\/tormentas-y-rayos\/wp-json\/wp\/v2\/tags?post=42156"}],"curies":[{"name":"wp","href":"https:\/\/api.w.org\/{rel}","templated":true}]}}