{"id":42175,"date":"2024-10-18T07:25:36","date_gmt":"2024-10-18T05:25:36","guid":{"rendered":"https:\/\/blogs.diariosur.es\/tormentas-y-rayos\/?p=42175"},"modified":"2025-11-09T07:39:58","modified_gmt":"2025-11-09T06:39:58","slug":"la-meteorologia-llega-a-los-institutos-de-malaga-ies-ciudad-jardin","status":"publish","type":"post","link":"https:\/\/blogs.diariosur.es\/tormentas-y-rayos\/2024\/10\/18\/la-meteorologia-llega-a-los-institutos-de-malaga-ies-ciudad-jardin\/","title":{"rendered":"La meteorolog\u00eda llega a los institutos de M\u00e1laga (IES Ciudad Jard\u00edn)"},"content":{"rendered":"<p><a href=\"https:\/\/static-blogs.diariosur.es\/wp-content\/uploads\/sites\/12\/2023\/10\/243418660_10223324765526342_8448445083528661051_n.jpg\"><img loading=\"lazy\" class=\"aligncenter size-thumbnail wp-image-38644\" src=\"https:\/\/static-blogs.diariosur.es\/wp-content\/uploads\/sites\/12\/2023\/10\/243418660_10223324765526342_8448445083528661051_n-150x150.jpg\" alt=\"\" width=\"150\" height=\"150\" \/><\/a><\/p>\n<p data-pm-slice=\"1 1 []\">Buenos d\u00edas, amigos de la meteo. Antes de hablaros de lo bien que lo pas\u00e9 en el IES de Ciudad Jard\u00edn, os doy la previsi\u00f3n del tiempo del fin de semana.<\/p>\n<p>Cuando son las siete menos cuarto de la ma\u00f1ana en M\u00e1laga capital, la estaci\u00f3n del aeropuerto registra 17,7 \u00b0C, los cielos est\u00e1n despejados y el terral de oto\u00f1o sopla flojo en estos momentos. Destacar la temperatura m\u00ednima de Archidona Huertas del R\u00edo con 9\u00b0C.<\/p>\n<p>El terral de oto\u00f1o seguir\u00e1 hoy viernes; las temperaturas m\u00e1ximas rondar\u00e1n entre los 17 y 23 \u00b0C en la provincia malague\u00f1a.<\/p>\n<p>Ma\u00f1ana s\u00e1bado el viento seguir\u00e1 de terral de oto\u00f1o; las temperaturas m\u00e1ximas rondar\u00e1n entre los 18 y 25 \u00b0C.<\/p>\n<p>El domingo el viento soplar\u00e1 flojo de direcci\u00f3n variable; las temperaturas m\u00e1ximas estar\u00e1n por encima de la media en toda la provincia malague\u00f1a, entre 22 y 25 \u00b0C.<\/p>\n<h3><span style=\"color: #0000ff;\"><strong>La meteorolog\u00eda llega a los institutos de M\u00e1laga (IES Ciudad Jard\u00edn)<\/strong><\/span><\/h3>\n<p data-pm-slice=\"1 1 []\">Gracias a mi amigo Ernesto Garc\u00eda, profesor del instituto, y al equipo directivo, he tenido el placer de dar dos charlas de meteorolog\u00eda a dos cursos de 2.\u00ba de bachillerato en un aula preciosa. El tema principal era el Terral de M\u00e1laga, Mitos, Realidades y Curiosidades. Tambi\u00e9n hemos tenido otros temas como las famosas lluvias de barro e inundaciones que ha sufrido M\u00e1laga capital. Fue tambi\u00e9n una sorpresa saber que la madre de la alumna Elena Mart\u00edn Mu\u00f1oz es una gran seguidora de mi blog desde hace muchos a\u00f1os. Os deseo a todos y todas mucha suerte con la selectividad. Un abrazo.<\/p>\n<p>&nbsp;<\/p>\n<p><a href=\"https:\/\/static-blogs.diariosur.es\/wp-content\/uploads\/sites\/12\/2024\/10\/463329195_10230221914990768_5148609510026371426_n.jpg\"><img loading=\"lazy\" class=\"aligncenter size-full wp-image-42180\" src=\"https:\/\/static-blogs.diariosur.es\/wp-content\/uploads\/sites\/12\/2024\/10\/463329195_10230221914990768_5148609510026371426_n.jpg\" alt=\"\" width=\"640\" height=\"931\" srcset=\"https:\/\/static-blogs.diariosur.es\/wp-content\/uploads\/sites\/12\/2024\/10\/463329195_10230221914990768_5148609510026371426_n.jpg 640w, https:\/\/static-blogs.diariosur.es\/wp-content\/uploads\/sites\/12\/2024\/10\/463329195_10230221914990768_5148609510026371426_n-275x400.jpg 275w\" sizes=\"(max-width: 640px) 100vw, 640px\" \/><\/a><\/p>\n<p>&nbsp;<\/p>\n<p><a href=\"https:\/\/static-blogs.diariosur.es\/wp-content\/uploads\/sites\/12\/2024\/10\/462619685_10230221915590783_4823781376457425202_n.jpg\"><img loading=\"lazy\" class=\"aligncenter size-full wp-image-42181\" src=\"https:\/\/static-blogs.diariosur.es\/wp-content\/uploads\/sites\/12\/2024\/10\/462619685_10230221915590783_4823781376457425202_n.jpg\" alt=\"\" width=\"1200\" height=\"541\" srcset=\"https:\/\/static-blogs.diariosur.es\/wp-content\/uploads\/sites\/12\/2024\/10\/462619685_10230221915590783_4823781376457425202_n.jpg 1200w, https:\/\/static-blogs.diariosur.es\/wp-content\/uploads\/sites\/12\/2024\/10\/462619685_10230221915590783_4823781376457425202_n-640x289.jpg 640w, https:\/\/static-blogs.diariosur.es\/wp-content\/uploads\/sites\/12\/2024\/10\/462619685_10230221915590783_4823781376457425202_n-768x346.jpg 768w\" sizes=\"(max-width: 1200px) 100vw, 1200px\" \/><\/a><\/p>\n<p>&nbsp;<\/p>\n<p><a href=\"https:\/\/static-blogs.diariosur.es\/wp-content\/uploads\/sites\/12\/2024\/10\/463417894_10230221916190798_6043576841079894350_n.jpg\"><img loading=\"lazy\" class=\"aligncenter size-full wp-image-42182\" src=\"https:\/\/static-blogs.diariosur.es\/wp-content\/uploads\/sites\/12\/2024\/10\/463417894_10230221916190798_6043576841079894350_n.jpg\" alt=\"\" width=\"1200\" height=\"540\" srcset=\"https:\/\/static-blogs.diariosur.es\/wp-content\/uploads\/sites\/12\/2024\/10\/463417894_10230221916190798_6043576841079894350_n.jpg 1200w, https:\/\/static-blogs.diariosur.es\/wp-content\/uploads\/sites\/12\/2024\/10\/463417894_10230221916190798_6043576841079894350_n-640x288.jpg 640w, https:\/\/static-blogs.diariosur.es\/wp-content\/uploads\/sites\/12\/2024\/10\/463417894_10230221916190798_6043576841079894350_n-768x346.jpg 768w\" sizes=\"(max-width: 1200px) 100vw, 1200px\" \/><\/a><\/p>\n<p>&nbsp;<\/p>\n<p><a href=\"https:\/\/static-blogs.diariosur.es\/wp-content\/uploads\/sites\/12\/2024\/10\/463744702_10230221915310776_7762238669693785170_n.jpg\"><img loading=\"lazy\" class=\"aligncenter size-full wp-image-42183\" src=\"https:\/\/static-blogs.diariosur.es\/wp-content\/uploads\/sites\/12\/2024\/10\/463744702_10230221915310776_7762238669693785170_n.jpg\" alt=\"\" width=\"1200\" height=\"540\" srcset=\"https:\/\/static-blogs.diariosur.es\/wp-content\/uploads\/sites\/12\/2024\/10\/463744702_10230221915310776_7762238669693785170_n.jpg 1200w, https:\/\/static-blogs.diariosur.es\/wp-content\/uploads\/sites\/12\/2024\/10\/463744702_10230221915310776_7762238669693785170_n-640x288.jpg 640w, https:\/\/static-blogs.diariosur.es\/wp-content\/uploads\/sites\/12\/2024\/10\/463744702_10230221915310776_7762238669693785170_n-768x346.jpg 768w\" sizes=\"(max-width: 1200px) 100vw, 1200px\" \/><\/a><\/p>\n<p>&nbsp;<\/p>\n<p>&nbsp;<\/p>\n<p>&nbsp;<\/p>\n","protected":false},"excerpt":{"rendered":"<p>Buenos d\u00edas, amigos de la meteo. Antes de hablaros de lo bien que lo pas\u00e9 en el IES de Ciudad Jard\u00edn, os doy la previsi\u00f3n del tiempo del fin de semana. Cuando son las siete menos cuarto de la ma\u00f1ana en M\u00e1laga capital, la estaci\u00f3n del aeropuerto registra 17,7 \u00b0C, los cielos est\u00e1n despejados y [&hellip;]<\/p>\n","protected":false},"author":16,"featured_media":42183,"comment_status":"open","ping_status":"open","sticky":false,"template":"","format":"standard","meta":[],"categories":[2],"tags":[1964,587,1295],"_links":{"self":[{"href":"https:\/\/blogs.diariosur.es\/tormentas-y-rayos\/wp-json\/wp\/v2\/posts\/42175"}],"collection":[{"href":"https:\/\/blogs.diariosur.es\/tormentas-y-rayos\/wp-json\/wp\/v2\/posts"}],"about":[{"href":"https:\/\/blogs.diariosur.es\/tormentas-y-rayos\/wp-json\/wp\/v2\/types\/post"}],"author":[{"embeddable":true,"href":"https:\/\/blogs.diariosur.es\/tormentas-y-rayos\/wp-json\/wp\/v2\/users\/16"}],"replies":[{"embeddable":true,"href":"https:\/\/blogs.diariosur.es\/tormentas-y-rayos\/wp-json\/wp\/v2\/comments?post=42175"}],"version-history":[{"count":5,"href":"https:\/\/blogs.diariosur.es\/tormentas-y-rayos\/wp-json\/wp\/v2\/posts\/42175\/revisions"}],"predecessor-version":[{"id":47339,"href":"https:\/\/blogs.diariosur.es\/tormentas-y-rayos\/wp-json\/wp\/v2\/posts\/42175\/revisions\/47339"}],"wp:featuredmedia":[{"embeddable":true,"href":"https:\/\/blogs.diariosur.es\/tormentas-y-rayos\/wp-json\/wp\/v2\/media\/42183"}],"wp:attachment":[{"href":"https:\/\/blogs.diariosur.es\/tormentas-y-rayos\/wp-json\/wp\/v2\/media?parent=42175"}],"wp:term":[{"taxonomy":"category","embeddable":true,"href":"https:\/\/blogs.diariosur.es\/tormentas-y-rayos\/wp-json\/wp\/v2\/categories?post=42175"},{"taxonomy":"post_tag","embeddable":true,"href":"https:\/\/blogs.diariosur.es\/tormentas-y-rayos\/wp-json\/wp\/v2\/tags?post=42175"}],"curies":[{"name":"wp","href":"https:\/\/api.w.org\/{rel}","templated":true}]}}