{"id":42199,"date":"2024-10-21T08:39:00","date_gmt":"2024-10-21T06:39:00","guid":{"rendered":"https:\/\/blogs.diariosur.es\/tormentas-y-rayos\/?p=42199"},"modified":"2025-11-09T07:37:17","modified_gmt":"2025-11-09T06:37:17","slug":"hay-probabilidad-de-precipitaciones-esta-semana-en-la-provincia-de-malaga","status":"publish","type":"post","link":"https:\/\/blogs.diariosur.es\/tormentas-y-rayos\/2024\/10\/21\/hay-probabilidad-de-precipitaciones-esta-semana-en-la-provincia-de-malaga\/","title":{"rendered":"\u00bfHay probabilidad de precipitaciones esta semana en la provincia de M\u00e1laga?"},"content":{"rendered":"<p><a href=\"https:\/\/static-blogs.diariosur.es\/wp-content\/uploads\/sites\/12\/2023\/10\/243418660_10223324765526342_8448445083528661051_n.jpg\"><img loading=\"lazy\" class=\"aligncenter size-thumbnail wp-image-38644\" src=\"https:\/\/static-blogs.diariosur.es\/wp-content\/uploads\/sites\/12\/2023\/10\/243418660_10223324765526342_8448445083528661051_n-150x150.jpg\" alt=\"\" width=\"150\" height=\"150\" \/><\/a><\/p>\n<p>&nbsp;<\/p>\n<p data-pm-slice=\"1 1 []\">Buenos d\u00edas, amigos de la meteo. Cuando son las siete y media de la ma\u00f1ana en M\u00e1laga capital, mi estaci\u00f3n ha registrado una m\u00ednima de 17,8 \u00baC, los cielos est\u00e1n poco nubosos y el viento sopla flojo de direcci\u00f3n variable. Hoy lunes se espera en la capital una m\u00e1xima de 24 o 25 \u00baC. Ayer domingo, la m\u00e1xima de Andaluc\u00eda se registr\u00f3 en \u00c1lora con 29,6 \u00baC.<\/p>\n<p>Tuvimos un bonito candilazo cuando se puso el sol, que capt\u00f3 mi amigo Francisco Javier Gonz\u00e1lez magistralmente.<\/p>\n<p>&nbsp;<\/p>\n<p>&nbsp;<\/p>\n<p><a href=\"https:\/\/static-blogs.diariosur.es\/wp-content\/uploads\/sites\/12\/2024\/10\/464177908_10230271086260019_525567191917673351_n.jpg\"><img loading=\"lazy\" class=\"aligncenter size-full wp-image-42200\" src=\"https:\/\/static-blogs.diariosur.es\/wp-content\/uploads\/sites\/12\/2024\/10\/464177908_10230271086260019_525567191917673351_n.jpg\" alt=\"\" width=\"900\" height=\"438\" srcset=\"https:\/\/static-blogs.diariosur.es\/wp-content\/uploads\/sites\/12\/2024\/10\/464177908_10230271086260019_525567191917673351_n.jpg 900w, https:\/\/static-blogs.diariosur.es\/wp-content\/uploads\/sites\/12\/2024\/10\/464177908_10230271086260019_525567191917673351_n-640x311.jpg 640w, https:\/\/static-blogs.diariosur.es\/wp-content\/uploads\/sites\/12\/2024\/10\/464177908_10230271086260019_525567191917673351_n-768x374.jpg 768w\" sizes=\"(max-width: 900px) 100vw, 900px\" \/><\/a><\/p>\n<h3><\/h3>\n<h3><span style=\"color: #0000ff;\"><strong>\u00bfHay probabilidad de precipitaciones esta semana en la provincia de M\u00e1laga?<\/strong><\/span><\/h3>\n<p data-pm-slice=\"1 1 []\">Entre el mi\u00e9rcoles y jueves hay probabilidad de precipitaciones en algunos puntos de la costa m\u00e1s occidental e interior del Valle del Guadalhorce; ser\u00e1n precipitaciones orogr\u00e1ficas.<\/p>\n<p>Os explico qu\u00e9 son precipitaciones orogr\u00e1ficas.<\/p>\n<p>Es la producida por el ascenso de una columna de aire h\u00famedo al encontrarse con un obst\u00e1culo orogr\u00e1fico, como una monta\u00f1a.\u00a0 En su ascenso, el aire se enfr\u00eda hasta alcanzar el punto de saturaci\u00f3n del vapor de agua y una humedad relativa del 100%, que origina la lluvia.<\/p>\n<p>El mi\u00e9rcoles y el jueves tendremos levante en la costa malague\u00f1a con rachas moderadas y un poco de aire fr\u00edo en altura, ingredientes para estas probables precipitaciones. <span style=\"color: #ff0000;\">Tambi\u00e9n os aviso que en muchos portales no caer\u00e1 ni una gota.<\/span><\/p>\n<p>C<strong>omo tambi\u00e9n me est\u00e1is preguntando por esas probables lluvias fuertes a partir del lunes 28 en la provincia de M\u00e1laga, a\u00fan no hay nada claro, amigos de la meteo. Estas lluvias, de producirse, ser\u00edan por una DANA, y a d\u00eda de hoy no est\u00e1 claro d\u00f3nde se ubicar\u00e1. A partir de ma\u00f1ana haremos un seguimiento.<\/strong><\/p>\n<p>Os dejo con esta foto de mi amigo Crist\u00f3bal Gambero desde el Mirador de Mijas Pueblo; por donde mira ese se\u00f1or, vendr\u00eda la danajijiji.<\/p>\n<p>&nbsp;<\/p>\n<p><a href=\"https:\/\/static-blogs.diariosur.es\/wp-content\/uploads\/sites\/12\/2024\/10\/463830416_8439950182720568_3883030651170137587_n.jpg\"><img loading=\"lazy\" class=\"aligncenter size-full wp-image-42201\" src=\"https:\/\/static-blogs.diariosur.es\/wp-content\/uploads\/sites\/12\/2024\/10\/463830416_8439950182720568_3883030651170137587_n.jpg\" alt=\"\" width=\"900\" height=\"675\" srcset=\"https:\/\/static-blogs.diariosur.es\/wp-content\/uploads\/sites\/12\/2024\/10\/463830416_8439950182720568_3883030651170137587_n.jpg 900w, https:\/\/static-blogs.diariosur.es\/wp-content\/uploads\/sites\/12\/2024\/10\/463830416_8439950182720568_3883030651170137587_n-533x400.jpg 533w, https:\/\/static-blogs.diariosur.es\/wp-content\/uploads\/sites\/12\/2024\/10\/463830416_8439950182720568_3883030651170137587_n-768x576.jpg 768w\" sizes=\"(max-width: 900px) 100vw, 900px\" \/><\/a><\/p>\n","protected":false},"excerpt":{"rendered":"<p>&nbsp; Buenos d\u00edas, amigos de la meteo. Cuando son las siete y media de la ma\u00f1ana en M\u00e1laga capital, mi estaci\u00f3n ha registrado una m\u00ednima de 17,8 \u00baC, los cielos est\u00e1n poco nubosos y el viento sopla flojo de direcci\u00f3n variable. Hoy lunes se espera en la capital una m\u00e1xima de 24 o 25 \u00baC. [&hellip;]<\/p>\n","protected":false},"author":16,"featured_media":42201,"comment_status":"open","ping_status":"open","sticky":false,"template":"","format":"standard","meta":[],"categories":[2],"tags":[94,100,151,358,553,587,800],"_links":{"self":[{"href":"https:\/\/blogs.diariosur.es\/tormentas-y-rayos\/wp-json\/wp\/v2\/posts\/42199"}],"collection":[{"href":"https:\/\/blogs.diariosur.es\/tormentas-y-rayos\/wp-json\/wp\/v2\/posts"}],"about":[{"href":"https:\/\/blogs.diariosur.es\/tormentas-y-rayos\/wp-json\/wp\/v2\/types\/post"}],"author":[{"embeddable":true,"href":"https:\/\/blogs.diariosur.es\/tormentas-y-rayos\/wp-json\/wp\/v2\/users\/16"}],"replies":[{"embeddable":true,"href":"https:\/\/blogs.diariosur.es\/tormentas-y-rayos\/wp-json\/wp\/v2\/comments?post=42199"}],"version-history":[{"count":4,"href":"https:\/\/blogs.diariosur.es\/tormentas-y-rayos\/wp-json\/wp\/v2\/posts\/42199\/revisions"}],"predecessor-version":[{"id":47337,"href":"https:\/\/blogs.diariosur.es\/tormentas-y-rayos\/wp-json\/wp\/v2\/posts\/42199\/revisions\/47337"}],"wp:featuredmedia":[{"embeddable":true,"href":"https:\/\/blogs.diariosur.es\/tormentas-y-rayos\/wp-json\/wp\/v2\/media\/42201"}],"wp:attachment":[{"href":"https:\/\/blogs.diariosur.es\/tormentas-y-rayos\/wp-json\/wp\/v2\/media?parent=42199"}],"wp:term":[{"taxonomy":"category","embeddable":true,"href":"https:\/\/blogs.diariosur.es\/tormentas-y-rayos\/wp-json\/wp\/v2\/categories?post=42199"},{"taxonomy":"post_tag","embeddable":true,"href":"https:\/\/blogs.diariosur.es\/tormentas-y-rayos\/wp-json\/wp\/v2\/tags?post=42199"}],"curies":[{"name":"wp","href":"https:\/\/api.w.org\/{rel}","templated":true}]}}