{"id":42206,"date":"2024-10-23T10:02:21","date_gmt":"2024-10-23T08:02:21","guid":{"rendered":"https:\/\/blogs.diariosur.es\/tormentas-y-rayos\/?p=42206"},"modified":"2025-11-09T07:33:58","modified_gmt":"2025-11-09T06:33:58","slug":"afectara-la-dana-a-la-provincia-de-malaga-o-se-quedara-en-nada","status":"publish","type":"post","link":"https:\/\/blogs.diariosur.es\/tormentas-y-rayos\/2024\/10\/23\/afectara-la-dana-a-la-provincia-de-malaga-o-se-quedara-en-nada\/","title":{"rendered":"\u00bfAfectar\u00e1 la dana a la provincia de M\u00e1laga o se quedar\u00e1 en nada?"},"content":{"rendered":"<p><a href=\"https:\/\/static-blogs.diariosur.es\/wp-content\/uploads\/sites\/12\/2023\/09\/375323357_10227521084351690_5428862938073510864_n.jpg\"><img loading=\"lazy\" class=\"aligncenter size-thumbnail wp-image-38274\" src=\"https:\/\/static-blogs.diariosur.es\/wp-content\/uploads\/sites\/12\/2023\/09\/375323357_10227521084351690_5428862938073510864_n-150x150.jpg\" alt=\"\" width=\"150\" height=\"150\" \/><\/a><\/p>\n<p>&nbsp;<\/p>\n<p data-pm-slice=\"1 1 []\">Muy buenos d\u00edas, amigos de la meteo. Cuando son las siete y cuarto de la ma\u00f1ana en M\u00e1laga capital, el Aeropuerto registra 17 \u00baC, los cielos est\u00e1n nubosos debido al viento h\u00famedo de levante y la m\u00e1xima hoy mi\u00e9rcoles en la capital rondar\u00e1 los 22 y 24 \u00baC seg\u00fan zonas. Ayer la m\u00e1xima en la capital se registr\u00f3 en la estaci\u00f3n del puerto con 24,8 \u00baC, seguida del Centro Meteorol\u00f3gico con 23,9 \u00baC.<\/p>\n<p>Como comentaba hace unos d\u00edas en el post, hoy mi\u00e9rcoles y ma\u00f1ana jueves hay probabilidad de precipitaciones orogr\u00e1ficas en la zona m\u00e1s occidental, siendo m\u00e1s probables a primeras horas de la ma\u00f1ana. Muchos portales no ver\u00e1n ni una gota. Os vuelvo a poner qu\u00e9 son precipitaciones orogr\u00e1ficas: Es la producida por el ascenso de una columna de aire h\u00famedo al encontrarse con un obst\u00e1culo orogr\u00e1fico, como una monta\u00f1a.\u00a0 En su ascenso, el aire se enfr\u00eda hasta alcanzar el punto de saturaci\u00f3n del vapor de agua y una humedad relativa del 100%, que origina la lluvia.<\/p>\n<p>En estos momentos, en la subida de los Montes de M\u00e1laga, me comentan que caen gotillas llegando a la Fuente de la Reina.<\/p>\n<p>El viernes nos afectar\u00e1 un frente muy poco activo, que pod\u00e9is ver en este mapa de superficie de la Aemet.<\/p>\n<p>Solo dejar\u00e1 alg\u00fan chubasco d\u00e9bil y espor\u00e1dico, m\u00e1s probables por el interior.<\/p>\n<p>&nbsp;<\/p>\n<p><a href=\"https:\/\/static-blogs.diariosur.es\/wp-content\/uploads\/sites\/12\/2024\/10\/2024102212072_ww_g1x0a2d3-e1729661537738.gif\"><img loading=\"lazy\" class=\"aligncenter size-full wp-image-42207\" src=\"https:\/\/static-blogs.diariosur.es\/wp-content\/uploads\/sites\/12\/2024\/10\/2024102212072_ww_g1x0a2d3-e1729661537738.gif\" alt=\"\" width=\"900\" height=\"630\" \/><\/a><\/p>\n<p data-pm-slice=\"1 1 []\">Con vuestro permiso me voy para la playa para ver el amanecer; espero que sea bonito.<\/p>\n<p>Ya de vuelta de la playa, no ha estado mal el amanecer. Las nubes bajas de levante han contribuido a que sea bonito. Os pongo un video y una foto.<\/p>\n<p>&nbsp;<\/p>\n<p><iframe loading=\"lazy\" title=\"YouTube video player\" src=\"https:\/\/www.youtube.com\/embed\/XZbFS8ym7Bg?si=waJ2BPQAtWwQNgjm\" width=\"560\" height=\"315\" frameborder=\"0\" allowfullscreen=\"allowfullscreen\"><\/iframe><\/p>\n<p>&nbsp;<\/p>\n<p><a href=\"https:\/\/static-blogs.diariosur.es\/wp-content\/uploads\/sites\/12\/2024\/10\/GajpSUBWcAAUcBP.jpg\"><img loading=\"lazy\" class=\"aligncenter size-full wp-image-42210\" src=\"https:\/\/static-blogs.diariosur.es\/wp-content\/uploads\/sites\/12\/2024\/10\/GajpSUBWcAAUcBP.jpg\" alt=\"\" width=\"1200\" height=\"900\" srcset=\"https:\/\/static-blogs.diariosur.es\/wp-content\/uploads\/sites\/12\/2024\/10\/GajpSUBWcAAUcBP.jpg 1200w, https:\/\/static-blogs.diariosur.es\/wp-content\/uploads\/sites\/12\/2024\/10\/GajpSUBWcAAUcBP-533x400.jpg 533w, https:\/\/static-blogs.diariosur.es\/wp-content\/uploads\/sites\/12\/2024\/10\/GajpSUBWcAAUcBP-768x576.jpg 768w\" sizes=\"(max-width: 1200px) 100vw, 1200px\" \/><\/a><\/p>\n<p>&nbsp;<\/p>\n<p data-pm-slice=\"1 1 []\">A tan pocos d\u00edas de la probabilidad alta de la formaci\u00f3n de la DANA, no est\u00e1 claro d\u00f3nde se ubicar\u00e1; cada d\u00eda los dos grandes modelos la posicionan en sitios diferentes. Os paso estos dos mapas a 500 hPa del modelo europeo y americano.<\/p>\n<p>&nbsp;<\/p>\n<p><a href=\"https:\/\/static-blogs.diariosur.es\/wp-content\/uploads\/sites\/12\/2024\/10\/europeo.jpg\"><img loading=\"lazy\" class=\"aligncenter size-full wp-image-42211\" src=\"https:\/\/static-blogs.diariosur.es\/wp-content\/uploads\/sites\/12\/2024\/10\/europeo.jpg\" alt=\"\" width=\"957\" height=\"972\" srcset=\"https:\/\/static-blogs.diariosur.es\/wp-content\/uploads\/sites\/12\/2024\/10\/europeo.jpg 957w, https:\/\/static-blogs.diariosur.es\/wp-content\/uploads\/sites\/12\/2024\/10\/europeo-394x400.jpg 394w, https:\/\/static-blogs.diariosur.es\/wp-content\/uploads\/sites\/12\/2024\/10\/europeo-768x780.jpg 768w\" sizes=\"(max-width: 957px) 100vw, 957px\" \/><\/a><\/p>\n<p>&nbsp;<\/p>\n<p><a href=\"https:\/\/static-blogs.diariosur.es\/wp-content\/uploads\/sites\/12\/2024\/10\/americano.jpg\"><img loading=\"lazy\" class=\"aligncenter size-full wp-image-42213\" src=\"https:\/\/static-blogs.diariosur.es\/wp-content\/uploads\/sites\/12\/2024\/10\/americano.jpg\" alt=\"\" width=\"951\" height=\"978\" srcset=\"https:\/\/static-blogs.diariosur.es\/wp-content\/uploads\/sites\/12\/2024\/10\/americano.jpg 951w, https:\/\/static-blogs.diariosur.es\/wp-content\/uploads\/sites\/12\/2024\/10\/americano-389x400.jpg 389w, https:\/\/static-blogs.diariosur.es\/wp-content\/uploads\/sites\/12\/2024\/10\/americano-768x790.jpg 768w\" sizes=\"(max-width: 951px) 100vw, 951px\" \/><\/a><\/p>\n<p>&nbsp;<\/p>\n<div>\n<div class=\"xabvvm4 xeyy32k x1ia1hqs x1a2w583 x6ikm8r x10wlt62\" data-visualcompletion=\"ignore-dynamic\">\n<div class=\"x1n2onr6\">\n<div class=\"x6s0dn4 xi81zsa x78zum5 x6prxxf x13a6bvl xvq8zen xdj266r xat24cr x1d52u69 xktsk01 x889kno x1a8lsjc xkhd6sd x4uap5 x80vd3b x1q0q8m5 xso031l\">\n<div>\n<p data-pm-slice=\"1 1 []\">En el primer mapa, el modelo europeo la ubica en el golfo de C\u00e1diz. La provincia de M\u00e1laga se ver\u00eda muy beneficiada por las lluvias.<\/p>\n<p>En el segundo mapa, el modelo americano la sit\u00faa muy al este. Desde esa posici\u00f3n apenas tendr\u00edamos precipitaciones.<\/p>\n<p>Mi amigo \u00c1ngel Rivera comentaba esto ayer: <strong><em>creo que hasta el jueves no tendremos una idea m\u00e1s clara de d\u00f3nde se va a formar. Ser\u00e1, probablemente, funci\u00f3n del lugar donde la gran dorsal atl\u00e1ntica empuje a la vaguada y se forme entre ambos un m\u00e1ximo de viento en niveles altos que determinar\u00e1 la trayectoria final. Cosas de Danas, como siempre.<\/em><\/strong><\/p>\n<p>Toca esperar, amigos de la meteo. De momento os pongo los acumulados que dan los dos modelos desde el domingo al martes; fijaros la diferencia. Seguro que ma\u00f1ana o tenemos dana o nada.<\/p>\n<p>&nbsp;<\/p>\n<p>&nbsp;<\/p>\n<p>&nbsp;<\/p>\n<\/div>\n<div><\/div>\n<div><\/div>\n<div class=\"x9f619 x1ja2u2z x78zum5 x2lah0s x1n2onr6 x1qughib x1qjc9v5 xozqiw3 x1q0g3np xykv574 xbmpl8g x4cne27 xifccgj\"><img loading=\"lazy\" class=\"aligncenter size-full wp-image-42214\" src=\"https:\/\/static-blogs.diariosur.es\/wp-content\/uploads\/sites\/12\/2024\/10\/europeo-1.jpg\" alt=\"\" width=\"952\" height=\"985\" srcset=\"https:\/\/static-blogs.diariosur.es\/wp-content\/uploads\/sites\/12\/2024\/10\/europeo-1.jpg 952w, https:\/\/static-blogs.diariosur.es\/wp-content\/uploads\/sites\/12\/2024\/10\/europeo-1-387x400.jpg 387w, https:\/\/static-blogs.diariosur.es\/wp-content\/uploads\/sites\/12\/2024\/10\/europeo-1-768x795.jpg 768w\" sizes=\"(max-width: 952px) 100vw, 952px\" \/><\/div>\n<div><\/div>\n<\/div>\n<\/div>\n<div><\/div>\n<div class=\"x1n2onr6\">\n<div><a href=\"https:\/\/static-blogs.diariosur.es\/wp-content\/uploads\/sites\/12\/2024\/10\/amaericano.jpg\"><img loading=\"lazy\" class=\"aligncenter size-full wp-image-42215\" src=\"https:\/\/static-blogs.diariosur.es\/wp-content\/uploads\/sites\/12\/2024\/10\/amaericano.jpg\" alt=\"\" width=\"952\" height=\"990\" srcset=\"https:\/\/static-blogs.diariosur.es\/wp-content\/uploads\/sites\/12\/2024\/10\/amaericano.jpg 952w, https:\/\/static-blogs.diariosur.es\/wp-content\/uploads\/sites\/12\/2024\/10\/amaericano-385x400.jpg 385w, https:\/\/static-blogs.diariosur.es\/wp-content\/uploads\/sites\/12\/2024\/10\/amaericano-768x799.jpg 768w\" sizes=\"(max-width: 952px) 100vw, 952px\" \/><\/a><\/div>\n<\/div>\n<\/div>\n<\/div>\n<p>&nbsp;<\/p>\n","protected":false},"excerpt":{"rendered":"<p>&nbsp; Muy buenos d\u00edas, amigos de la meteo. Cuando son las siete y cuarto de la ma\u00f1ana en M\u00e1laga capital, el Aeropuerto registra 17 \u00baC, los cielos est\u00e1n nubosos debido al viento h\u00famedo de levante y la m\u00e1xima hoy mi\u00e9rcoles en la capital rondar\u00e1 los 22 y 24 \u00baC seg\u00fan zonas. Ayer la m\u00e1xima en [&hellip;]<\/p>\n","protected":false},"author":16,"featured_media":42216,"comment_status":"open","ping_status":"open","sticky":false,"template":"","format":"standard","meta":[],"categories":[2],"tags":[307,358,587,800],"_links":{"self":[{"href":"https:\/\/blogs.diariosur.es\/tormentas-y-rayos\/wp-json\/wp\/v2\/posts\/42206"}],"collection":[{"href":"https:\/\/blogs.diariosur.es\/tormentas-y-rayos\/wp-json\/wp\/v2\/posts"}],"about":[{"href":"https:\/\/blogs.diariosur.es\/tormentas-y-rayos\/wp-json\/wp\/v2\/types\/post"}],"author":[{"embeddable":true,"href":"https:\/\/blogs.diariosur.es\/tormentas-y-rayos\/wp-json\/wp\/v2\/users\/16"}],"replies":[{"embeddable":true,"href":"https:\/\/blogs.diariosur.es\/tormentas-y-rayos\/wp-json\/wp\/v2\/comments?post=42206"}],"version-history":[{"count":7,"href":"https:\/\/blogs.diariosur.es\/tormentas-y-rayos\/wp-json\/wp\/v2\/posts\/42206\/revisions"}],"predecessor-version":[{"id":47335,"href":"https:\/\/blogs.diariosur.es\/tormentas-y-rayos\/wp-json\/wp\/v2\/posts\/42206\/revisions\/47335"}],"wp:featuredmedia":[{"embeddable":true,"href":"https:\/\/blogs.diariosur.es\/tormentas-y-rayos\/wp-json\/wp\/v2\/media\/42216"}],"wp:attachment":[{"href":"https:\/\/blogs.diariosur.es\/tormentas-y-rayos\/wp-json\/wp\/v2\/media?parent=42206"}],"wp:term":[{"taxonomy":"category","embeddable":true,"href":"https:\/\/blogs.diariosur.es\/tormentas-y-rayos\/wp-json\/wp\/v2\/categories?post=42206"},{"taxonomy":"post_tag","embeddable":true,"href":"https:\/\/blogs.diariosur.es\/tormentas-y-rayos\/wp-json\/wp\/v2\/tags?post=42206"}],"curies":[{"name":"wp","href":"https:\/\/api.w.org\/{rel}","templated":true}]}}