{"id":42219,"date":"2024-10-24T08:52:17","date_gmt":"2024-10-24T06:52:17","guid":{"rendered":"https:\/\/blogs.diariosur.es\/tormentas-y-rayos\/?p=42219"},"modified":"2025-11-09T07:28:58","modified_gmt":"2025-11-09T06:28:58","slug":"ultima-hora-de-la-posicion-de-la-dana-el-tiempo-en-andalucia","status":"publish","type":"post","link":"https:\/\/blogs.diariosur.es\/tormentas-y-rayos\/2024\/10\/24\/ultima-hora-de-la-posicion-de-la-dana-el-tiempo-en-andalucia\/","title":{"rendered":"\u00daltima hora de la posici\u00f3n de la dana. El tiempo en Andaluc\u00eda."},"content":{"rendered":"<p><a href=\"https:\/\/static-blogs.diariosur.es\/wp-content\/uploads\/sites\/12\/2023\/09\/375323357_10227521084351690_5428862938073510864_n.jpg\"><img loading=\"lazy\" class=\"aligncenter size-thumbnail wp-image-38274\" src=\"https:\/\/static-blogs.diariosur.es\/wp-content\/uploads\/sites\/12\/2023\/09\/375323357_10227521084351690_5428862938073510864_n-150x150.jpg\" alt=\"\" width=\"150\" height=\"150\" \/><\/a><\/p>\n<p data-pm-slice=\"1 1 []\">Muy buenos d\u00edas, amigos de la meteo. Para algunos incr\u00e9dulos, ayer mi\u00e9rcoles y esta pasada madrugada han ca\u00eddo precipitaciones orogr\u00e1ficas en algunos puntos de la zona occidental de la provincia. Tambi\u00e9n coment\u00e9 en el blog que la mayor\u00eda de los portales <strong>no caer\u00eda ni gota.<\/strong> En los Reales llevan acumulado en 24 horas 6,6 mm, Pujerra 2 mm, Las Golondrinas 0,7 mm, Co\u00edn 0,4 mm; en Arroyo de la Miel, en el rastro, cay\u00f3 un chubasco aislado, en Campanillas, El Torcal y zonas de la subida a la Fuente de la Reina. Por eso expliqu\u00e9 que son precipitaciones orogr\u00e1ficas, y curiosamente en los pocos puntos que se registraron, la presi\u00f3n atmosf\u00e9rica era muy alta; en ocasiones caen chubascos con anticicl\u00f3n. Dicho esto, me pongo con el tema a tratar.<\/p>\n<p>Cuando son las ocho menos cuarto de la ma\u00f1ana en M\u00e1laga capital, la Estaci\u00f3n de la Aemet del Aeropuerto registra 20 \u00baC; seguimos con nubes bajas de contenci\u00f3n en los sistemas monta\u00f1osos y el viento sopla flojo de componente este. La temperatura del agua del mar es de 19 \u00baC; tenemos mag\u00f3n en la costa malague\u00f1a.<\/p>\n<h3><span style=\"color: #ff0000;\"><strong>\u00daltima hora de la posici\u00f3n de la dana.<\/strong><\/span><\/h3>\n<p data-pm-slice=\"1 1 []\">Ayer os dije que hasta esta tarde noche no estar\u00eda clara la posici\u00f3n de la dana; os tengo que dar malas noticias con el modelo europeo compar\u00e1ndolo con la actualizaci\u00f3n de ayer. En cambio, el americano ha mejorado.<\/p>\n<p>Modelo europeo. De momento la ubica en esa zona y bajar\u00eda de latitud para centrarse en la vertical del centro de Andaluc\u00eda. En esa posici\u00f3n las precipitaciones no ser\u00edan muy abundantes en la provincia de M\u00e1laga.<\/p>\n<p>&nbsp;<\/p>\n<p><a href=\"https:\/\/static-blogs.diariosur.es\/wp-content\/uploads\/sites\/12\/2024\/10\/1-2.jpg\"><img loading=\"lazy\" class=\"aligncenter size-full wp-image-42221\" src=\"https:\/\/static-blogs.diariosur.es\/wp-content\/uploads\/sites\/12\/2024\/10\/1-2.jpg\" alt=\"\" width=\"952\" height=\"991\" srcset=\"https:\/\/static-blogs.diariosur.es\/wp-content\/uploads\/sites\/12\/2024\/10\/1-2.jpg 952w, https:\/\/static-blogs.diariosur.es\/wp-content\/uploads\/sites\/12\/2024\/10\/1-2-384x400.jpg 384w, https:\/\/static-blogs.diariosur.es\/wp-content\/uploads\/sites\/12\/2024\/10\/1-2-768x799.jpg 768w\" sizes=\"(max-width: 952px) 100vw, 952px\" \/><\/a><\/p>\n<p>&nbsp;<\/p>\n<p><a href=\"https:\/\/static-blogs.diariosur.es\/wp-content\/uploads\/sites\/12\/2024\/10\/2-1.jpg\"><img loading=\"lazy\" class=\"aligncenter size-full wp-image-42222\" src=\"https:\/\/static-blogs.diariosur.es\/wp-content\/uploads\/sites\/12\/2024\/10\/2-1.jpg\" alt=\"\" width=\"955\" height=\"1001\" srcset=\"https:\/\/static-blogs.diariosur.es\/wp-content\/uploads\/sites\/12\/2024\/10\/2-1.jpg 955w, https:\/\/static-blogs.diariosur.es\/wp-content\/uploads\/sites\/12\/2024\/10\/2-1-382x400.jpg 382w, https:\/\/static-blogs.diariosur.es\/wp-content\/uploads\/sites\/12\/2024\/10\/2-1-768x805.jpg 768w\" sizes=\"(max-width: 955px) 100vw, 955px\" \/><\/a><\/p>\n<p>Os paso los acumulados actualizados a d\u00eda de hoy del modelo europeo. Andaluc\u00eda y M\u00e1laga hasta la madrugada del mi\u00e9rcoles<\/p>\n<p>&nbsp;<\/p>\n<p><a href=\"https:\/\/static-blogs.diariosur.es\/wp-content\/uploads\/sites\/12\/2024\/10\/a.jpg\"><img loading=\"lazy\" class=\"aligncenter size-full wp-image-42225\" src=\"https:\/\/static-blogs.diariosur.es\/wp-content\/uploads\/sites\/12\/2024\/10\/a.jpg\" alt=\"\" width=\"948\" height=\"980\" srcset=\"https:\/\/static-blogs.diariosur.es\/wp-content\/uploads\/sites\/12\/2024\/10\/a.jpg 948w, https:\/\/static-blogs.diariosur.es\/wp-content\/uploads\/sites\/12\/2024\/10\/a-387x400.jpg 387w, https:\/\/static-blogs.diariosur.es\/wp-content\/uploads\/sites\/12\/2024\/10\/a-768x794.jpg 768w\" sizes=\"(max-width: 948px) 100vw, 948px\" \/><\/a> <a href=\"https:\/\/static-blogs.diariosur.es\/wp-content\/uploads\/sites\/12\/2024\/10\/b.jpg\"><img loading=\"lazy\" class=\"aligncenter size-full wp-image-42226\" src=\"https:\/\/static-blogs.diariosur.es\/wp-content\/uploads\/sites\/12\/2024\/10\/b.jpg\" alt=\"\" width=\"957\" height=\"986\" srcset=\"https:\/\/static-blogs.diariosur.es\/wp-content\/uploads\/sites\/12\/2024\/10\/b.jpg 957w, https:\/\/static-blogs.diariosur.es\/wp-content\/uploads\/sites\/12\/2024\/10\/b-388x400.jpg 388w, https:\/\/static-blogs.diariosur.es\/wp-content\/uploads\/sites\/12\/2024\/10\/b-768x791.jpg 768w\" sizes=\"(max-width: 957px) 100vw, 957px\" \/><\/a><\/p>\n<p>Modelo americano. En esa posici\u00f3n si habr\u00eda m\u00e1s precipitaciones en la provincia de M\u00e1laga.<\/p>\n<p>&nbsp;<\/p>\n<p><a href=\"https:\/\/static-blogs.diariosur.es\/wp-content\/uploads\/sites\/12\/2024\/10\/3-1.jpg\"><img loading=\"lazy\" class=\"aligncenter size-full wp-image-42223\" src=\"https:\/\/static-blogs.diariosur.es\/wp-content\/uploads\/sites\/12\/2024\/10\/3-1.jpg\" alt=\"\" width=\"962\" height=\"957\" srcset=\"https:\/\/static-blogs.diariosur.es\/wp-content\/uploads\/sites\/12\/2024\/10\/3-1.jpg 962w, https:\/\/static-blogs.diariosur.es\/wp-content\/uploads\/sites\/12\/2024\/10\/3-1-150x150.jpg 150w, https:\/\/static-blogs.diariosur.es\/wp-content\/uploads\/sites\/12\/2024\/10\/3-1-402x400.jpg 402w, https:\/\/static-blogs.diariosur.es\/wp-content\/uploads\/sites\/12\/2024\/10\/3-1-768x764.jpg 768w\" sizes=\"(max-width: 962px) 100vw, 962px\" \/><\/a><\/p>\n<p>&nbsp;<\/p>\n<p><a href=\"https:\/\/static-blogs.diariosur.es\/wp-content\/uploads\/sites\/12\/2024\/10\/4.jpg\"><img loading=\"lazy\" class=\"aligncenter size-full wp-image-42224\" src=\"https:\/\/static-blogs.diariosur.es\/wp-content\/uploads\/sites\/12\/2024\/10\/4.jpg\" alt=\"\" width=\"958\" height=\"958\" srcset=\"https:\/\/static-blogs.diariosur.es\/wp-content\/uploads\/sites\/12\/2024\/10\/4.jpg 958w, https:\/\/static-blogs.diariosur.es\/wp-content\/uploads\/sites\/12\/2024\/10\/4-150x150.jpg 150w, https:\/\/static-blogs.diariosur.es\/wp-content\/uploads\/sites\/12\/2024\/10\/4-400x400.jpg 400w, https:\/\/static-blogs.diariosur.es\/wp-content\/uploads\/sites\/12\/2024\/10\/4-768x768.jpg 768w\" sizes=\"(max-width: 958px) 100vw, 958px\" \/><\/a><\/p>\n<p>&nbsp;<\/p>\n<p>Os paso los acumulados actualizados a d\u00eda de hoy del modelo americano. Andaluc\u00eda y M\u00e1laga hasta la madrugada del mi\u00e9rcoles.<\/p>\n<p>&nbsp;<\/p>\n<p><a href=\"https:\/\/static-blogs.diariosur.es\/wp-content\/uploads\/sites\/12\/2024\/10\/c.jpg\"><img loading=\"lazy\" class=\"aligncenter size-full wp-image-42227\" src=\"https:\/\/static-blogs.diariosur.es\/wp-content\/uploads\/sites\/12\/2024\/10\/c.jpg\" alt=\"\" width=\"958\" height=\"992\" srcset=\"https:\/\/static-blogs.diariosur.es\/wp-content\/uploads\/sites\/12\/2024\/10\/c.jpg 958w, https:\/\/static-blogs.diariosur.es\/wp-content\/uploads\/sites\/12\/2024\/10\/c-386x400.jpg 386w, https:\/\/static-blogs.diariosur.es\/wp-content\/uploads\/sites\/12\/2024\/10\/c-768x795.jpg 768w\" sizes=\"(max-width: 958px) 100vw, 958px\" \/><\/a> <a href=\"https:\/\/static-blogs.diariosur.es\/wp-content\/uploads\/sites\/12\/2024\/10\/d.jpg\"><img loading=\"lazy\" class=\"aligncenter size-full wp-image-42228\" src=\"https:\/\/static-blogs.diariosur.es\/wp-content\/uploads\/sites\/12\/2024\/10\/d.jpg\" alt=\"\" width=\"953\" height=\"1006\" srcset=\"https:\/\/static-blogs.diariosur.es\/wp-content\/uploads\/sites\/12\/2024\/10\/d.jpg 953w, https:\/\/static-blogs.diariosur.es\/wp-content\/uploads\/sites\/12\/2024\/10\/d-379x400.jpg 379w, https:\/\/static-blogs.diariosur.es\/wp-content\/uploads\/sites\/12\/2024\/10\/d-768x811.jpg 768w\" sizes=\"(max-width: 953px) 100vw, 953px\" \/><\/a><\/p>\n<p>&nbsp;<\/p>\n<p>Ma\u00f1ana, casi con seguridad, sabremos la evoluci\u00f3n de esta dana pu\u00f1etera que nos esta haciendo tanto sufrir jijiji.<\/p>\n<p>Foto de mi amigo Crist\u00f3bal Gambero, en Mijas Pueblo. Ma\u00f1ana con ese prism\u00e1tico veremos donde se ubica por fin jijijiji.<\/p>\n<p>&nbsp;<\/p>\n<p><a href=\"https:\/\/static-blogs.diariosur.es\/wp-content\/uploads\/sites\/12\/2024\/10\/463119033_10232095410302350_7429705584700706261_n.jpg\"><img loading=\"lazy\" class=\"aligncenter size-full wp-image-42229\" src=\"https:\/\/static-blogs.diariosur.es\/wp-content\/uploads\/sites\/12\/2024\/10\/463119033_10232095410302350_7429705584700706261_n.jpg\" alt=\"\" width=\"800\" height=\"600\" srcset=\"https:\/\/static-blogs.diariosur.es\/wp-content\/uploads\/sites\/12\/2024\/10\/463119033_10232095410302350_7429705584700706261_n.jpg 800w, https:\/\/static-blogs.diariosur.es\/wp-content\/uploads\/sites\/12\/2024\/10\/463119033_10232095410302350_7429705584700706261_n-533x400.jpg 533w, https:\/\/static-blogs.diariosur.es\/wp-content\/uploads\/sites\/12\/2024\/10\/463119033_10232095410302350_7429705584700706261_n-768x576.jpg 768w\" sizes=\"(max-width: 800px) 100vw, 800px\" \/><\/a><\/p>\n<p>&nbsp;<\/p>\n<p>&nbsp;<\/p>\n<p>&nbsp;<\/p>\n<p>&nbsp;<\/p>\n<p>&nbsp;<\/p>\n","protected":false},"excerpt":{"rendered":"<p>Muy buenos d\u00edas, amigos de la meteo. Para algunos incr\u00e9dulos, ayer mi\u00e9rcoles y esta pasada madrugada han ca\u00eddo precipitaciones orogr\u00e1ficas en algunos puntos de la zona occidental de la provincia. Tambi\u00e9n coment\u00e9 en el blog que la mayor\u00eda de los portales no caer\u00eda ni gota. En los Reales llevan acumulado en 24 horas 6,6 mm, [&hellip;]<\/p>\n","protected":false},"author":16,"featured_media":42229,"comment_status":"open","ping_status":"open","sticky":false,"template":"","format":"standard","meta":[],"categories":[2],"tags":[100,307,358,569,587],"_links":{"self":[{"href":"https:\/\/blogs.diariosur.es\/tormentas-y-rayos\/wp-json\/wp\/v2\/posts\/42219"}],"collection":[{"href":"https:\/\/blogs.diariosur.es\/tormentas-y-rayos\/wp-json\/wp\/v2\/posts"}],"about":[{"href":"https:\/\/blogs.diariosur.es\/tormentas-y-rayos\/wp-json\/wp\/v2\/types\/post"}],"author":[{"embeddable":true,"href":"https:\/\/blogs.diariosur.es\/tormentas-y-rayos\/wp-json\/wp\/v2\/users\/16"}],"replies":[{"embeddable":true,"href":"https:\/\/blogs.diariosur.es\/tormentas-y-rayos\/wp-json\/wp\/v2\/comments?post=42219"}],"version-history":[{"count":4,"href":"https:\/\/blogs.diariosur.es\/tormentas-y-rayos\/wp-json\/wp\/v2\/posts\/42219\/revisions"}],"predecessor-version":[{"id":47333,"href":"https:\/\/blogs.diariosur.es\/tormentas-y-rayos\/wp-json\/wp\/v2\/posts\/42219\/revisions\/47333"}],"wp:featuredmedia":[{"embeddable":true,"href":"https:\/\/blogs.diariosur.es\/tormentas-y-rayos\/wp-json\/wp\/v2\/media\/42229"}],"wp:attachment":[{"href":"https:\/\/blogs.diariosur.es\/tormentas-y-rayos\/wp-json\/wp\/v2\/media?parent=42219"}],"wp:term":[{"taxonomy":"category","embeddable":true,"href":"https:\/\/blogs.diariosur.es\/tormentas-y-rayos\/wp-json\/wp\/v2\/categories?post=42219"},{"taxonomy":"post_tag","embeddable":true,"href":"https:\/\/blogs.diariosur.es\/tormentas-y-rayos\/wp-json\/wp\/v2\/tags?post=42219"}],"curies":[{"name":"wp","href":"https:\/\/api.w.org\/{rel}","templated":true}]}}