{"id":42235,"date":"2024-10-25T08:19:04","date_gmt":"2024-10-25T06:19:04","guid":{"rendered":"https:\/\/blogs.diariosur.es\/tormentas-y-rayos\/?p=42235"},"modified":"2025-11-09T07:23:45","modified_gmt":"2025-11-09T06:23:45","slug":"seguimiento-de-la-dana-en-andalucia-actualizados-los-acumulados-de-precipitacion-llovera-o-no","status":"publish","type":"post","link":"https:\/\/blogs.diariosur.es\/tormentas-y-rayos\/2024\/10\/25\/seguimiento-de-la-dana-en-andalucia-actualizados-los-acumulados-de-precipitacion-llovera-o-no\/","title":{"rendered":"\u00bfLlover\u00e1 o no? Seguimiento de la dana en Andaluc\u00eda. Actualizados los acumulados de precipitaci\u00f3n."},"content":{"rendered":"<p><a href=\"https:\/\/static-blogs.diariosur.es\/wp-content\/uploads\/sites\/12\/2024\/05\/444912498_10228884468795449_97962860407814916_n.jpg\"><img loading=\"lazy\" class=\"aligncenter size-thumbnail wp-image-40751\" src=\"https:\/\/static-blogs.diariosur.es\/wp-content\/uploads\/sites\/12\/2024\/05\/444912498_10228884468795449_97962860407814916_n-150x150.jpg\" alt=\"\" width=\"150\" height=\"150\" \/><\/a><\/p>\n<p data-pm-slice=\"1 1 []\">Muy buenos d\u00edas, amigos de la meteo. Antes de daros los probables acumulados de precipitaci\u00f3n en Andaluc\u00eda y provincia de M\u00e1laga para la semana que viene, os doy la previsi\u00f3n de hoy viernes porque ha cambiado un poco. El frente fr\u00edo que se esperaba esta tarde poco activo se reactivar\u00e1 por el interior de la provincia, dejando m\u00e1s litros de los esperados en la comarca de Antequera y otras zonas. En la capital hay probabilidad de algunas gotas. Ma\u00f1ana veremos las zonas donde m\u00e1s ha llovido.<\/p>\n<p>A tan pocas horas, siento comunicaros que a\u00fan hay incertidumbre en la posici\u00f3n de la dana con los dos grandes modelos, como pod\u00e9is ver a continuaci\u00f3n en estos dos mapas a 500 hpa previstos para el lunes.<\/p>\n<p><strong>Lo importante es que de momento la DANA no se sit\u00faa al este de nuestra comunidad para los intereses malague\u00f1os.<\/strong><\/p>\n<p>Fijaros en los dos mapas que os pongo a continuaci\u00f3n; tan solo var\u00ede el n\u00facleo de la dana m\u00e1s a la izquierda o a la derecha, puede llover m\u00e1s o menos. El primer mapa es el americano y el segundo el europeo.<\/p>\n<p>&nbsp;<\/p>\n<p><a href=\"https:\/\/static-blogs.diariosur.es\/wp-content\/uploads\/sites\/12\/2024\/10\/americano-1.jpg\"><img loading=\"lazy\" class=\"aligncenter size-full wp-image-42236\" src=\"https:\/\/static-blogs.diariosur.es\/wp-content\/uploads\/sites\/12\/2024\/10\/americano-1.jpg\" alt=\"\" width=\"953\" height=\"990\" srcset=\"https:\/\/static-blogs.diariosur.es\/wp-content\/uploads\/sites\/12\/2024\/10\/americano-1.jpg 953w, https:\/\/static-blogs.diariosur.es\/wp-content\/uploads\/sites\/12\/2024\/10\/americano-1-385x400.jpg 385w, https:\/\/static-blogs.diariosur.es\/wp-content\/uploads\/sites\/12\/2024\/10\/americano-1-768x798.jpg 768w\" sizes=\"(max-width: 953px) 100vw, 953px\" \/><\/a> <a href=\"https:\/\/static-blogs.diariosur.es\/wp-content\/uploads\/sites\/12\/2024\/10\/europeo-2.jpg\"><img loading=\"lazy\" class=\"aligncenter size-full wp-image-42237\" src=\"https:\/\/static-blogs.diariosur.es\/wp-content\/uploads\/sites\/12\/2024\/10\/europeo-2.jpg\" alt=\"\" width=\"955\" height=\"983\" srcset=\"https:\/\/static-blogs.diariosur.es\/wp-content\/uploads\/sites\/12\/2024\/10\/europeo-2.jpg 955w, https:\/\/static-blogs.diariosur.es\/wp-content\/uploads\/sites\/12\/2024\/10\/europeo-2-389x400.jpg 389w, https:\/\/static-blogs.diariosur.es\/wp-content\/uploads\/sites\/12\/2024\/10\/europeo-2-768x791.jpg 768w\" sizes=\"(max-width: 955px) 100vw, 955px\" \/><\/a><\/p>\n<p data-pm-slice=\"1 1 []\"><strong>Tambi\u00e9n es muy importante el movimiento que tenga en d\u00edas posteriores la dana; hay probabilidad alta de que se quede hasta el jueves 31 por la zona del Golfo de C\u00e1diz y Cabo de San Vicente; seg\u00fan se posicione en esas zonas, puede llover m\u00e1s o menos en la provincia de M\u00e1laga.<\/strong><\/p>\n<p>Os paso los acumulados de los modelos europeo y americano. Lo importante es que aumenta la probabilidad de precipitaciones, aunque uno de m\u00e1s y otro menos. Esperemos que no cambie.<\/p>\n<p>MODELO EUROPEO<\/p>\n<p>&nbsp;<\/p>\n<p><a href=\"https:\/\/static-blogs.diariosur.es\/wp-content\/uploads\/sites\/12\/2024\/10\/1-3.jpg\"><img loading=\"lazy\" class=\"aligncenter size-full wp-image-42238\" src=\"https:\/\/static-blogs.diariosur.es\/wp-content\/uploads\/sites\/12\/2024\/10\/1-3.jpg\" alt=\"\" width=\"953\" height=\"988\" srcset=\"https:\/\/static-blogs.diariosur.es\/wp-content\/uploads\/sites\/12\/2024\/10\/1-3.jpg 953w, https:\/\/static-blogs.diariosur.es\/wp-content\/uploads\/sites\/12\/2024\/10\/1-3-386x400.jpg 386w, https:\/\/static-blogs.diariosur.es\/wp-content\/uploads\/sites\/12\/2024\/10\/1-3-768x796.jpg 768w\" sizes=\"(max-width: 953px) 100vw, 953px\" \/><\/a><\/p>\n<p>&nbsp;<\/p>\n<p><a href=\"https:\/\/static-blogs.diariosur.es\/wp-content\/uploads\/sites\/12\/2024\/10\/2-2.jpg\"><img loading=\"lazy\" class=\"aligncenter size-full wp-image-42239\" src=\"https:\/\/static-blogs.diariosur.es\/wp-content\/uploads\/sites\/12\/2024\/10\/2-2.jpg\" alt=\"\" width=\"957\" height=\"985\" srcset=\"https:\/\/static-blogs.diariosur.es\/wp-content\/uploads\/sites\/12\/2024\/10\/2-2.jpg 957w, https:\/\/static-blogs.diariosur.es\/wp-content\/uploads\/sites\/12\/2024\/10\/2-2-389x400.jpg 389w, https:\/\/static-blogs.diariosur.es\/wp-content\/uploads\/sites\/12\/2024\/10\/2-2-768x790.jpg 768w\" sizes=\"(max-width: 957px) 100vw, 957px\" \/><\/a><\/p>\n<p>&nbsp;<\/p>\n<p>MODELO AMERICANO<\/p>\n<p>Si os fij\u00e1is, son impresionantes los acumulados en la provincia de M\u00e1laga<\/p>\n<p>&nbsp;<\/p>\n<p><a href=\"https:\/\/static-blogs.diariosur.es\/wp-content\/uploads\/sites\/12\/2024\/10\/3-2.jpg\"><img loading=\"lazy\" class=\"aligncenter size-full wp-image-42241\" src=\"https:\/\/static-blogs.diariosur.es\/wp-content\/uploads\/sites\/12\/2024\/10\/3-2.jpg\" alt=\"\" width=\"948\" height=\"990\" srcset=\"https:\/\/static-blogs.diariosur.es\/wp-content\/uploads\/sites\/12\/2024\/10\/3-2.jpg 948w, https:\/\/static-blogs.diariosur.es\/wp-content\/uploads\/sites\/12\/2024\/10\/3-2-383x400.jpg 383w, https:\/\/static-blogs.diariosur.es\/wp-content\/uploads\/sites\/12\/2024\/10\/3-2-768x802.jpg 768w\" sizes=\"(max-width: 948px) 100vw, 948px\" \/><\/a><\/p>\n<p>&nbsp;<\/p>\n<p><a href=\"https:\/\/static-blogs.diariosur.es\/wp-content\/uploads\/sites\/12\/2024\/10\/4-1.jpg\"><img loading=\"lazy\" class=\"aligncenter size-full wp-image-42242\" src=\"https:\/\/static-blogs.diariosur.es\/wp-content\/uploads\/sites\/12\/2024\/10\/4-1.jpg\" alt=\"\" width=\"955\" height=\"993\" srcset=\"https:\/\/static-blogs.diariosur.es\/wp-content\/uploads\/sites\/12\/2024\/10\/4-1.jpg 955w, https:\/\/static-blogs.diariosur.es\/wp-content\/uploads\/sites\/12\/2024\/10\/4-1-385x400.jpg 385w, https:\/\/static-blogs.diariosur.es\/wp-content\/uploads\/sites\/12\/2024\/10\/4-1-768x799.jpg 768w\" sizes=\"(max-width: 955px) 100vw, 955px\" \/><\/a><\/p>\n<p data-pm-slice=\"1 1 []\">Espero que la ubicaci\u00f3n de la dana sea esta que hemos visto en las pr\u00f3ximas actualizaciones.<\/p>\n<p>Estaremos atentos si la AEMET saca una nota informativa o aviso especial.<\/p>\n<p>Ojal\u00e1 la semana que viene veamos a M\u00e1laga y su provincia bajo un manto de lluvias.<\/p>\n<p>&nbsp;<\/p>\n<p><a href=\"https:\/\/static-blogs.diariosur.es\/wp-content\/uploads\/sites\/12\/2024\/10\/DSC1143.jpg\"><img loading=\"lazy\" class=\"aligncenter size-full wp-image-42243\" src=\"https:\/\/static-blogs.diariosur.es\/wp-content\/uploads\/sites\/12\/2024\/10\/DSC1143-e1729836926832.jpg\" alt=\"\" width=\"1200\" height=\"676\" \/><\/a><\/p>\n<p>&nbsp;<\/p>\n","protected":false},"excerpt":{"rendered":"<p>Muy buenos d\u00edas, amigos de la meteo. Antes de daros los probables acumulados de precipitaci\u00f3n en Andaluc\u00eda y provincia de M\u00e1laga para la semana que viene, os doy la previsi\u00f3n de hoy viernes porque ha cambiado un poco. El frente fr\u00edo que se esperaba esta tarde poco activo se reactivar\u00e1 por el interior de la [&hellip;]<\/p>\n","protected":false},"author":16,"featured_media":42243,"comment_status":"open","ping_status":"open","sticky":false,"template":"","format":"standard","meta":[],"categories":[2],"tags":[307,358,569,587],"_links":{"self":[{"href":"https:\/\/blogs.diariosur.es\/tormentas-y-rayos\/wp-json\/wp\/v2\/posts\/42235"}],"collection":[{"href":"https:\/\/blogs.diariosur.es\/tormentas-y-rayos\/wp-json\/wp\/v2\/posts"}],"about":[{"href":"https:\/\/blogs.diariosur.es\/tormentas-y-rayos\/wp-json\/wp\/v2\/types\/post"}],"author":[{"embeddable":true,"href":"https:\/\/blogs.diariosur.es\/tormentas-y-rayos\/wp-json\/wp\/v2\/users\/16"}],"replies":[{"embeddable":true,"href":"https:\/\/blogs.diariosur.es\/tormentas-y-rayos\/wp-json\/wp\/v2\/comments?post=42235"}],"version-history":[{"count":5,"href":"https:\/\/blogs.diariosur.es\/tormentas-y-rayos\/wp-json\/wp\/v2\/posts\/42235\/revisions"}],"predecessor-version":[{"id":47330,"href":"https:\/\/blogs.diariosur.es\/tormentas-y-rayos\/wp-json\/wp\/v2\/posts\/42235\/revisions\/47330"}],"wp:featuredmedia":[{"embeddable":true,"href":"https:\/\/blogs.diariosur.es\/tormentas-y-rayos\/wp-json\/wp\/v2\/media\/42243"}],"wp:attachment":[{"href":"https:\/\/blogs.diariosur.es\/tormentas-y-rayos\/wp-json\/wp\/v2\/media?parent=42235"}],"wp:term":[{"taxonomy":"category","embeddable":true,"href":"https:\/\/blogs.diariosur.es\/tormentas-y-rayos\/wp-json\/wp\/v2\/categories?post=42235"},{"taxonomy":"post_tag","embeddable":true,"href":"https:\/\/blogs.diariosur.es\/tormentas-y-rayos\/wp-json\/wp\/v2\/tags?post=42235"}],"curies":[{"name":"wp","href":"https:\/\/api.w.org\/{rel}","templated":true}]}}