{"id":42246,"date":"2024-10-25T20:36:39","date_gmt":"2024-10-25T18:36:39","guid":{"rendered":"https:\/\/blogs.diariosur.es\/tormentas-y-rayos\/?p=42246"},"modified":"2025-11-09T07:26:19","modified_gmt":"2025-11-09T06:26:19","slug":"portales-de-la-provincia-malaguena-donde-se-han-dado-hoy-viernes-precipitaciones","status":"publish","type":"post","link":"https:\/\/blogs.diariosur.es\/tormentas-y-rayos\/2024\/10\/25\/portales-de-la-provincia-malaguena-donde-se-han-dado-hoy-viernes-precipitaciones\/","title":{"rendered":"Portales de la provincia malague\u00f1a donde se han dado hoy viernes precipitaciones."},"content":{"rendered":"<p><a href=\"https:\/\/static-blogs.diariosur.es\/wp-content\/uploads\/sites\/12\/2024\/05\/444912498_10228884468795449_97962860407814916_n.jpg\"><img loading=\"lazy\" class=\"aligncenter size-thumbnail wp-image-40751\" src=\"https:\/\/static-blogs.diariosur.es\/wp-content\/uploads\/sites\/12\/2024\/05\/444912498_10228884468795449_97962860407814916_n-150x150.jpg\" alt=\"\" width=\"150\" height=\"150\" \/><\/a><\/p>\n<p data-pm-slice=\"1 1 []\">Buenas noches, amigos de la meteo.<\/p>\n<p>Os paso los acumulados de precipitaci\u00f3n de hoy viernes para los incr\u00e9dulos que, por lo que veo, est\u00e1n muy aburridos y criticando se divierten. Mi madre me dec\u00eda que si estaba aburrido, metiera los pies en agua y si no, leyera un buen libro.<\/p>\n<p>Reedito: chaparr\u00f3n en Torre del Mar y V\u00e9lez M\u00e1laga.<\/p>\n<p>Fuentes: Red Hidrosur, Aemet, Meteoclimatic, Acamet y Wunderground.<\/p>\n<p>Depuradora de Marbella 4,8 mm<\/p>\n<p>Archidona Huertas del R\u00edo\u00a012,4 mm<\/p>\n<p>Villanueva de la Concepci\u00f3n: 29,3 mm<\/p>\n<p>Embalse de Guadalmansa 6,2 mm<\/p>\n<p>R\u00edo Guadalhorce Archidona\u00a08,8 mm<\/p>\n<p>Marbella Puerto 11,8 mm<\/p>\n<p>Ojen\u00a01,8 mm<\/p>\n<p>Ist\u00e1n 1,8 mm<\/p>\n<p>Torrox 5,1 mm<\/p>\n<p>La Cala de Mijas\u00a02 mm<\/p>\n<p>El Colmenar las Buitreras\u00a06,4 mm<\/p>\n<p>Villanueva del Rosario 22 mm<\/p>\n<p>Villanueva del Trabuco\u00a012,5 mm<\/p>\n<p>Algatoc\u00edn\u00a02,5 mm<\/p>\n<p>Estepona 2 mm<\/p>\n<p>\u00c1lora\u00a02,4 mm<\/p>\n<p>R\u00edo Genal Jubrique\u00a02,4 mm<\/p>\n<p>Embalse de la Concepci\u00f3n: 5,2 mm<\/p>\n<p>Azud de Paredones: 8,9 mm<\/p>\n<p>R\u00edo Grande Las Millanas\u00a03,6 mm<\/p>\n<p>Tolox\u00a01,8 mm<\/p>\n<p>Antequera\u00a019,8 mm<\/p>\n<p>Casabermeja\u00a08,6 mm<\/p>\n<p>Colmenar 8,9 mm<\/p>\n<p>Periana 14 mm<\/p>\n<p>Comares 3,9 mm<\/p>\n<p>Almachar 4,3 mm<\/p>\n<p>Frigiliana 5,4<\/p>\n<p>Nerja 4 mm<\/p>\n<p>Alfarnatejo 11,5 mm<\/p>\n<p>&nbsp;<\/p>\n<p>&nbsp;<\/p>\n","protected":false},"excerpt":{"rendered":"<p>Buenas noches, amigos de la meteo. Os paso los acumulados de precipitaci\u00f3n de hoy viernes para los incr\u00e9dulos que, por lo que veo, est\u00e1n muy aburridos y criticando se divierten. Mi madre me dec\u00eda que si estaba aburrido, metiera los pies en agua y si no, leyera un buen libro. Reedito: chaparr\u00f3n en Torre del [&hellip;]<\/p>\n","protected":false},"author":16,"featured_media":42162,"comment_status":"open","ping_status":"open","sticky":false,"template":"","format":"standard","meta":[],"categories":[2],"tags":[358,587],"_links":{"self":[{"href":"https:\/\/blogs.diariosur.es\/tormentas-y-rayos\/wp-json\/wp\/v2\/posts\/42246"}],"collection":[{"href":"https:\/\/blogs.diariosur.es\/tormentas-y-rayos\/wp-json\/wp\/v2\/posts"}],"about":[{"href":"https:\/\/blogs.diariosur.es\/tormentas-y-rayos\/wp-json\/wp\/v2\/types\/post"}],"author":[{"embeddable":true,"href":"https:\/\/blogs.diariosur.es\/tormentas-y-rayos\/wp-json\/wp\/v2\/users\/16"}],"replies":[{"embeddable":true,"href":"https:\/\/blogs.diariosur.es\/tormentas-y-rayos\/wp-json\/wp\/v2\/comments?post=42246"}],"version-history":[{"count":9,"href":"https:\/\/blogs.diariosur.es\/tormentas-y-rayos\/wp-json\/wp\/v2\/posts\/42246\/revisions"}],"predecessor-version":[{"id":47331,"href":"https:\/\/blogs.diariosur.es\/tormentas-y-rayos\/wp-json\/wp\/v2\/posts\/42246\/revisions\/47331"}],"wp:featuredmedia":[{"embeddable":true,"href":"https:\/\/blogs.diariosur.es\/tormentas-y-rayos\/wp-json\/wp\/v2\/media\/42162"}],"wp:attachment":[{"href":"https:\/\/blogs.diariosur.es\/tormentas-y-rayos\/wp-json\/wp\/v2\/media?parent=42246"}],"wp:term":[{"taxonomy":"category","embeddable":true,"href":"https:\/\/blogs.diariosur.es\/tormentas-y-rayos\/wp-json\/wp\/v2\/categories?post=42246"},{"taxonomy":"post_tag","embeddable":true,"href":"https:\/\/blogs.diariosur.es\/tormentas-y-rayos\/wp-json\/wp\/v2\/tags?post=42246"}],"curies":[{"name":"wp","href":"https:\/\/api.w.org\/{rel}","templated":true}]}}