{"id":42255,"date":"2024-10-26T08:27:33","date_gmt":"2024-10-26T06:27:33","guid":{"rendered":"https:\/\/blogs.diariosur.es\/tormentas-y-rayos\/?p=42255"},"modified":"2025-11-09T07:16:55","modified_gmt":"2025-11-09T06:16:55","slug":"ultima-hora-de-la-dana-y-probables-acumulados-cada-24-horas-en-la-provincia-de-malaga","status":"publish","type":"post","link":"https:\/\/blogs.diariosur.es\/tormentas-y-rayos\/2024\/10\/26\/ultima-hora-de-la-dana-y-probables-acumulados-cada-24-horas-en-la-provincia-de-malaga\/","title":{"rendered":"\u00daltima hora de la dana y probables acumulados cada 24 horas en la provincia de M\u00e1laga"},"content":{"rendered":"<p><a href=\"https:\/\/static-blogs.diariosur.es\/wp-content\/uploads\/sites\/12\/2024\/02\/379337914_10227628075666406_6248628726251100327_n.jpg\"><img loading=\"lazy\" class=\"aligncenter size-thumbnail wp-image-39879\" src=\"https:\/\/static-blogs.diariosur.es\/wp-content\/uploads\/sites\/12\/2024\/02\/379337914_10227628075666406_6248628726251100327_n-150x150.jpg\" alt=\"\" width=\"150\" height=\"150\" \/><\/a><\/p>\n<p data-pm-slice=\"1 1 []\">Muy buenos d\u00edas, amigos de la meteo. Hoy s\u00e1bado 26 de octubre, la provincia malague\u00f1a ha registrado la madrugada m\u00e1s fresquita desde que comenz\u00f3 el oto\u00f1o; mi estaci\u00f3n en M\u00e1laga capital ha registrado una m\u00ednima de 13,7 \u00baC. En nuestra comunidad andaluza ha pasado igual.<\/p>\n<p>Ayer hubo sorpresas y el frente se reactiv\u00f3 m\u00e1s de lo esperado, dejando en algunos puntos chubascos cuantiosos, como es el caso de Villanueva de la Concepci\u00f3n, donde acumularon en poco tiempo casi 30 mm. Esta precipitaci\u00f3n hizo que le <strong>entrara agua al Embalse de Casasola<\/strong>. Destacar tambi\u00e9n la granizada que se registr\u00f3 en la Venta de Zafarraya y el fuerte aguacero que tuvieron en Antequera.<\/p>\n<h3><a href=\"https:\/\/blogs.diariosur.es\/tormentas-y-rayos\/2024\/10\/25\/portales-de-la-provincia-malaguena-donde-se-han-dado-hoy-viernes-precipitaciones\/\"><strong>Os paso el enlace donde pongo los acumulados de la provincia de ayer viernes.<\/strong><\/a><\/h3>\n<p data-pm-slice=\"1 1 []\">Hoy s\u00e1bado a \u00faltima hora de la noche y primeras horas de la madrugada del domingo, hay probabilidad de precipitaciones, siendo m\u00e1s probables e intensas por el interior, pero sin descartarlas en zonas de costa. Es probable que esta pr\u00f3xima madrugada Sierra Nevada se cubra con un bonito manto de nieve a partir de 2300 m.<\/p>\n<h3><strong>\u00daltima hora de la DANA y acumulados actualizados cada 24 horas en la provincia de M\u00e1laga.<\/strong><\/h3>\n<p>Primeramente, comentaros que la dana se situar\u00e1 en el entorno del Golfo de C\u00e1diz; la mayor\u00eda de los modelos coinciden. Una vez se posicione en esa zona y seg\u00fan se mueva, podemos tener m\u00e1s acumulados o menos en la provincia malague\u00f1a. Hoy os voy a poner los acumulados cada 24 horas de lunes, martes y mi\u00e9rcoles, que prev\u00e9n los dos modelos principales. Si os fij\u00e1is, hay alguna diferencia; con tan solo que se mueva unos kil\u00f3metros a la derecha, a la izquierda o suba o baje un poco, variar\u00e1n los acumulados.<\/p>\n<p>&nbsp;<\/p>\n<p><span style=\"color: #ff0000;\"><strong>Modelo europeo lunes<\/strong><\/span><\/p>\n<p>&nbsp;<\/p>\n<p><a href=\"https:\/\/static-blogs.diariosur.es\/wp-content\/uploads\/sites\/12\/2024\/10\/europeo-lunes-1.jpg\"><img loading=\"lazy\" class=\"aligncenter size-full wp-image-42258\" src=\"https:\/\/static-blogs.diariosur.es\/wp-content\/uploads\/sites\/12\/2024\/10\/europeo-lunes-1.jpg\" alt=\"\" width=\"953\" height=\"992\" srcset=\"https:\/\/static-blogs.diariosur.es\/wp-content\/uploads\/sites\/12\/2024\/10\/europeo-lunes-1.jpg 953w, https:\/\/static-blogs.diariosur.es\/wp-content\/uploads\/sites\/12\/2024\/10\/europeo-lunes-1-384x400.jpg 384w, https:\/\/static-blogs.diariosur.es\/wp-content\/uploads\/sites\/12\/2024\/10\/europeo-lunes-1-768x799.jpg 768w\" sizes=\"(max-width: 953px) 100vw, 953px\" \/><\/a><\/p>\n<p>&nbsp;<\/p>\n<p><span style=\"color: #ff0000;\"><strong>Modelo americano lunes<\/strong><\/span><\/p>\n<p>&nbsp;<\/p>\n<p><a href=\"https:\/\/static-blogs.diariosur.es\/wp-content\/uploads\/sites\/12\/2024\/10\/americano-lunes.jpg\"><img loading=\"lazy\" class=\"aligncenter size-full wp-image-42259\" src=\"https:\/\/static-blogs.diariosur.es\/wp-content\/uploads\/sites\/12\/2024\/10\/americano-lunes.jpg\" alt=\"\" width=\"956\" height=\"997\" srcset=\"https:\/\/static-blogs.diariosur.es\/wp-content\/uploads\/sites\/12\/2024\/10\/americano-lunes.jpg 956w, https:\/\/static-blogs.diariosur.es\/wp-content\/uploads\/sites\/12\/2024\/10\/americano-lunes-384x400.jpg 384w, https:\/\/static-blogs.diariosur.es\/wp-content\/uploads\/sites\/12\/2024\/10\/americano-lunes-768x801.jpg 768w\" sizes=\"(max-width: 956px) 100vw, 956px\" \/><\/a><\/p>\n<p>&nbsp;<\/p>\n<p><span style=\"color: #ff0000;\"><strong>Modelo europeo martes\u00a0<\/strong><\/span><\/p>\n<p>&nbsp;<\/p>\n<p><a href=\"https:\/\/static-blogs.diariosur.es\/wp-content\/uploads\/sites\/12\/2024\/10\/europeo-martes.jpg\"><img loading=\"lazy\" class=\"aligncenter size-full wp-image-42260\" src=\"https:\/\/static-blogs.diariosur.es\/wp-content\/uploads\/sites\/12\/2024\/10\/europeo-martes.jpg\" alt=\"\" width=\"950\" height=\"996\" srcset=\"https:\/\/static-blogs.diariosur.es\/wp-content\/uploads\/sites\/12\/2024\/10\/europeo-martes.jpg 950w, https:\/\/static-blogs.diariosur.es\/wp-content\/uploads\/sites\/12\/2024\/10\/europeo-martes-382x400.jpg 382w, https:\/\/static-blogs.diariosur.es\/wp-content\/uploads\/sites\/12\/2024\/10\/europeo-martes-768x805.jpg 768w\" sizes=\"(max-width: 950px) 100vw, 950px\" \/><\/a><\/p>\n<p>&nbsp;<\/p>\n<p><span style=\"color: #ff0000;\"><strong>Modelo americano martes\u00a0<\/strong><\/span><\/p>\n<p>&nbsp;<\/p>\n<p><a href=\"https:\/\/static-blogs.diariosur.es\/wp-content\/uploads\/sites\/12\/2024\/10\/americano-martes.jpg\"><img loading=\"lazy\" class=\"aligncenter size-full wp-image-42261\" src=\"https:\/\/static-blogs.diariosur.es\/wp-content\/uploads\/sites\/12\/2024\/10\/americano-martes.jpg\" alt=\"\" width=\"952\" height=\"993\" srcset=\"https:\/\/static-blogs.diariosur.es\/wp-content\/uploads\/sites\/12\/2024\/10\/americano-martes.jpg 952w, https:\/\/static-blogs.diariosur.es\/wp-content\/uploads\/sites\/12\/2024\/10\/americano-martes-383x400.jpg 383w, https:\/\/static-blogs.diariosur.es\/wp-content\/uploads\/sites\/12\/2024\/10\/americano-martes-768x801.jpg 768w\" sizes=\"(max-width: 952px) 100vw, 952px\" \/><\/a><\/p>\n<p>&nbsp;<\/p>\n<p><strong><span style=\"color: #ff0000;\">Modelo europeo mi\u00e9rcoles<\/span><\/strong><\/p>\n<p>&nbsp;<\/p>\n<p><a href=\"https:\/\/static-blogs.diariosur.es\/wp-content\/uploads\/sites\/12\/2024\/10\/miercoles-europeo.jpg\"><img loading=\"lazy\" class=\"aligncenter size-full wp-image-42263\" src=\"https:\/\/static-blogs.diariosur.es\/wp-content\/uploads\/sites\/12\/2024\/10\/miercoles-europeo.jpg\" alt=\"\" width=\"952\" height=\"977\" srcset=\"https:\/\/static-blogs.diariosur.es\/wp-content\/uploads\/sites\/12\/2024\/10\/miercoles-europeo.jpg 952w, https:\/\/static-blogs.diariosur.es\/wp-content\/uploads\/sites\/12\/2024\/10\/miercoles-europeo-390x400.jpg 390w, https:\/\/static-blogs.diariosur.es\/wp-content\/uploads\/sites\/12\/2024\/10\/miercoles-europeo-768x788.jpg 768w\" sizes=\"(max-width: 952px) 100vw, 952px\" \/><\/a><\/p>\n<p><span style=\"color: #ff0000;\"><strong>Modelo americano mi\u00e9rcoles<\/strong><\/span><\/p>\n<p>&nbsp;<\/p>\n<p><a href=\"https:\/\/static-blogs.diariosur.es\/wp-content\/uploads\/sites\/12\/2024\/10\/miercoles-americano.jpg\"><img loading=\"lazy\" class=\"aligncenter size-full wp-image-42264\" src=\"https:\/\/static-blogs.diariosur.es\/wp-content\/uploads\/sites\/12\/2024\/10\/miercoles-americano.jpg\" alt=\"\" width=\"951\" height=\"992\" srcset=\"https:\/\/static-blogs.diariosur.es\/wp-content\/uploads\/sites\/12\/2024\/10\/miercoles-americano.jpg 951w, https:\/\/static-blogs.diariosur.es\/wp-content\/uploads\/sites\/12\/2024\/10\/miercoles-americano-383x400.jpg 383w, https:\/\/static-blogs.diariosur.es\/wp-content\/uploads\/sites\/12\/2024\/10\/miercoles-americano-768x801.jpg 768w\" sizes=\"(max-width: 951px) 100vw, 951px\" \/><\/a><\/p>\n<p>&nbsp;<\/p>\n<p>Poco m\u00e1s que contar amigos. Ma\u00f1ana nuevamente pondr\u00e9 los acumulados cada 24 horas y vemos que ha pasado con la nueva actualizaci\u00f3n.<\/p>\n<p>&nbsp;<\/p>\n<p><a href=\"https:\/\/static-blogs.diariosur.es\/wp-content\/uploads\/sites\/12\/2022\/12\/136369166_3496763090421129_3265318277826880008_n.jpg\"><img loading=\"lazy\" class=\"aligncenter size-full wp-image-35245\" src=\"https:\/\/static-blogs.diariosur.es\/wp-content\/uploads\/sites\/12\/2022\/12\/136369166_3496763090421129_3265318277826880008_n.jpg\" alt=\"\" width=\"528\" height=\"960\" srcset=\"https:\/\/static-blogs.diariosur.es\/wp-content\/uploads\/sites\/12\/2022\/12\/136369166_3496763090421129_3265318277826880008_n.jpg 528w, https:\/\/static-blogs.diariosur.es\/wp-content\/uploads\/sites\/12\/2022\/12\/136369166_3496763090421129_3265318277826880008_n-220x400.jpg 220w\" sizes=\"(max-width: 528px) 100vw, 528px\" \/><\/a><\/p>\n","protected":false},"excerpt":{"rendered":"<p>Muy buenos d\u00edas, amigos de la meteo. Hoy s\u00e1bado 26 de octubre, la provincia malague\u00f1a ha registrado la madrugada m\u00e1s fresquita desde que comenz\u00f3 el oto\u00f1o; mi estaci\u00f3n en M\u00e1laga capital ha registrado una m\u00ednima de 13,7 \u00baC. En nuestra comunidad andaluza ha pasado igual. Ayer hubo sorpresas y el frente se reactiv\u00f3 m\u00e1s de [&hellip;]<\/p>\n","protected":false},"author":16,"featured_media":35318,"comment_status":"open","ping_status":"open","sticky":false,"template":"","format":"standard","meta":[],"categories":[2],"tags":[151,307,358,569,587,676,992],"_links":{"self":[{"href":"https:\/\/blogs.diariosur.es\/tormentas-y-rayos\/wp-json\/wp\/v2\/posts\/42255"}],"collection":[{"href":"https:\/\/blogs.diariosur.es\/tormentas-y-rayos\/wp-json\/wp\/v2\/posts"}],"about":[{"href":"https:\/\/blogs.diariosur.es\/tormentas-y-rayos\/wp-json\/wp\/v2\/types\/post"}],"author":[{"embeddable":true,"href":"https:\/\/blogs.diariosur.es\/tormentas-y-rayos\/wp-json\/wp\/v2\/users\/16"}],"replies":[{"embeddable":true,"href":"https:\/\/blogs.diariosur.es\/tormentas-y-rayos\/wp-json\/wp\/v2\/comments?post=42255"}],"version-history":[{"count":8,"href":"https:\/\/blogs.diariosur.es\/tormentas-y-rayos\/wp-json\/wp\/v2\/posts\/42255\/revisions"}],"predecessor-version":[{"id":47328,"href":"https:\/\/blogs.diariosur.es\/tormentas-y-rayos\/wp-json\/wp\/v2\/posts\/42255\/revisions\/47328"}],"wp:featuredmedia":[{"embeddable":true,"href":"https:\/\/blogs.diariosur.es\/tormentas-y-rayos\/wp-json\/wp\/v2\/media\/35318"}],"wp:attachment":[{"href":"https:\/\/blogs.diariosur.es\/tormentas-y-rayos\/wp-json\/wp\/v2\/media?parent=42255"}],"wp:term":[{"taxonomy":"category","embeddable":true,"href":"https:\/\/blogs.diariosur.es\/tormentas-y-rayos\/wp-json\/wp\/v2\/categories?post=42255"},{"taxonomy":"post_tag","embeddable":true,"href":"https:\/\/blogs.diariosur.es\/tormentas-y-rayos\/wp-json\/wp\/v2\/tags?post=42255"}],"curies":[{"name":"wp","href":"https:\/\/api.w.org\/{rel}","templated":true}]}}