{"id":42271,"date":"2024-10-27T08:47:06","date_gmt":"2024-10-27T07:47:06","guid":{"rendered":"https:\/\/blogs.diariosur.es\/tormentas-y-rayos\/?p=42271"},"modified":"2025-11-09T06:57:55","modified_gmt":"2025-11-09T05:57:55","slug":"actualizados-acumulados-cada-24-horas-en-malaga-cuando-esta-bien-la-cosa-hasta-los-machos-dan-leche-como-paso-ayer-os-explico","status":"publish","type":"post","link":"https:\/\/blogs.diariosur.es\/tormentas-y-rayos\/2024\/10\/27\/actualizados-acumulados-cada-24-horas-en-malaga-cuando-esta-bien-la-cosa-hasta-los-machos-dan-leche-como-paso-ayer-os-explico\/","title":{"rendered":"Cuando est\u00e1 bien la cosa, hasta los machos dan leche, como pas\u00f3 ayer. Actualizados acumulados cada 24 horas en M\u00e1laga. Aviso amarillo"},"content":{"rendered":"<p><a href=\"https:\/\/static-blogs.diariosur.es\/wp-content\/uploads\/sites\/12\/2024\/05\/444912498_10228884468795449_97962860407814916_n.jpg\"><img loading=\"lazy\" class=\"aligncenter size-thumbnail wp-image-40751\" src=\"https:\/\/static-blogs.diariosur.es\/wp-content\/uploads\/sites\/12\/2024\/05\/444912498_10228884468795449_97962860407814916_n-150x150.jpg\" alt=\"\" width=\"150\" height=\"150\" \/><\/a><\/p>\n<p data-pm-slice=\"1 1 []\">\u00daLTIMA HORA. Se activa el aviso amarillo en Sol y Guadalhorce. Precipitaci\u00f3n acumulada en una hora: 20 mm y por tormentas. Hora de comienzo: 28\/10\/2024 18:00 horas; finaliza a las 23:59. Es muy posible tambi\u00e9n el martes un aviso naranja.<\/p>\n<p>Muy buenos d\u00edas, amigos de la meteo. Qu\u00e9 alegr\u00eda de fresquito esta pasada madrugada en toda la provincia malague\u00f1a; mi estaci\u00f3n en M\u00e1laga capital ha registrado una m\u00ednima de 13 \u00baC.<\/p>\n<p>Ayer se cumpli\u00f3 un dicho que mucha gente de campo dice; me lo dijo mi amigo Antonio Galiano: <strong><em>cuando est\u00e1 bien la cosa, hasta los machos dan leche.<\/em><\/strong> Ayer se registraron precipitaciones en toda la provincia malague\u00f1a, pero lo m\u00e1s curioso es que lo hizo en toda la costa soplando terral, que, como muchos de vosotros sab\u00e9is, no suele traer lluvias a M\u00e1laga capital y otras zonas. Por las comarcas de Ronda y Antequera s\u00ed es m\u00e1s habitual. En esta ocasi\u00f3n s\u00ed llegaron las precipitaciones a todos los embalses. As\u00ed es de bonita la meteorolog\u00eda.<\/p>\n<p>Os paso unos videos que grab\u00e9.<\/p>\n<p>&nbsp;<\/p>\n<p><iframe loading=\"lazy\" title=\"YouTube video player\" src=\"https:\/\/www.youtube.com\/embed\/hpxSEtVjOCg?si=0xhBtxPVG0gpFzPM\" width=\"560\" height=\"315\" frameborder=\"0\" allowfullscreen=\"allowfullscreen\"><\/iframe><\/p>\n<p><iframe loading=\"lazy\" title=\"YouTube video player\" src=\"https:\/\/www.youtube.com\/embed\/RVYYwYuczTk?si=bSdhsP_eLiSHKHsi\" width=\"560\" height=\"315\" frameborder=\"0\" allowfullscreen=\"allowfullscreen\"><\/iframe><\/p>\n<p>Tambi\u00e9n se cumpli\u00f3 el pronostico que daba ayer.\u00a0 Sierra Nevada se visti\u00f3 de blanco.<\/p>\n<p>&nbsp;<\/p>\n<p><a href=\"https:\/\/static-blogs.diariosur.es\/wp-content\/uploads\/sites\/12\/2024\/10\/464576877_10230369330196056_5738069512031474337_n.jpg\"><img loading=\"lazy\" class=\"aligncenter size-full wp-image-42272\" src=\"https:\/\/static-blogs.diariosur.es\/wp-content\/uploads\/sites\/12\/2024\/10\/464576877_10230369330196056_5738069512031474337_n.jpg\" alt=\"\" width=\"900\" height=\"505\" srcset=\"https:\/\/static-blogs.diariosur.es\/wp-content\/uploads\/sites\/12\/2024\/10\/464576877_10230369330196056_5738069512031474337_n.jpg 900w, https:\/\/static-blogs.diariosur.es\/wp-content\/uploads\/sites\/12\/2024\/10\/464576877_10230369330196056_5738069512031474337_n-640x359.jpg 640w, https:\/\/static-blogs.diariosur.es\/wp-content\/uploads\/sites\/12\/2024\/10\/464576877_10230369330196056_5738069512031474337_n-768x431.jpg 768w\" sizes=\"(max-width: 900px) 100vw, 900px\" \/><\/a><\/p>\n<p>&nbsp;<\/p>\n<h3><span style=\"color: #ff0000;\">Actualizados acumulados cada 24 horas.<\/span><\/h3>\n<p>&nbsp;<\/p>\n<p data-pm-slice=\"1 1 []\">Primeramente, os pongo dos mapas a 500 hpa para que ve\u00e1is la posici\u00f3n de la dana\u00a0hoy a las once de la ma\u00f1ana y el segundo mapa, el previsto en la pr\u00f3xima madrugada del lunes sobre las cuatro. A medida que vaya bajando, el viento ir\u00e1 rolando a levante y llegar\u00e1n las primeras lluvias a zonas de la provincia de M\u00e1laga, con m\u00e1s probabilidad en zonas de costa y Valle del Guadalhorce. Lo m\u00e1s seguro es que la Aemet active avisos por lluvias y tormentas para ma\u00f1ana y el martes con m\u00e1s probabilidad.<\/p>\n<p>&nbsp;<\/p>\n<p>&nbsp;<\/p>\n<p><a href=\"https:\/\/static-blogs.diariosur.es\/wp-content\/uploads\/sites\/12\/2024\/10\/1-4.jpg\"><img loading=\"lazy\" class=\"aligncenter size-full wp-image-42273\" src=\"https:\/\/static-blogs.diariosur.es\/wp-content\/uploads\/sites\/12\/2024\/10\/1-4.jpg\" alt=\"\" width=\"952\" height=\"955\" srcset=\"https:\/\/static-blogs.diariosur.es\/wp-content\/uploads\/sites\/12\/2024\/10\/1-4.jpg 952w, https:\/\/static-blogs.diariosur.es\/wp-content\/uploads\/sites\/12\/2024\/10\/1-4-150x150.jpg 150w, https:\/\/static-blogs.diariosur.es\/wp-content\/uploads\/sites\/12\/2024\/10\/1-4-399x400.jpg 399w, https:\/\/static-blogs.diariosur.es\/wp-content\/uploads\/sites\/12\/2024\/10\/1-4-768x770.jpg 768w\" sizes=\"(max-width: 952px) 100vw, 952px\" \/><\/a><\/p>\n<p>&nbsp;<\/p>\n<p><a href=\"https:\/\/static-blogs.diariosur.es\/wp-content\/uploads\/sites\/12\/2024\/10\/2-3.jpg\"><img loading=\"lazy\" class=\"aligncenter size-full wp-image-42274\" src=\"https:\/\/static-blogs.diariosur.es\/wp-content\/uploads\/sites\/12\/2024\/10\/2-3.jpg\" alt=\"\" width=\"951\" height=\"992\" srcset=\"https:\/\/static-blogs.diariosur.es\/wp-content\/uploads\/sites\/12\/2024\/10\/2-3.jpg 951w, https:\/\/static-blogs.diariosur.es\/wp-content\/uploads\/sites\/12\/2024\/10\/2-3-383x400.jpg 383w, https:\/\/static-blogs.diariosur.es\/wp-content\/uploads\/sites\/12\/2024\/10\/2-3-768x801.jpg 768w\" sizes=\"(max-width: 951px) 100vw, 951px\" \/><\/a><\/p>\n<p data-pm-slice=\"1 1 []\">Os paso los acumulados cada 24 horas desde el lunes al jueves en la provincia de M\u00e1laga; este \u00faltimo d\u00eda no est\u00e1 clara la posici\u00f3n de la DANA, por eso hay tanta diferencia entre el europeo y el americano.<\/p>\n<p>Y al final del post, para mis seguidores de otros puntos de Andaluc\u00eda, el acumulado total de estos 4 d\u00edas en Andaluc\u00eda. Una pasada, Almer\u00eda.<\/p>\n<p>&nbsp;<\/p>\n<p><span style=\"color: #0000ff;\"><strong>LUNES EUROPEO<\/strong><\/span><\/p>\n<p><a href=\"https:\/\/static-blogs.diariosur.es\/wp-content\/uploads\/sites\/12\/2024\/10\/lunes-europeo.jpg\"><img loading=\"lazy\" class=\"aligncenter size-full wp-image-42276\" src=\"https:\/\/static-blogs.diariosur.es\/wp-content\/uploads\/sites\/12\/2024\/10\/lunes-europeo.jpg\" alt=\"\" width=\"958\" height=\"982\" srcset=\"https:\/\/static-blogs.diariosur.es\/wp-content\/uploads\/sites\/12\/2024\/10\/lunes-europeo.jpg 958w, https:\/\/static-blogs.diariosur.es\/wp-content\/uploads\/sites\/12\/2024\/10\/lunes-europeo-390x400.jpg 390w, https:\/\/static-blogs.diariosur.es\/wp-content\/uploads\/sites\/12\/2024\/10\/lunes-europeo-768x787.jpg 768w\" sizes=\"(max-width: 958px) 100vw, 958px\" \/><\/a><\/p>\n<p>&nbsp;<\/p>\n<p><span style=\"color: #0000ff;\"><strong>LUNES AMERICANO\u00a0<\/strong><\/span><\/p>\n<p>&nbsp;<\/p>\n<p><a href=\"https:\/\/static-blogs.diariosur.es\/wp-content\/uploads\/sites\/12\/2024\/10\/lunes-americano.jpg\"><img loading=\"lazy\" class=\"aligncenter size-full wp-image-42277\" src=\"https:\/\/static-blogs.diariosur.es\/wp-content\/uploads\/sites\/12\/2024\/10\/lunes-americano.jpg\" alt=\"\" width=\"952\" height=\"987\" srcset=\"https:\/\/static-blogs.diariosur.es\/wp-content\/uploads\/sites\/12\/2024\/10\/lunes-americano.jpg 952w, https:\/\/static-blogs.diariosur.es\/wp-content\/uploads\/sites\/12\/2024\/10\/lunes-americano-386x400.jpg 386w, https:\/\/static-blogs.diariosur.es\/wp-content\/uploads\/sites\/12\/2024\/10\/lunes-americano-768x796.jpg 768w\" sizes=\"(max-width: 952px) 100vw, 952px\" \/><\/a><\/p>\n<p>&nbsp;<\/p>\n<p><span style=\"color: #0000ff;\"><strong>MARTES EUROPEO\u00a0<\/strong><\/span><\/p>\n<p>&nbsp;<\/p>\n<p><a href=\"https:\/\/static-blogs.diariosur.es\/wp-content\/uploads\/sites\/12\/2024\/10\/martes-europeo.jpg\"><img loading=\"lazy\" class=\"aligncenter size-full wp-image-42278\" src=\"https:\/\/static-blogs.diariosur.es\/wp-content\/uploads\/sites\/12\/2024\/10\/martes-europeo.jpg\" alt=\"\" width=\"965\" height=\"995\" srcset=\"https:\/\/static-blogs.diariosur.es\/wp-content\/uploads\/sites\/12\/2024\/10\/martes-europeo.jpg 965w, https:\/\/static-blogs.diariosur.es\/wp-content\/uploads\/sites\/12\/2024\/10\/martes-europeo-388x400.jpg 388w, https:\/\/static-blogs.diariosur.es\/wp-content\/uploads\/sites\/12\/2024\/10\/martes-europeo-768x792.jpg 768w\" sizes=\"(max-width: 965px) 100vw, 965px\" \/><\/a><\/p>\n<p>&nbsp;<\/p>\n<p><span style=\"color: #0000ff;\"><strong>MARTES AMERICANO<\/strong><\/span><\/p>\n<p>&nbsp;<\/p>\n<p><a href=\"https:\/\/static-blogs.diariosur.es\/wp-content\/uploads\/sites\/12\/2024\/10\/martes-amaericano.jpg\"><img loading=\"lazy\" class=\"aligncenter size-full wp-image-42280\" src=\"https:\/\/static-blogs.diariosur.es\/wp-content\/uploads\/sites\/12\/2024\/10\/martes-amaericano.jpg\" alt=\"\" width=\"957\" height=\"988\" srcset=\"https:\/\/static-blogs.diariosur.es\/wp-content\/uploads\/sites\/12\/2024\/10\/martes-amaericano.jpg 957w, https:\/\/static-blogs.diariosur.es\/wp-content\/uploads\/sites\/12\/2024\/10\/martes-amaericano-387x400.jpg 387w, https:\/\/static-blogs.diariosur.es\/wp-content\/uploads\/sites\/12\/2024\/10\/martes-amaericano-768x793.jpg 768w\" sizes=\"(max-width: 957px) 100vw, 957px\" \/><\/a><\/p>\n<p>&nbsp;<\/p>\n<p><span style=\"color: #0000ff;\"><strong>MIERCOLES EUROPEO<\/strong><\/span><\/p>\n<p>&nbsp;<\/p>\n<p><a href=\"https:\/\/static-blogs.diariosur.es\/wp-content\/uploads\/sites\/12\/2024\/10\/MIERCOLES-E.jpg\"><img loading=\"lazy\" class=\"aligncenter size-full wp-image-42281\" src=\"https:\/\/static-blogs.diariosur.es\/wp-content\/uploads\/sites\/12\/2024\/10\/MIERCOLES-E.jpg\" alt=\"\" width=\"956\" height=\"977\" srcset=\"https:\/\/static-blogs.diariosur.es\/wp-content\/uploads\/sites\/12\/2024\/10\/MIERCOLES-E.jpg 956w, https:\/\/static-blogs.diariosur.es\/wp-content\/uploads\/sites\/12\/2024\/10\/MIERCOLES-E-391x400.jpg 391w, https:\/\/static-blogs.diariosur.es\/wp-content\/uploads\/sites\/12\/2024\/10\/MIERCOLES-E-768x785.jpg 768w\" sizes=\"(max-width: 956px) 100vw, 956px\" \/><\/a><\/p>\n<p>&nbsp;<\/p>\n<p><span style=\"color: #0000ff;\"><strong>MIERCOLES AMERICANO<\/strong><\/span><\/p>\n<p>&nbsp;<\/p>\n<p><a href=\"https:\/\/static-blogs.diariosur.es\/wp-content\/uploads\/sites\/12\/2024\/10\/MIERCOLES-A.jpg\"><img loading=\"lazy\" class=\"aligncenter size-full wp-image-42283\" src=\"https:\/\/static-blogs.diariosur.es\/wp-content\/uploads\/sites\/12\/2024\/10\/MIERCOLES-A.jpg\" alt=\"\" width=\"961\" height=\"986\" srcset=\"https:\/\/static-blogs.diariosur.es\/wp-content\/uploads\/sites\/12\/2024\/10\/MIERCOLES-A.jpg 961w, https:\/\/static-blogs.diariosur.es\/wp-content\/uploads\/sites\/12\/2024\/10\/MIERCOLES-A-390x400.jpg 390w, https:\/\/static-blogs.diariosur.es\/wp-content\/uploads\/sites\/12\/2024\/10\/MIERCOLES-A-768x788.jpg 768w\" sizes=\"(max-width: 961px) 100vw, 961px\" \/><\/a><\/p>\n<p>&nbsp;<\/p>\n<p><span style=\"color: #0000ff;\"><strong>JUEVES EUROPEO<\/strong><\/span><\/p>\n<p>&nbsp;<\/p>\n<p><a href=\"https:\/\/static-blogs.diariosur.es\/wp-content\/uploads\/sites\/12\/2024\/10\/jueves-europeo.jpg\"><img loading=\"lazy\" class=\"aligncenter size-full wp-image-42284\" src=\"https:\/\/static-blogs.diariosur.es\/wp-content\/uploads\/sites\/12\/2024\/10\/jueves-europeo.jpg\" alt=\"\" width=\"950\" height=\"978\" srcset=\"https:\/\/static-blogs.diariosur.es\/wp-content\/uploads\/sites\/12\/2024\/10\/jueves-europeo.jpg 950w, https:\/\/static-blogs.diariosur.es\/wp-content\/uploads\/sites\/12\/2024\/10\/jueves-europeo-389x400.jpg 389w, https:\/\/static-blogs.diariosur.es\/wp-content\/uploads\/sites\/12\/2024\/10\/jueves-europeo-768x791.jpg 768w\" sizes=\"(max-width: 950px) 100vw, 950px\" \/><\/a><\/p>\n<p>&nbsp;<\/p>\n<p><span style=\"color: #0000ff;\"><strong>JUEVES AMERICANO<\/strong><\/span><\/p>\n<p>&nbsp;<\/p>\n<p><a href=\"https:\/\/static-blogs.diariosur.es\/wp-content\/uploads\/sites\/12\/2024\/10\/jueves-americano.jpg\"><img loading=\"lazy\" class=\"aligncenter size-full wp-image-42286\" src=\"https:\/\/static-blogs.diariosur.es\/wp-content\/uploads\/sites\/12\/2024\/10\/jueves-americano.jpg\" alt=\"\" width=\"950\" height=\"956\" srcset=\"https:\/\/static-blogs.diariosur.es\/wp-content\/uploads\/sites\/12\/2024\/10\/jueves-americano.jpg 950w, https:\/\/static-blogs.diariosur.es\/wp-content\/uploads\/sites\/12\/2024\/10\/jueves-americano-150x150.jpg 150w, https:\/\/static-blogs.diariosur.es\/wp-content\/uploads\/sites\/12\/2024\/10\/jueves-americano-397x400.jpg 397w, https:\/\/static-blogs.diariosur.es\/wp-content\/uploads\/sites\/12\/2024\/10\/jueves-americano-768x773.jpg 768w\" sizes=\"(max-width: 950px) 100vw, 950px\" \/><\/a><\/p>\n<p>&nbsp;<\/p>\n<p>Y como he comentado antes, os pongo el acumulado total desde el lunes al jueves en Andaluc\u00eda. La provincia de Almer\u00eda muy beneficiada.<\/p>\n<p>&nbsp;<\/p>\n<p><span style=\"color: #0000ff;\"><strong>MODELO EUROPEO<\/strong><\/span><\/p>\n<p>&nbsp;<\/p>\n<p><a href=\"https:\/\/static-blogs.diariosur.es\/wp-content\/uploads\/sites\/12\/2024\/10\/acumulado-europeo.jpg\"><img loading=\"lazy\" class=\"aligncenter size-full wp-image-42287\" src=\"https:\/\/static-blogs.diariosur.es\/wp-content\/uploads\/sites\/12\/2024\/10\/acumulado-europeo.jpg\" alt=\"\" width=\"962\" height=\"990\" srcset=\"https:\/\/static-blogs.diariosur.es\/wp-content\/uploads\/sites\/12\/2024\/10\/acumulado-europeo.jpg 962w, https:\/\/static-blogs.diariosur.es\/wp-content\/uploads\/sites\/12\/2024\/10\/acumulado-europeo-389x400.jpg 389w, https:\/\/static-blogs.diariosur.es\/wp-content\/uploads\/sites\/12\/2024\/10\/acumulado-europeo-768x790.jpg 768w\" sizes=\"(max-width: 962px) 100vw, 962px\" \/><\/a><\/p>\n<p><span style=\"color: #0000ff;\"><strong>MODELO AMERICANO<\/strong><\/span><\/p>\n<p>&nbsp;<\/p>\n<p><a href=\"https:\/\/static-blogs.diariosur.es\/wp-content\/uploads\/sites\/12\/2024\/10\/acumulado-americano.jpg\"><img loading=\"lazy\" class=\"aligncenter size-full wp-image-42288\" src=\"https:\/\/static-blogs.diariosur.es\/wp-content\/uploads\/sites\/12\/2024\/10\/acumulado-americano.jpg\" alt=\"\" width=\"948\" height=\"985\" srcset=\"https:\/\/static-blogs.diariosur.es\/wp-content\/uploads\/sites\/12\/2024\/10\/acumulado-americano.jpg 948w, https:\/\/static-blogs.diariosur.es\/wp-content\/uploads\/sites\/12\/2024\/10\/acumulado-americano-385x400.jpg 385w, https:\/\/static-blogs.diariosur.es\/wp-content\/uploads\/sites\/12\/2024\/10\/acumulado-americano-768x798.jpg 768w\" sizes=\"(max-width: 948px) 100vw, 948px\" \/><\/a><\/p>\n<p>&nbsp;<\/p>\n<p>Os dejo hasta ma\u00f1ana<\/p>\n","protected":false},"excerpt":{"rendered":"<p>\u00daLTIMA HORA. Se activa el aviso amarillo en Sol y Guadalhorce. Precipitaci\u00f3n acumulada en una hora: 20 mm y por tormentas. Hora de comienzo: 28\/10\/2024 18:00 horas; finaliza a las 23:59. Es muy posible tambi\u00e9n el martes un aviso naranja. Muy buenos d\u00edas, amigos de la meteo. Qu\u00e9 alegr\u00eda de fresquito esta pasada madrugada en [&hellip;]<\/p>\n","protected":false},"author":16,"featured_media":41754,"comment_status":"open","ping_status":"open","sticky":false,"template":"","format":"standard","meta":[],"categories":[2],"tags":[100,151,307,569,587,966,996],"_links":{"self":[{"href":"https:\/\/blogs.diariosur.es\/tormentas-y-rayos\/wp-json\/wp\/v2\/posts\/42271"}],"collection":[{"href":"https:\/\/blogs.diariosur.es\/tormentas-y-rayos\/wp-json\/wp\/v2\/posts"}],"about":[{"href":"https:\/\/blogs.diariosur.es\/tormentas-y-rayos\/wp-json\/wp\/v2\/types\/post"}],"author":[{"embeddable":true,"href":"https:\/\/blogs.diariosur.es\/tormentas-y-rayos\/wp-json\/wp\/v2\/users\/16"}],"replies":[{"embeddable":true,"href":"https:\/\/blogs.diariosur.es\/tormentas-y-rayos\/wp-json\/wp\/v2\/comments?post=42271"}],"version-history":[{"count":13,"href":"https:\/\/blogs.diariosur.es\/tormentas-y-rayos\/wp-json\/wp\/v2\/posts\/42271\/revisions"}],"predecessor-version":[{"id":47326,"href":"https:\/\/blogs.diariosur.es\/tormentas-y-rayos\/wp-json\/wp\/v2\/posts\/42271\/revisions\/47326"}],"wp:featuredmedia":[{"embeddable":true,"href":"https:\/\/blogs.diariosur.es\/tormentas-y-rayos\/wp-json\/wp\/v2\/media\/41754"}],"wp:attachment":[{"href":"https:\/\/blogs.diariosur.es\/tormentas-y-rayos\/wp-json\/wp\/v2\/media?parent=42271"}],"wp:term":[{"taxonomy":"category","embeddable":true,"href":"https:\/\/blogs.diariosur.es\/tormentas-y-rayos\/wp-json\/wp\/v2\/categories?post=42271"},{"taxonomy":"post_tag","embeddable":true,"href":"https:\/\/blogs.diariosur.es\/tormentas-y-rayos\/wp-json\/wp\/v2\/tags?post=42271"}],"curies":[{"name":"wp","href":"https:\/\/api.w.org\/{rel}","templated":true}]}}