{"id":42297,"date":"2024-10-28T07:54:06","date_gmt":"2024-10-28T06:54:06","guid":{"rendered":"https:\/\/blogs.diariosur.es\/tormentas-y-rayos\/?p=42297"},"modified":"2025-11-09T06:53:35","modified_gmt":"2025-11-09T05:53:35","slug":"impresionante-tormenta-esta-madrugada-en-malaga-en-arroyo-de-la-miel-mm","status":"publish","type":"post","link":"https:\/\/blogs.diariosur.es\/tormentas-y-rayos\/2024\/10\/28\/impresionante-tormenta-esta-madrugada-en-malaga-en-arroyo-de-la-miel-mm\/","title":{"rendered":"Impresionante tormenta esta madrugada en M\u00e1laga. En Arroyo de la Miel se han registrado 55 mm"},"content":{"rendered":"<p><a href=\"https:\/\/static-blogs.diariosur.es\/wp-content\/uploads\/sites\/12\/2023\/10\/243418660_10223324765526342_8448445083528661051_n.jpg\"><img loading=\"lazy\" class=\"aligncenter size-thumbnail wp-image-38644\" src=\"https:\/\/static-blogs.diariosur.es\/wp-content\/uploads\/sites\/12\/2023\/10\/243418660_10223324765526342_8448445083528661051_n-150x150.jpg\" alt=\"\" width=\"150\" height=\"150\" \/><\/a><\/p>\n<p data-pm-slice=\"1 1 []\">Muy buenos d\u00edas, amigos de la meteo. Antes de hablaros de la \u00faltima hora de la DANA, os comento que sigo bloqueando tanto en Facebook como en X a los reventadores. S\u00e9 que no vale para nada, porque pueden entrar poniendo el enlace en Google, pero por lo menos no pierdo el tiempo mirando sus comentarios.<\/p>\n<p>Os vuelvo a recordar que la mayor\u00eda de las danas no solucionan el estado de los embalses; esperemos que en esta ocasi\u00f3n algo s\u00ed. Ayer domingo, por poneros un ejemplo, hubo tormentas en la Axarqu\u00eda malague\u00f1a; en algunos puntos cayeron entre 28 y 17 mm, como es el caso de Frigiliana y Nerja, y en otros no llegaron a los 2 mm. Esta madrugada el Aeropuerto lleva a las 6:30 de la ma\u00f1ana 12,4 mm y el Puerto, a tan pocos kil\u00f3metros, tan solo 3 mm.<\/p>\n<p>Os paso dos fotos que hicieron mis amigos Crist\u00f3bal Gambero y Nany Lavado de la tormenta de la Axarqu\u00eda cuando por la tarde noche se meti\u00f3 en el mar y en unas horas se disip\u00f3.<\/p>\n<p>La tormenta\u00a0de ayer domingo, vista desde Mijas Pueblo por Crist\u00f3bal Gambero antes de ponerse el sol y despu\u00e9s.<\/p>\n<p>&nbsp;<\/p>\n<p><a href=\"https:\/\/static-blogs.diariosur.es\/wp-content\/uploads\/sites\/12\/2024\/10\/Ga6f2mMXAAAuc5x.jpg\"><img loading=\"lazy\" class=\"aligncenter size-full wp-image-42298\" src=\"https:\/\/static-blogs.diariosur.es\/wp-content\/uploads\/sites\/12\/2024\/10\/Ga6f2mMXAAAuc5x.jpg\" alt=\"\" width=\"900\" height=\"506\" srcset=\"https:\/\/static-blogs.diariosur.es\/wp-content\/uploads\/sites\/12\/2024\/10\/Ga6f2mMXAAAuc5x.jpg 900w, https:\/\/static-blogs.diariosur.es\/wp-content\/uploads\/sites\/12\/2024\/10\/Ga6f2mMXAAAuc5x-640x360.jpg 640w, https:\/\/static-blogs.diariosur.es\/wp-content\/uploads\/sites\/12\/2024\/10\/Ga6f2mMXAAAuc5x-768x432.jpg 768w\" sizes=\"(max-width: 900px) 100vw, 900px\" \/><\/a><\/p>\n<p>&nbsp;<\/p>\n<p><a href=\"https:\/\/static-blogs.diariosur.es\/wp-content\/uploads\/sites\/12\/2024\/10\/464505745_8485424544839798_6221946626525184212_n.jpg\"><img loading=\"lazy\" class=\"aligncenter size-full wp-image-42303\" src=\"https:\/\/static-blogs.diariosur.es\/wp-content\/uploads\/sites\/12\/2024\/10\/464505745_8485424544839798_6221946626525184212_n.jpg\" alt=\"\" width=\"1200\" height=\"804\" srcset=\"https:\/\/static-blogs.diariosur.es\/wp-content\/uploads\/sites\/12\/2024\/10\/464505745_8485424544839798_6221946626525184212_n.jpg 1200w, https:\/\/static-blogs.diariosur.es\/wp-content\/uploads\/sites\/12\/2024\/10\/464505745_8485424544839798_6221946626525184212_n-597x400.jpg 597w, https:\/\/static-blogs.diariosur.es\/wp-content\/uploads\/sites\/12\/2024\/10\/464505745_8485424544839798_6221946626525184212_n-768x515.jpg 768w\" sizes=\"(max-width: 1200px) 100vw, 1200px\" \/><\/a><\/p>\n<p>&nbsp;<\/p>\n<p data-pm-slice=\"1 1 []\">La de Nany Lavado desde Gibralfaro cuando se hizo de noche. La tormenta que nos ha afectado esta madrugada no tiene nada que ver con esta de ayer.<\/p>\n<p>&nbsp;<\/p>\n<p><a href=\"https:\/\/static-blogs.diariosur.es\/wp-content\/uploads\/sites\/12\/2024\/10\/Ga65M08WEAApDzT.jpg\"><img loading=\"lazy\" class=\"aligncenter size-full wp-image-42299\" src=\"https:\/\/static-blogs.diariosur.es\/wp-content\/uploads\/sites\/12\/2024\/10\/Ga65M08WEAApDzT.jpg\" alt=\"\" width=\"900\" height=\"600\" srcset=\"https:\/\/static-blogs.diariosur.es\/wp-content\/uploads\/sites\/12\/2024\/10\/Ga65M08WEAApDzT.jpg 900w, https:\/\/static-blogs.diariosur.es\/wp-content\/uploads\/sites\/12\/2024\/10\/Ga65M08WEAApDzT-600x400.jpg 600w, https:\/\/static-blogs.diariosur.es\/wp-content\/uploads\/sites\/12\/2024\/10\/Ga65M08WEAApDzT-768x512.jpg 768w\" sizes=\"(max-width: 900px) 100vw, 900px\" \/><\/a><\/p>\n<p>&nbsp;<\/p>\n<h3><span style=\"color: #ff0000;\"><strong>Impresionante tormenta esta madrugada en M\u00e1laga.<\/strong><\/span><\/h3>\n<p>Las tormentas tienen eso, en unos portales mucho y en otros muy poco.<\/p>\n<p>Os paso los acumulados m\u00e1s importantes. Fuentes Aemet, meteoclimatic, Red Hidrosur<\/p>\n<p><strong>Arroyo de la Miel 55 mm<\/strong><\/p>\n<p><strong>Benalm\u00e1dena Arroyo de la Miel 35 mm<\/strong><\/p>\n<p><strong>Torremolinos\u00a0 33,2 mm<\/strong><\/p>\n<p><strong>Alhaur\u00edn de la Torre 18 mm<\/strong><\/p>\n<p><strong>Sierra Mijas 16 mm<\/strong><\/p>\n<p>Una pasada la tormenta que esta pasada madrugada se ha dado en M\u00e1laga capital y zonas cercanas, os pongo dos fotones de Nany Lavado, y otra de Crist\u00f3bal Gambero desde Mijas Pueblo.<\/p>\n<p>Fotones de Nany Lavado.<\/p>\n<p>&nbsp;<\/p>\n<p><a href=\"https:\/\/static-blogs.diariosur.es\/wp-content\/uploads\/sites\/12\/2024\/10\/464791584_10230387981502327_966210674285755550_n.jpg\"><img loading=\"lazy\" class=\"aligncenter size-full wp-image-42300\" src=\"https:\/\/static-blogs.diariosur.es\/wp-content\/uploads\/sites\/12\/2024\/10\/464791584_10230387981502327_966210674285755550_n.jpg\" alt=\"\" width=\"1200\" height=\"800\" srcset=\"https:\/\/static-blogs.diariosur.es\/wp-content\/uploads\/sites\/12\/2024\/10\/464791584_10230387981502327_966210674285755550_n.jpg 1200w, https:\/\/static-blogs.diariosur.es\/wp-content\/uploads\/sites\/12\/2024\/10\/464791584_10230387981502327_966210674285755550_n-600x400.jpg 600w, https:\/\/static-blogs.diariosur.es\/wp-content\/uploads\/sites\/12\/2024\/10\/464791584_10230387981502327_966210674285755550_n-768x512.jpg 768w\" sizes=\"(max-width: 1200px) 100vw, 1200px\" \/><\/a><\/p>\n<p>&nbsp;<\/p>\n<p><a href=\"https:\/\/static-blogs.diariosur.es\/wp-content\/uploads\/sites\/12\/2024\/10\/464736507_10230387992782609_4673137593561157399_n.jpg\"><img loading=\"lazy\" class=\"aligncenter size-full wp-image-42301\" src=\"https:\/\/static-blogs.diariosur.es\/wp-content\/uploads\/sites\/12\/2024\/10\/464736507_10230387992782609_4673137593561157399_n.jpg\" alt=\"\" width=\"1200\" height=\"800\" srcset=\"https:\/\/static-blogs.diariosur.es\/wp-content\/uploads\/sites\/12\/2024\/10\/464736507_10230387992782609_4673137593561157399_n.jpg 1200w, https:\/\/static-blogs.diariosur.es\/wp-content\/uploads\/sites\/12\/2024\/10\/464736507_10230387992782609_4673137593561157399_n-600x400.jpg 600w, https:\/\/static-blogs.diariosur.es\/wp-content\/uploads\/sites\/12\/2024\/10\/464736507_10230387992782609_4673137593561157399_n-768x512.jpg 768w\" sizes=\"(max-width: 1200px) 100vw, 1200px\" \/><\/a><\/p>\n<p>&nbsp;<\/p>\n<p>Fot\u00f3n de Crist\u00f3bal Gambero<\/p>\n<p>&nbsp;<\/p>\n<p><a href=\"https:\/\/static-blogs.diariosur.es\/wp-content\/uploads\/sites\/12\/2024\/10\/464875549_8485424624839790_6246035307276365512_n.jpg\"><img loading=\"lazy\" class=\"aligncenter size-full wp-image-42302\" src=\"https:\/\/static-blogs.diariosur.es\/wp-content\/uploads\/sites\/12\/2024\/10\/464875549_8485424624839790_6246035307276365512_n.jpg\" alt=\"\" width=\"1200\" height=\"803\" srcset=\"https:\/\/static-blogs.diariosur.es\/wp-content\/uploads\/sites\/12\/2024\/10\/464875549_8485424624839790_6246035307276365512_n.jpg 1200w, https:\/\/static-blogs.diariosur.es\/wp-content\/uploads\/sites\/12\/2024\/10\/464875549_8485424624839790_6246035307276365512_n-598x400.jpg 598w, https:\/\/static-blogs.diariosur.es\/wp-content\/uploads\/sites\/12\/2024\/10\/464875549_8485424624839790_6246035307276365512_n-768x514.jpg 768w\" sizes=\"(max-width: 1200px) 100vw, 1200px\" \/><\/a><\/p>\n<p>&nbsp;<\/p>\n<p>Al mediod\u00eda actualizar\u00e9 el blog para ver los acumulados actualizados para ma\u00f1ana y hasta el jueves.<\/p>\n","protected":false},"excerpt":{"rendered":"<p>Muy buenos d\u00edas, amigos de la meteo. Antes de hablaros de la \u00faltima hora de la DANA, os comento que sigo bloqueando tanto en Facebook como en X a los reventadores. S\u00e9 que no vale para nada, porque pueden entrar poniendo el enlace en Google, pero por lo menos no pierdo el tiempo mirando sus [&hellip;]<\/p>\n","protected":false},"author":16,"featured_media":42300,"comment_status":"open","ping_status":"open","sticky":false,"template":"","format":"standard","meta":[],"categories":[2],"tags":[94,151,358,587,676,800,992],"_links":{"self":[{"href":"https:\/\/blogs.diariosur.es\/tormentas-y-rayos\/wp-json\/wp\/v2\/posts\/42297"}],"collection":[{"href":"https:\/\/blogs.diariosur.es\/tormentas-y-rayos\/wp-json\/wp\/v2\/posts"}],"about":[{"href":"https:\/\/blogs.diariosur.es\/tormentas-y-rayos\/wp-json\/wp\/v2\/types\/post"}],"author":[{"embeddable":true,"href":"https:\/\/blogs.diariosur.es\/tormentas-y-rayos\/wp-json\/wp\/v2\/users\/16"}],"replies":[{"embeddable":true,"href":"https:\/\/blogs.diariosur.es\/tormentas-y-rayos\/wp-json\/wp\/v2\/comments?post=42297"}],"version-history":[{"count":5,"href":"https:\/\/blogs.diariosur.es\/tormentas-y-rayos\/wp-json\/wp\/v2\/posts\/42297\/revisions"}],"predecessor-version":[{"id":47324,"href":"https:\/\/blogs.diariosur.es\/tormentas-y-rayos\/wp-json\/wp\/v2\/posts\/42297\/revisions\/47324"}],"wp:featuredmedia":[{"embeddable":true,"href":"https:\/\/blogs.diariosur.es\/tormentas-y-rayos\/wp-json\/wp\/v2\/media\/42300"}],"wp:attachment":[{"href":"https:\/\/blogs.diariosur.es\/tormentas-y-rayos\/wp-json\/wp\/v2\/media?parent=42297"}],"wp:term":[{"taxonomy":"category","embeddable":true,"href":"https:\/\/blogs.diariosur.es\/tormentas-y-rayos\/wp-json\/wp\/v2\/categories?post=42297"},{"taxonomy":"post_tag","embeddable":true,"href":"https:\/\/blogs.diariosur.es\/tormentas-y-rayos\/wp-json\/wp\/v2\/tags?post=42297"}],"curies":[{"name":"wp","href":"https:\/\/api.w.org\/{rel}","templated":true}]}}