{"id":42309,"date":"2024-10-28T13:58:10","date_gmt":"2024-10-28T12:58:10","guid":{"rendered":"https:\/\/blogs.diariosur.es\/tormentas-y-rayos\/?p=42309"},"modified":"2024-10-29T11:59:16","modified_gmt":"2024-10-29T10:59:16","slug":"se-activan-avisos-amarilllos-naranjas-por-lluvias-tormentas-y-fenomenos-costeros-en-algunas-zonas-de-la-provincia-malaguena","status":"publish","type":"post","link":"https:\/\/blogs.diariosur.es\/tormentas-y-rayos\/2024\/10\/28\/se-activan-avisos-amarilllos-naranjas-por-lluvias-tormentas-y-fenomenos-costeros-en-algunas-zonas-de-la-provincia-malaguena\/","title":{"rendered":"Se activan avisos amarilllos, naranjas por lluvias, tormentas y fen\u00f3menos costeros en algunas zonas de la provincia malague\u00f1a."},"content":{"rendered":"<p><a href=\"https:\/\/static-blogs.diariosur.es\/wp-content\/uploads\/sites\/12\/2024\/05\/444912498_10228884468795449_97962860407814916_n.jpg\"><img loading=\"lazy\" class=\"aligncenter size-thumbnail wp-image-40751\" src=\"https:\/\/static-blogs.diariosur.es\/wp-content\/uploads\/sites\/12\/2024\/05\/444912498_10228884468795449_97962860407814916_n-150x150.jpg\" alt=\"\" width=\"150\" height=\"150\" \/><\/a><\/p>\n<p>Buenas tardes, amigos de la meteo. Estoy muy liado y hoy tendr\u00e9is que leer muy poquito.<\/p>\n<p>Hoy lunes, a partir de la tarde noche, se activa el aviso naranja por precipitaciones de 30 mm en Sol y Guadalhorce. El amarillo en la comarca de Ronda por 25 mm.<\/p>\n<p>Ma\u00f1ana martes, a partir de la madrugada, se activa el aviso naranja por precipitaciones de 30 mm en una hora y 80 mm en 12 horas en Sol y Guadalhorce. El amarillo en la Axarqu\u00eda y Ronda por 20 mm en una hora, hay probabilidad que se registren m\u00e1s litros en algunos puntos de estas dos zonas.<\/p>\n<p>Tambi\u00e9 se activa el amarillo por olas de 3 metros (fen\u00f3menos costeros).<\/p>\n<p>Soy muy pesado, pero os vuelvo a decir que como son tormentas, pueden caer muchos litros en una zona y en pocos kil\u00f3metros muy poco, como ha pasado esta pasada madrugada. En estas situaciones hay que avisar para que tengamos precauci\u00f3n. Las danas son muy dif\u00edciles de prever donde caer\u00e1 el gordo. Otra cosilla, hay probabilidad de dep\u00f3sitos de barro.<\/p>\n<p>Nos vemos ma\u00f1ana.<\/p>\n<p>Os vuelvo a poner la foto de esta pasada madrugada de Nany Lavado.<\/p>\n<p><a href=\"https:\/\/static-blogs.diariosur.es\/wp-content\/uploads\/sites\/12\/2024\/10\/464791584_10230387981502327_966210674285755550_n.jpg\"><img loading=\"lazy\" class=\"aligncenter size-full wp-image-42300\" src=\"https:\/\/static-blogs.diariosur.es\/wp-content\/uploads\/sites\/12\/2024\/10\/464791584_10230387981502327_966210674285755550_n.jpg\" alt=\"\" width=\"1200\" height=\"800\" srcset=\"https:\/\/static-blogs.diariosur.es\/wp-content\/uploads\/sites\/12\/2024\/10\/464791584_10230387981502327_966210674285755550_n.jpg 1200w, https:\/\/static-blogs.diariosur.es\/wp-content\/uploads\/sites\/12\/2024\/10\/464791584_10230387981502327_966210674285755550_n-600x400.jpg 600w, https:\/\/static-blogs.diariosur.es\/wp-content\/uploads\/sites\/12\/2024\/10\/464791584_10230387981502327_966210674285755550_n-768x512.jpg 768w\" sizes=\"(max-width: 1200px) 100vw, 1200px\" \/><\/a><\/p>\n<p>&nbsp;<\/p>\n<p>&nbsp;<\/p>\n<blockquote><p>&nbsp;<\/p><\/blockquote>\n","protected":false},"excerpt":{"rendered":"<p>Buenas tardes, amigos de la meteo. Estoy muy liado y hoy tendr\u00e9is que leer muy poquito. Hoy lunes, a partir de la tarde noche, se activa el aviso naranja por precipitaciones de 30 mm en Sol y Guadalhorce. El amarillo en la comarca de Ronda por 25 mm. Ma\u00f1ana martes, a partir de la madrugada, [&hellip;]<\/p>\n","protected":false},"author":16,"featured_media":41726,"comment_status":"open","ping_status":"open","sticky":false,"template":"","format":"standard","meta":[],"categories":[2],"tags":[151,307,358,569,587,676,800],"_links":{"self":[{"href":"https:\/\/blogs.diariosur.es\/tormentas-y-rayos\/wp-json\/wp\/v2\/posts\/42309"}],"collection":[{"href":"https:\/\/blogs.diariosur.es\/tormentas-y-rayos\/wp-json\/wp\/v2\/posts"}],"about":[{"href":"https:\/\/blogs.diariosur.es\/tormentas-y-rayos\/wp-json\/wp\/v2\/types\/post"}],"author":[{"embeddable":true,"href":"https:\/\/blogs.diariosur.es\/tormentas-y-rayos\/wp-json\/wp\/v2\/users\/16"}],"replies":[{"embeddable":true,"href":"https:\/\/blogs.diariosur.es\/tormentas-y-rayos\/wp-json\/wp\/v2\/comments?post=42309"}],"version-history":[{"count":2,"href":"https:\/\/blogs.diariosur.es\/tormentas-y-rayos\/wp-json\/wp\/v2\/posts\/42309\/revisions"}],"predecessor-version":[{"id":42316,"href":"https:\/\/blogs.diariosur.es\/tormentas-y-rayos\/wp-json\/wp\/v2\/posts\/42309\/revisions\/42316"}],"wp:featuredmedia":[{"embeddable":true,"href":"https:\/\/blogs.diariosur.es\/tormentas-y-rayos\/wp-json\/wp\/v2\/media\/41726"}],"wp:attachment":[{"href":"https:\/\/blogs.diariosur.es\/tormentas-y-rayos\/wp-json\/wp\/v2\/media?parent=42309"}],"wp:term":[{"taxonomy":"category","embeddable":true,"href":"https:\/\/blogs.diariosur.es\/tormentas-y-rayos\/wp-json\/wp\/v2\/categories?post=42309"},{"taxonomy":"post_tag","embeddable":true,"href":"https:\/\/blogs.diariosur.es\/tormentas-y-rayos\/wp-json\/wp\/v2\/tags?post=42309"}],"curies":[{"name":"wp","href":"https:\/\/api.w.org\/{rel}","templated":true}]}}