{"id":42311,"date":"2024-10-29T06:35:16","date_gmt":"2024-10-29T05:35:16","guid":{"rendered":"https:\/\/blogs.diariosur.es\/tormentas-y-rayos\/?p=42311"},"modified":"2025-11-09T06:49:56","modified_gmt":"2025-11-09T05:49:56","slug":"impresionante-tormenta-y-tromba-de-agua-y-granizo-en-malaga-hoy-29-de-octubre","status":"publish","type":"post","link":"https:\/\/blogs.diariosur.es\/tormentas-y-rayos\/2024\/10\/29\/impresionante-tormenta-y-tromba-de-agua-y-granizo-en-malaga-hoy-29-de-octubre\/","title":{"rendered":"Impresionante tormenta y tromba de agua y granizo en M\u00e1laga hoy 29 de octubre."},"content":{"rendered":"<p><a href=\"https:\/\/static-blogs.diariosur.es\/wp-content\/uploads\/sites\/12\/2024\/05\/444912498_10228884468795449_97962860407814916_n.jpg\"><img loading=\"lazy\" class=\"aligncenter size-thumbnail wp-image-40751\" src=\"https:\/\/static-blogs.diariosur.es\/wp-content\/uploads\/sites\/12\/2024\/05\/444912498_10228884468795449_97962860407814916_n-150x150.jpg\" alt=\"\" width=\"150\" height=\"150\" \/><\/a><\/p>\n<p data-pm-slice=\"1 1 []\">Buenos d\u00edas, amigos de la meteo. Impresionante tormenta la que hemos tenido en M\u00e1laga capital desde las 3:30 de la madrugada; en estos momentos, cuando son las seis de la ma\u00f1ana, sigue descargando en M\u00e1laga.<\/p>\n<p>El primer video es de hace una hora; los rayos eran continuos. Tambi\u00e9n el granizo ha sido protagonista. Los otros dos videos son de ayer a las 23:30 de la noche, cuando otra tormenta afectaba tambi\u00e9n a la capital.<\/p>\n<p>Ponerle el volumen a tope.<\/p>\n<p>Luego pondr\u00e9 los acumulados de lluvias al mediod\u00eda o por la tarde. Ojal\u00e1 en los embalses se note.<\/p>\n<p>&nbsp;<\/p>\n<p><iframe loading=\"lazy\" title=\"YouTube video player\" src=\"https:\/\/www.youtube.com\/embed\/IuvVcmE_wEo?si=_qjtUn7ZoEGRkRIM\" width=\"560\" height=\"315\" frameborder=\"0\" allowfullscreen=\"allowfullscreen\"><\/iframe><\/p>\n<p><iframe loading=\"lazy\" title=\"YouTube video player\" src=\"https:\/\/www.youtube.com\/embed\/HNK_n0B6g9I?si=Nd76TDO1iKSMun2C\" width=\"560\" height=\"315\" frameborder=\"0\" allowfullscreen=\"allowfullscreen\"><\/iframe><\/p>\n<p><iframe loading=\"lazy\" title=\"YouTube video player\" src=\"https:\/\/www.youtube.com\/embed\/MkOjF4ovsho?si=Dv-CijIKIB8tNvNG\" width=\"560\" height=\"315\" frameborder=\"0\" allowfullscreen=\"allowfullscreen\"><\/iframe><\/p>\n<p>&nbsp;<\/p>\n<p>Os dejo con estas tres fotos de mis amigos Lui G. Mar\u00edn y Carlos Freire tomadas en Torremolinos.<\/p>\n<p>Y una m\u00e1s de mi otro amigo Francisco Javier Gonz\u00e1lez en M\u00e1laga capital. Tres fotones<\/p>\n<p>&nbsp;<\/p>\n<p><a href=\"https:\/\/static-blogs.diariosur.es\/wp-content\/uploads\/sites\/12\/2024\/10\/liu-garcia.jpg\"><img loading=\"lazy\" class=\"aligncenter size-full wp-image-42312\" src=\"https:\/\/static-blogs.diariosur.es\/wp-content\/uploads\/sites\/12\/2024\/10\/liu-garcia.jpg\" alt=\"\" width=\"1200\" height=\"800\" srcset=\"https:\/\/static-blogs.diariosur.es\/wp-content\/uploads\/sites\/12\/2024\/10\/liu-garcia.jpg 1200w, https:\/\/static-blogs.diariosur.es\/wp-content\/uploads\/sites\/12\/2024\/10\/liu-garcia-600x400.jpg 600w, https:\/\/static-blogs.diariosur.es\/wp-content\/uploads\/sites\/12\/2024\/10\/liu-garcia-768x512.jpg 768w\" sizes=\"(max-width: 1200px) 100vw, 1200px\" \/><\/a><\/p>\n<p>&nbsp;<\/p>\n<p><a href=\"https:\/\/static-blogs.diariosur.es\/wp-content\/uploads\/sites\/12\/2024\/10\/464813165_10230408184607392_4301945358931523219_n.jpg\"><img loading=\"lazy\" class=\"aligncenter size-full wp-image-42313\" src=\"https:\/\/static-blogs.diariosur.es\/wp-content\/uploads\/sites\/12\/2024\/10\/464813165_10230408184607392_4301945358931523219_n.jpg\" alt=\"\" width=\"1200\" height=\"800\" srcset=\"https:\/\/static-blogs.diariosur.es\/wp-content\/uploads\/sites\/12\/2024\/10\/464813165_10230408184607392_4301945358931523219_n.jpg 1200w, https:\/\/static-blogs.diariosur.es\/wp-content\/uploads\/sites\/12\/2024\/10\/464813165_10230408184607392_4301945358931523219_n-600x400.jpg 600w, https:\/\/static-blogs.diariosur.es\/wp-content\/uploads\/sites\/12\/2024\/10\/464813165_10230408184607392_4301945358931523219_n-768x512.jpg 768w\" sizes=\"(max-width: 1200px) 100vw, 1200px\" \/><\/a><\/p>\n<p>&nbsp;<\/p>\n<p><a href=\"https:\/\/static-blogs.diariosur.es\/wp-content\/uploads\/sites\/12\/2024\/10\/464958537_10230408313570616_853024325006463905_n.jpg\"><img loading=\"lazy\" class=\"aligncenter size-full wp-image-42314\" src=\"https:\/\/static-blogs.diariosur.es\/wp-content\/uploads\/sites\/12\/2024\/10\/464958537_10230408313570616_853024325006463905_n.jpg\" alt=\"\" width=\"900\" height=\"437\" srcset=\"https:\/\/static-blogs.diariosur.es\/wp-content\/uploads\/sites\/12\/2024\/10\/464958537_10230408313570616_853024325006463905_n.jpg 900w, https:\/\/static-blogs.diariosur.es\/wp-content\/uploads\/sites\/12\/2024\/10\/464958537_10230408313570616_853024325006463905_n-640x311.jpg 640w, https:\/\/static-blogs.diariosur.es\/wp-content\/uploads\/sites\/12\/2024\/10\/464958537_10230408313570616_853024325006463905_n-768x373.jpg 768w\" sizes=\"(max-width: 900px) 100vw, 900px\" \/><\/a><\/p>\n<p>&nbsp;<\/p>\n<p>&nbsp;<\/p>\n<p>&nbsp;<\/p>\n<p>&nbsp;<\/p>\n<p>&nbsp;<\/p>\n<p>&nbsp;<\/p>\n","protected":false},"excerpt":{"rendered":"<p>Buenos d\u00edas, amigos de la meteo. Impresionante tormenta la que hemos tenido en M\u00e1laga capital desde las 3:30 de la madrugada; en estos momentos, cuando son las seis de la ma\u00f1ana, sigue descargando en M\u00e1laga. El primer video es de hace una hora; los rayos eran continuos. Tambi\u00e9n el granizo ha sido protagonista. Los otros [&hellip;]<\/p>\n","protected":false},"author":16,"featured_media":42312,"comment_status":"open","ping_status":"open","sticky":false,"template":"","format":"standard","meta":[],"categories":[2],"tags":[151,587,676,992],"_links":{"self":[{"href":"https:\/\/blogs.diariosur.es\/tormentas-y-rayos\/wp-json\/wp\/v2\/posts\/42311"}],"collection":[{"href":"https:\/\/blogs.diariosur.es\/tormentas-y-rayos\/wp-json\/wp\/v2\/posts"}],"about":[{"href":"https:\/\/blogs.diariosur.es\/tormentas-y-rayos\/wp-json\/wp\/v2\/types\/post"}],"author":[{"embeddable":true,"href":"https:\/\/blogs.diariosur.es\/tormentas-y-rayos\/wp-json\/wp\/v2\/users\/16"}],"replies":[{"embeddable":true,"href":"https:\/\/blogs.diariosur.es\/tormentas-y-rayos\/wp-json\/wp\/v2\/comments?post=42311"}],"version-history":[{"count":3,"href":"https:\/\/blogs.diariosur.es\/tormentas-y-rayos\/wp-json\/wp\/v2\/posts\/42311\/revisions"}],"predecessor-version":[{"id":47323,"href":"https:\/\/blogs.diariosur.es\/tormentas-y-rayos\/wp-json\/wp\/v2\/posts\/42311\/revisions\/47323"}],"wp:featuredmedia":[{"embeddable":true,"href":"https:\/\/blogs.diariosur.es\/tormentas-y-rayos\/wp-json\/wp\/v2\/media\/42312"}],"wp:attachment":[{"href":"https:\/\/blogs.diariosur.es\/tormentas-y-rayos\/wp-json\/wp\/v2\/media?parent=42311"}],"wp:term":[{"taxonomy":"category","embeddable":true,"href":"https:\/\/blogs.diariosur.es\/tormentas-y-rayos\/wp-json\/wp\/v2\/categories?post=42311"},{"taxonomy":"post_tag","embeddable":true,"href":"https:\/\/blogs.diariosur.es\/tormentas-y-rayos\/wp-json\/wp\/v2\/tags?post=42311"}],"curies":[{"name":"wp","href":"https:\/\/api.w.org\/{rel}","templated":true}]}}