{"id":42317,"date":"2024-10-30T07:44:04","date_gmt":"2024-10-30T06:44:04","guid":{"rendered":"https:\/\/blogs.diariosur.es\/tormentas-y-rayos\/?p=42317"},"modified":"2025-11-09T06:45:51","modified_gmt":"2025-11-09T05:45:51","slug":"os-doy-una-gran-noticia-fotos-de-rayos-y-videos-en-la-provincia-de-malaga","status":"publish","type":"post","link":"https:\/\/blogs.diariosur.es\/tormentas-y-rayos\/2024\/10\/30\/os-doy-una-gran-noticia-fotos-de-rayos-y-videos-en-la-provincia-de-malaga\/","title":{"rendered":"Os doy una gran noticia. Fotos de rayos y videos en la provincia de M\u00e1laga"},"content":{"rendered":"<p><a href=\"https:\/\/static-blogs.diariosur.es\/wp-content\/uploads\/sites\/12\/2024\/02\/379337914_10227628075666406_6248628726251100327_n.jpg\"><img loading=\"lazy\" class=\"aligncenter size-thumbnail wp-image-39879\" src=\"https:\/\/static-blogs.diariosur.es\/wp-content\/uploads\/sites\/12\/2024\/02\/379337914_10227628075666406_6248628726251100327_n-150x150.jpg\" alt=\"\" width=\"150\" height=\"150\" \/><\/a><\/p>\n<p data-pm-slice=\"1 1 []\">Buenos d\u00edas, amigos de la meteo. Han seguido las precipitaciones esta pasada madrugada en la provincia malague\u00f1a y en la capital, pero nada que ver con lo que pas\u00f3 ayer. Tanto hoy mi\u00e9rcoles como ma\u00f1ana jueves, seguiremos con probabilidad de lluvias, siendo m\u00e1s probables en la zona occidental de la provincia.<\/p>\n<h3><span style=\"color: #0000ff;\"><strong>Os doy una gran noticia<\/strong><\/span><\/h3>\n<p data-pm-slice=\"1 1 []\">Los embalses malague\u00f1os en conjunto han recuperado 27 hect\u00f3metros c\u00fabicos en 24 horas. De estar al 15 %, se han puesto al 20 %. Cuando pasen m\u00e1s d\u00edas, iremos viendo cu\u00e1nto han recuperado.<\/p>\n<p><strong>Os paso unos videos de mis amigos y m\u00edos.\u00a0<\/strong><\/p>\n<p>Autor Jos\u00e9 Luis Escudero<\/p>\n<p><iframe loading=\"lazy\" title=\"YouTube video player\" src=\"https:\/\/www.youtube.com\/embed\/NvIAy3Zm5Yg?si=_LGvkKLXXEgP7AgG\" width=\"560\" height=\"315\" frameborder=\"0\" allowfullscreen=\"allowfullscreen\"><\/iframe><\/p>\n<p>Autor Jos\u00e9 Luis Escudero<\/p>\n<p><iframe loading=\"lazy\" title=\"YouTube video player\" src=\"https:\/\/www.youtube.com\/embed\/dnuqqmiuSFc?si=qx6lmglO-9Y6T0Z5\" width=\"560\" height=\"315\" frameborder=\"0\" allowfullscreen=\"allowfullscreen\"><\/iframe><\/p>\n<p>Autor Jos\u00e9 Luis Escudero<\/p>\n<p><iframe loading=\"lazy\" title=\"YouTube video player\" src=\"https:\/\/www.youtube.com\/embed\/SNhfwegJoqo?si=I0b2pzyTGvJLiiTK\" width=\"560\" height=\"315\" frameborder=\"0\" allowfullscreen=\"allowfullscreen\"><\/iframe><\/p>\n<p>Autor Francis Soto, Muchas gracias amigo<\/p>\n<p><iframe loading=\"lazy\" title=\"YouTube video player\" src=\"https:\/\/www.youtube.com\/embed\/coQ_pQdZZaE?si=qIHqD5ghASZRYE7s\" width=\"560\" height=\"315\" frameborder=\"0\" allowfullscreen=\"allowfullscreen\"><\/iframe><\/p>\n<p>Autor Jos\u00e9 Luis Escudero<\/p>\n<p><iframe loading=\"lazy\" title=\"YouTube video player\" src=\"https:\/\/www.youtube.com\/embed\/tGxyO2IedTk?si=YDjyBYVNdhr4HrYW\" width=\"560\" height=\"315\" frameborder=\"0\" allowfullscreen=\"allowfullscreen\"><\/iframe><\/p>\n<p>Poner el volumen fuerte. Video de mi amigo Daniel Diaz<\/p>\n<p><iframe loading=\"lazy\" title=\"YouTube video player\" src=\"https:\/\/www.youtube.com\/embed\/oinKQMYdqQI?si=XI6emhbV_L_H0rNl\" width=\"560\" height=\"315\" frameborder=\"0\" allowfullscreen=\"allowfullscreen\"><\/iframe><\/p>\n<p>Video Jose Luis Escudero. Cortinas de lluvias en los Montes de M\u00e1laga<\/p>\n<p><iframe loading=\"lazy\" title=\"YouTube video player\" src=\"https:\/\/www.youtube.com\/embed\/igQPdJiIvW4?si=TAQgmGjwmTHQI--8\" width=\"560\" height=\"315\" frameborder=\"0\" allowfullscreen=\"allowfullscreen\"><\/iframe><\/p>\n<p>&nbsp;<\/p>\n<p>Os paso m\u00e1s fotones nuevos de rayos de mis amigos.<\/p>\n<p>Nany Lavado<\/p>\n<p>&nbsp;<\/p>\n<p><a href=\"https:\/\/static-blogs.diariosur.es\/wp-content\/uploads\/sites\/12\/2024\/10\/z-nany.jpg\"><img loading=\"lazy\" class=\"aligncenter size-full wp-image-42318\" src=\"https:\/\/static-blogs.diariosur.es\/wp-content\/uploads\/sites\/12\/2024\/10\/z-nany.jpg\" alt=\"\" width=\"1200\" height=\"800\" srcset=\"https:\/\/static-blogs.diariosur.es\/wp-content\/uploads\/sites\/12\/2024\/10\/z-nany.jpg 1200w, https:\/\/static-blogs.diariosur.es\/wp-content\/uploads\/sites\/12\/2024\/10\/z-nany-600x400.jpg 600w, https:\/\/static-blogs.diariosur.es\/wp-content\/uploads\/sites\/12\/2024\/10\/z-nany-768x512.jpg 768w\" sizes=\"(max-width: 1200px) 100vw, 1200px\" \/><\/a><\/p>\n<p>&nbsp;<\/p>\n<p>Carlos Castro en Torre del Mar<\/p>\n<p>&nbsp;<\/p>\n<p><a href=\"https:\/\/static-blogs.diariosur.es\/wp-content\/uploads\/sites\/12\/2024\/10\/carlos-castro-e1730224639116.jpg\"><img loading=\"lazy\" class=\"aligncenter size-full wp-image-42319\" src=\"https:\/\/static-blogs.diariosur.es\/wp-content\/uploads\/sites\/12\/2024\/10\/carlos-castro-e1730224639116.jpg\" alt=\"\" width=\"1200\" height=\"960\" \/><\/a><\/p>\n<p>&nbsp;<\/p>\n<p>&nbsp;<\/p>\n<p>Adri\u00e1n Valencia desde Archidona.<\/p>\n<p>&nbsp;<\/p>\n<p><a href=\"https:\/\/static-blogs.diariosur.es\/wp-content\/uploads\/sites\/12\/2024\/10\/adri.jpg\"><img loading=\"lazy\" class=\"aligncenter size-full wp-image-42320\" src=\"https:\/\/static-blogs.diariosur.es\/wp-content\/uploads\/sites\/12\/2024\/10\/adri.jpg\" alt=\"\" width=\"1200\" height=\"802\" srcset=\"https:\/\/static-blogs.diariosur.es\/wp-content\/uploads\/sites\/12\/2024\/10\/adri.jpg 1200w, https:\/\/static-blogs.diariosur.es\/wp-content\/uploads\/sites\/12\/2024\/10\/adri-599x400.jpg 599w, https:\/\/static-blogs.diariosur.es\/wp-content\/uploads\/sites\/12\/2024\/10\/adri-768x513.jpg 768w\" sizes=\"(max-width: 1200px) 100vw, 1200px\" \/><\/a><\/p>\n<p>&nbsp;<\/p>\n<p>Mabel Carre\u00f1o en M\u00e1laga capital. Impacto antena Torre Victoria<\/p>\n<p>&nbsp;<\/p>\n<p><a href=\"https:\/\/static-blogs.diariosur.es\/wp-content\/uploads\/sites\/12\/2024\/10\/464909437_10230418599427756_3033900470722654370_n.jpg\"><img loading=\"lazy\" class=\"aligncenter size-full wp-image-42323\" src=\"https:\/\/static-blogs.diariosur.es\/wp-content\/uploads\/sites\/12\/2024\/10\/464909437_10230418599427756_3033900470722654370_n.jpg\" alt=\"\" width=\"1200\" height=\"769\" srcset=\"https:\/\/static-blogs.diariosur.es\/wp-content\/uploads\/sites\/12\/2024\/10\/464909437_10230418599427756_3033900470722654370_n.jpg 1200w, https:\/\/static-blogs.diariosur.es\/wp-content\/uploads\/sites\/12\/2024\/10\/464909437_10230418599427756_3033900470722654370_n-624x400.jpg 624w, https:\/\/static-blogs.diariosur.es\/wp-content\/uploads\/sites\/12\/2024\/10\/464909437_10230418599427756_3033900470722654370_n-768x492.jpg 768w\" sizes=\"(max-width: 1200px) 100vw, 1200px\" \/><\/a><\/p>\n<p>&nbsp;<\/p>\n<p>Antonio Manuel Iglesias en Guadalmar<\/p>\n<p>&nbsp;<\/p>\n<p><a href=\"https:\/\/static-blogs.diariosur.es\/wp-content\/uploads\/sites\/12\/2024\/10\/zzzz.jpg\"><img loading=\"lazy\" class=\"aligncenter size-full wp-image-42325\" src=\"https:\/\/static-blogs.diariosur.es\/wp-content\/uploads\/sites\/12\/2024\/10\/zzzz.jpg\" alt=\"\" width=\"1200\" height=\"798\" srcset=\"https:\/\/static-blogs.diariosur.es\/wp-content\/uploads\/sites\/12\/2024\/10\/zzzz.jpg 1200w, https:\/\/static-blogs.diariosur.es\/wp-content\/uploads\/sites\/12\/2024\/10\/zzzz-602x400.jpg 602w, https:\/\/static-blogs.diariosur.es\/wp-content\/uploads\/sites\/12\/2024\/10\/zzzz-768x511.jpg 768w\" sizes=\"(max-width: 1200px) 100vw, 1200px\" \/><\/a><\/p>\n<p>&nbsp;<\/p>\n<p>Nos vemos ma\u00f1ana<\/p>\n","protected":false},"excerpt":{"rendered":"<p>Buenos d\u00edas, amigos de la meteo. Han seguido las precipitaciones esta pasada madrugada en la provincia malague\u00f1a y en la capital, pero nada que ver con lo que pas\u00f3 ayer. Tanto hoy mi\u00e9rcoles como ma\u00f1ana jueves, seguiremos con probabilidad de lluvias, siendo m\u00e1s probables en la zona occidental de la provincia. Os doy una gran [&hellip;]<\/p>\n","protected":false},"author":16,"featured_media":42323,"comment_status":"open","ping_status":"open","sticky":false,"template":"","format":"standard","meta":[],"categories":[2],"tags":[94,151,307,358,360,587],"_links":{"self":[{"href":"https:\/\/blogs.diariosur.es\/tormentas-y-rayos\/wp-json\/wp\/v2\/posts\/42317"}],"collection":[{"href":"https:\/\/blogs.diariosur.es\/tormentas-y-rayos\/wp-json\/wp\/v2\/posts"}],"about":[{"href":"https:\/\/blogs.diariosur.es\/tormentas-y-rayos\/wp-json\/wp\/v2\/types\/post"}],"author":[{"embeddable":true,"href":"https:\/\/blogs.diariosur.es\/tormentas-y-rayos\/wp-json\/wp\/v2\/users\/16"}],"replies":[{"embeddable":true,"href":"https:\/\/blogs.diariosur.es\/tormentas-y-rayos\/wp-json\/wp\/v2\/comments?post=42317"}],"version-history":[{"count":8,"href":"https:\/\/blogs.diariosur.es\/tormentas-y-rayos\/wp-json\/wp\/v2\/posts\/42317\/revisions"}],"predecessor-version":[{"id":47320,"href":"https:\/\/blogs.diariosur.es\/tormentas-y-rayos\/wp-json\/wp\/v2\/posts\/42317\/revisions\/47320"}],"wp:featuredmedia":[{"embeddable":true,"href":"https:\/\/blogs.diariosur.es\/tormentas-y-rayos\/wp-json\/wp\/v2\/media\/42323"}],"wp:attachment":[{"href":"https:\/\/blogs.diariosur.es\/tormentas-y-rayos\/wp-json\/wp\/v2\/media?parent=42317"}],"wp:term":[{"taxonomy":"category","embeddable":true,"href":"https:\/\/blogs.diariosur.es\/tormentas-y-rayos\/wp-json\/wp\/v2\/categories?post=42317"},{"taxonomy":"post_tag","embeddable":true,"href":"https:\/\/blogs.diariosur.es\/tormentas-y-rayos\/wp-json\/wp\/v2\/tags?post=42317"}],"curies":[{"name":"wp","href":"https:\/\/api.w.org\/{rel}","templated":true}]}}