{"id":42330,"date":"2024-10-30T18:34:31","date_gmt":"2024-10-30T17:34:31","guid":{"rendered":"https:\/\/blogs.diariosur.es\/tormentas-y-rayos\/?p=42330"},"modified":"2025-11-09T06:47:44","modified_gmt":"2025-11-09T05:47:44","slug":"una-dana-distinta-algunas-primeras-reflexiones","status":"publish","type":"post","link":"https:\/\/blogs.diariosur.es\/tormentas-y-rayos\/2024\/10\/30\/una-dana-distinta-algunas-primeras-reflexiones\/","title":{"rendered":"\u00bfUna dana distinta? Algunas primeras reflexiones."},"content":{"rendered":"<p><a href=\"https:\/\/static-blogs.diariosur.es\/wp-content\/uploads\/sites\/12\/2024\/05\/444912498_10228884468795449_97962860407814916_n.jpg\"><img loading=\"lazy\" class=\"aligncenter size-thumbnail wp-image-40751\" src=\"https:\/\/static-blogs.diariosur.es\/wp-content\/uploads\/sites\/12\/2024\/05\/444912498_10228884468795449_97962860407814916_n-150x150.jpg\" alt=\"\" width=\"150\" height=\"150\" \/><\/a><\/p>\n<p data-pm-slice=\"1 1 []\">Buenas tardes, amigos de la meteo. Antes de poneros el enlace al blog de mi amigo \u00c1ngel Rivera, os comento un par de cosas.<\/p>\n<p>Seguimos con lo mismo; si no llueve en el portal de uno, es que no llueve en la provincia de M\u00e1laga. Hoy est\u00e1 lloviendo en la zona occidental de M\u00e1laga y en su costa; en M\u00e1laga capital, apenas nada, y en el extremo oriental pasa lo mismo, pero hay registros de 30 mm y hasta 70 mm, como es el caso de Co\u00edn.<\/p>\n<p>A la pregunta de por qu\u00e9 baj\u00f3 de pronto el nivel del Embalse del Limonero, es muy f\u00e1cil responder: los \u00faltimos mi\u00e9rcoles de mes, abren las exclusas del fondo del pantano para limpiarlo. Como ayer entr\u00f3 mucho barro, y por precauci\u00f3n lo abrieron antes. Recordar que este pantano es de laminaci\u00f3n.<\/p>\n<p>Ma\u00f1ana os dar\u00e9 la previsi\u00f3n para el fin de semana; a\u00fan hay mucha incertidumbre.<\/p>\n<p>Dicho esto, os dejo con este art\u00edculo de mi amigo \u00c1ngel Rivera. Por favor, l\u00e9erlo.<\/p>\n<h3><a href=\"https:\/\/eneltiempo-angelrivera.blogspot.com\/2024\/10\/una-dana-distinta-algunas-primeras.html?fbclid=IwY2xjawGPRnVleHRuA2FlbQIxMQABHULp_V1UaLAke25kTgtA4NkqUUApDoFdPEg5oIjsgXgxMDOGexqZiBJZOw_aem_9bb3rqXzZWvAEdCUV-l9Xw\" rel=\"external nofollow\"><span style=\"color: #ff0000;\"><strong>\u00bfUna dana distinta? Algunas primeras reflexiones.<\/strong><\/span><\/a><\/h3>\n<p>Foto de portada de Alberto Saiz<\/p>\n<p>&nbsp;<\/p>\n<p>&nbsp;<\/p>\n","protected":false},"excerpt":{"rendered":"<p>Buenas tardes, amigos de la meteo. Antes de poneros el enlace al blog de mi amigo \u00c1ngel Rivera, os comento un par de cosas. Seguimos con lo mismo; si no llueve en el portal de uno, es que no llueve en la provincia de M\u00e1laga. Hoy est\u00e1 lloviendo en la zona occidental de M\u00e1laga y [&hellip;]<\/p>\n","protected":false},"author":16,"featured_media":42331,"comment_status":"open","ping_status":"open","sticky":false,"template":"","format":"standard","meta":[],"categories":[2],"tags":[151,307,515,872,1040],"_links":{"self":[{"href":"https:\/\/blogs.diariosur.es\/tormentas-y-rayos\/wp-json\/wp\/v2\/posts\/42330"}],"collection":[{"href":"https:\/\/blogs.diariosur.es\/tormentas-y-rayos\/wp-json\/wp\/v2\/posts"}],"about":[{"href":"https:\/\/blogs.diariosur.es\/tormentas-y-rayos\/wp-json\/wp\/v2\/types\/post"}],"author":[{"embeddable":true,"href":"https:\/\/blogs.diariosur.es\/tormentas-y-rayos\/wp-json\/wp\/v2\/users\/16"}],"replies":[{"embeddable":true,"href":"https:\/\/blogs.diariosur.es\/tormentas-y-rayos\/wp-json\/wp\/v2\/comments?post=42330"}],"version-history":[{"count":2,"href":"https:\/\/blogs.diariosur.es\/tormentas-y-rayos\/wp-json\/wp\/v2\/posts\/42330\/revisions"}],"predecessor-version":[{"id":47321,"href":"https:\/\/blogs.diariosur.es\/tormentas-y-rayos\/wp-json\/wp\/v2\/posts\/42330\/revisions\/47321"}],"wp:featuredmedia":[{"embeddable":true,"href":"https:\/\/blogs.diariosur.es\/tormentas-y-rayos\/wp-json\/wp\/v2\/media\/42331"}],"wp:attachment":[{"href":"https:\/\/blogs.diariosur.es\/tormentas-y-rayos\/wp-json\/wp\/v2\/media?parent=42330"}],"wp:term":[{"taxonomy":"category","embeddable":true,"href":"https:\/\/blogs.diariosur.es\/tormentas-y-rayos\/wp-json\/wp\/v2\/categories?post=42330"},{"taxonomy":"post_tag","embeddable":true,"href":"https:\/\/blogs.diariosur.es\/tormentas-y-rayos\/wp-json\/wp\/v2\/tags?post=42330"}],"curies":[{"name":"wp","href":"https:\/\/api.w.org\/{rel}","templated":true}]}}