{"id":42368,"date":"2024-11-01T08:09:00","date_gmt":"2024-11-01T07:09:00","guid":{"rendered":"https:\/\/blogs.diariosur.es\/tormentas-y-rayos\/?p=42368"},"modified":"2025-11-08T11:52:15","modified_gmt":"2025-11-08T10:52:15","slug":"acumulados-de-precipitacion-mes-de-octubre-en-la-provincia-de-malaga","status":"publish","type":"post","link":"https:\/\/blogs.diariosur.es\/tormentas-y-rayos\/2024\/11\/01\/acumulados-de-precipitacion-mes-de-octubre-en-la-provincia-de-malaga\/","title":{"rendered":"Acumulados de precipitaci\u00f3n mes de octubre en la provincia de M\u00e1laga"},"content":{"rendered":"<p><a href=\"https:\/\/static-blogs.diariosur.es\/wp-content\/uploads\/sites\/12\/2024\/05\/444912498_10228884468795449_97962860407814916_n.jpg\"><img loading=\"lazy\" class=\"aligncenter size-thumbnail wp-image-40751\" src=\"https:\/\/static-blogs.diariosur.es\/wp-content\/uploads\/sites\/12\/2024\/05\/444912498_10228884468795449_97962860407814916_n-150x150.jpg\" alt=\"\" width=\"150\" height=\"150\" \/><\/a><\/p>\n<p data-pm-slice=\"1 1 []\">Muy buenos d\u00edas, amigos de la meteo. Os pongo a continuaci\u00f3n los acumulados de precipitaci\u00f3n de la provincia malague\u00f1a. Comentaros que la media de los embalses malague\u00f1os desde el martes 29 de octubre hasta hoy viernes 1 de noviembre ha recuperado casi 40 hect\u00f3metros c\u00fabicos, una pasada.<\/p>\n<p>Recordar que mm significa litros por metro cuadrado.<\/p>\n<p><strong>Fuentes Red Hidrosur, Aemet, Meteoclimatic, Acamet y Wunderground<\/strong><\/p>\n<p>Or\u00e9ganal Cartajima\u00a0 527 mm<\/p>\n<p>Pilones Tolox\u00a0 490 mm<\/p>\n<p>Carratraca 431, el martes de la tormenta 340 mm.<\/p>\n<p>El Juanar Ojen\u00a0 404<\/p>\n<p>Las Navas Parauta\u00a0 380 mm<\/p>\n<p>Valientes Tolox\u00a0 326 mm<\/p>\n<p>Jorox 273 mm<\/p>\n<p>Pereila alta en Co\u00edn 269 mm<\/p>\n<p>\u00c1lora\u00a0 288 mm<\/p>\n<p>Pizarra 230 mm<\/p>\n<p>San Pedro de Alc\u00e1ntara 230 mm<\/p>\n<p>Periana\u00a0 190 mm<\/p>\n<p>Santo Pitar 157\u00a0 mm<\/p>\n<p>Alhaurin de la Torre\u00a0 188 mm<\/p>\n<p>Alhaurin el Grande\u00a0 163 mm<\/p>\n<p>Antequera 141 mm<\/p>\n<p>Benalm\u00e1dena Arroyo de la Miel\u00a0 176\u00a0 mm<\/p>\n<p>Sierra Mijas 117\u00a0 mm<\/p>\n<p>C\u00e1rtama 233\u00a0 mm<\/p>\n<p>Ist\u00e1n\u00a0 228\u00a0 mm<\/p>\n<p>Marbella\u00a0 Depuradora\u00a0 147 mm<\/p>\n<p>Mijas Pueblo\u00a0 153\u00a0 mm<\/p>\n<p>Tolox\u00a0 262\u00a0 mm<\/p>\n<p>Ronda San Crist\u00f3bal\u00a0 268\u00a0 mm<\/p>\n<p>Torremolinos\u00a0 200\u00a0 mm<\/p>\n<p>Los Reales\u00a0 328\u00a0 mm<\/p>\n<p>Majada de las Lomas\u00a0 376 mm<\/p>\n<p>Pujerra 311 mm<\/p>\n<p>Archidona Huertas del R\u00edo\u00a0 102\u00a0 mm<\/p>\n<p>Archidona Puerta de la Hoya\u00a0 140 mm<\/p>\n<p>Rinc\u00f3n de la Victoria\u00a0 130\u00a0 mm<\/p>\n<p>Embalse de la Concepci\u00f3n\u00a0 174\u00a0 mm<\/p>\n<p>Embalse del Limonero\u00a0 129\u00a0 mm<\/p>\n<p>Embalse Casasola\u00a0 134 mm<\/p>\n<p>Embalse Conde del Guadalhorce\u00a0 220 mm<\/p>\n<p>Embalse de la Vi\u00f1uela 163 mm<\/p>\n<p>Ojen 149\u00a0 mm<\/p>\n<p>Alfarnatejo 113\u00a0 mm<\/p>\n<p>Alcauc\u00edn\u00a0 174\u00a0 mm<\/p>\n<p>Villanueva de la Concepci\u00f3n\u00a0 218 mm<\/p>\n<p>Coin\u00a0 169 mm<\/p>\n<p>Rio Grande Las Millanas\u00a0 192 mm<\/p>\n<p>Rio Guadalteba Aforo Teba\u00a0 203 mm<\/p>\n<p>Rio Tur\u00f3n Ardales\u00a0 250 mm<\/p>\n<p>Las Golondrinas 172 mm<\/p>\n<p>Fahala 220 mm<\/p>\n<p>Rio Guadalhorce Bobadilla 152<\/p>\n<p>M\u00e1laga Aeropuerto 169 mm<\/p>\n<p>M\u00e1laga Centro Meteorol\u00f3gico 178 mm<\/p>\n<p>Puerto de la Torre 178 mm<\/p>\n<p>Nerja Las Palmeras 187 mm<\/p>\n<p>Estepona 254 mm<\/p>\n<p>El Burgo\u00a0 237 mm<\/p>\n<p>Alameda 105 mm<\/p>\n<p>Cuevas del Becerro\u00a0 160 mm<\/p>\n<p>Fuengirola\u00a0 \u00a0108 mm<\/p>\n<p>Torre del Mar\u00a0 133 mm<\/p>\n<p>V\u00e9lez M\u00e1laga\u00a0 140 mm<\/p>\n<p>Cortes de la Frontera\u00a0 348\u00a0 mm<\/p>\n<p>Gaucin\u00a0 303 mm<\/p>\n<p>Alpande\u00edre\u00a0 311 mm<\/p>\n<p>Benahavis\u00a0 245 mm<\/p>\n<p>Yunquera\u00a0 247\u00a0 mm<\/p>\n<p>Jubrique\u00a0 367 mm<\/p>\n<p>Farajan 267 mm<\/p>\n<p>Casabermeja\u00a0 159\u00a0 mm<\/p>\n<p>El Borge\u00a0 148\u00a0 mm<\/p>\n<p>Almachar 136\u00a0 mm<\/p>\n<p>Torrox 90 mm<\/p>\n<p>V\u00e9lez M\u00e1laga\u00a0 140\u00a0 mm<\/p>\n<p>Villanueva del Trabuco 122\u00a0 mm<\/p>\n<p>Villanueva del Rosario\u00a0 180 mm<\/p>\n<p>Cuevas de San Marcos\u00a0 116 mm<\/p>\n<p>Cuevas Bajas\u00a0 108 mm<\/p>\n<p>Humilladero 132 mm<\/p>\n<p>Campillos\u00a0 193 mm<\/p>\n<p>Villanueva de Tapia 100 mm<\/p>\n<p>Villanueva de Algaidas 108\u00a0 mm<\/p>\n<p>Os dejo con esta impresionante foto de mi amigo Carlos Castro, que me uno a su comentario.<\/p>\n<p><em>Aunque como yo hay mucha gente a la que le apasiona las tormentas, la prioridad siempre para nosotros es que no haya da\u00f1os materiales y mucho menos personales. Todo mi apoyo a los damnificados de la Dana.<\/em><\/p>\n<p>&nbsp;<\/p>\n<p><a href=\"https:\/\/static-blogs.diariosur.es\/wp-content\/uploads\/sites\/12\/2024\/11\/GbNOQgSWgAAV5Sy.jpg\"><img loading=\"lazy\" class=\"aligncenter size-full wp-image-42369\" src=\"https:\/\/static-blogs.diariosur.es\/wp-content\/uploads\/sites\/12\/2024\/11\/GbNOQgSWgAAV5Sy.jpg\" alt=\"\" width=\"820\" height=\"1024\" srcset=\"https:\/\/static-blogs.diariosur.es\/wp-content\/uploads\/sites\/12\/2024\/11\/GbNOQgSWgAAV5Sy.jpg 820w, https:\/\/static-blogs.diariosur.es\/wp-content\/uploads\/sites\/12\/2024\/11\/GbNOQgSWgAAV5Sy-320x400.jpg 320w, https:\/\/static-blogs.diariosur.es\/wp-content\/uploads\/sites\/12\/2024\/11\/GbNOQgSWgAAV5Sy-768x959.jpg 768w\" sizes=\"(max-width: 820px) 100vw, 820px\" \/><\/a><\/p>\n","protected":false},"excerpt":{"rendered":"<p>Muy buenos d\u00edas, amigos de la meteo. Os pongo a continuaci\u00f3n los acumulados de precipitaci\u00f3n de la provincia malague\u00f1a. Comentaros que la media de los embalses malague\u00f1os desde el martes 29 de octubre hasta hoy viernes 1 de noviembre ha recuperado casi 40 hect\u00f3metros c\u00fabicos, una pasada. Recordar que mm significa litros por metro cuadrado. [&hellip;]<\/p>\n","protected":false},"author":16,"featured_media":42369,"comment_status":"open","ping_status":"open","sticky":false,"template":"","format":"standard","meta":[],"categories":[2],"tags":[],"_links":{"self":[{"href":"https:\/\/blogs.diariosur.es\/tormentas-y-rayos\/wp-json\/wp\/v2\/posts\/42368"}],"collection":[{"href":"https:\/\/blogs.diariosur.es\/tormentas-y-rayos\/wp-json\/wp\/v2\/posts"}],"about":[{"href":"https:\/\/blogs.diariosur.es\/tormentas-y-rayos\/wp-json\/wp\/v2\/types\/post"}],"author":[{"embeddable":true,"href":"https:\/\/blogs.diariosur.es\/tormentas-y-rayos\/wp-json\/wp\/v2\/users\/16"}],"replies":[{"embeddable":true,"href":"https:\/\/blogs.diariosur.es\/tormentas-y-rayos\/wp-json\/wp\/v2\/comments?post=42368"}],"version-history":[{"count":7,"href":"https:\/\/blogs.diariosur.es\/tormentas-y-rayos\/wp-json\/wp\/v2\/posts\/42368\/revisions"}],"predecessor-version":[{"id":47306,"href":"https:\/\/blogs.diariosur.es\/tormentas-y-rayos\/wp-json\/wp\/v2\/posts\/42368\/revisions\/47306"}],"wp:featuredmedia":[{"embeddable":true,"href":"https:\/\/blogs.diariosur.es\/tormentas-y-rayos\/wp-json\/wp\/v2\/media\/42369"}],"wp:attachment":[{"href":"https:\/\/blogs.diariosur.es\/tormentas-y-rayos\/wp-json\/wp\/v2\/media?parent=42368"}],"wp:term":[{"taxonomy":"category","embeddable":true,"href":"https:\/\/blogs.diariosur.es\/tormentas-y-rayos\/wp-json\/wp\/v2\/categories?post=42368"},{"taxonomy":"post_tag","embeddable":true,"href":"https:\/\/blogs.diariosur.es\/tormentas-y-rayos\/wp-json\/wp\/v2\/tags?post=42368"}],"curies":[{"name":"wp","href":"https:\/\/api.w.org\/{rel}","templated":true}]}}