{"id":42385,"date":"2024-11-02T06:58:58","date_gmt":"2024-11-02T05:58:58","guid":{"rendered":"https:\/\/blogs.diariosur.es\/tormentas-y-rayos\/?p=42385"},"modified":"2025-11-08T11:47:50","modified_gmt":"2025-11-08T10:47:50","slug":"nos-ayudas-a-ayudar-gracias-amigos-de-la-meteo","status":"publish","type":"post","link":"https:\/\/blogs.diariosur.es\/tormentas-y-rayos\/2024\/11\/02\/nos-ayudas-a-ayudar-gracias-amigos-de-la-meteo\/","title":{"rendered":"\u00bfNOS AYUDAS A AYUDAR? GRACIAS, AMIGOS DE LA METEO"},"content":{"rendered":"<p><a href=\"https:\/\/static-blogs.diariosur.es\/wp-content\/uploads\/sites\/12\/2024\/05\/444912498_10228884468795449_97962860407814916_n.jpg\"><img loading=\"lazy\" class=\"aligncenter size-thumbnail wp-image-40751\" src=\"https:\/\/static-blogs.diariosur.es\/wp-content\/uploads\/sites\/12\/2024\/05\/444912498_10228884468795449_97962860407814916_n-150x150.jpg\" alt=\"\" width=\"150\" height=\"150\" \/><\/a><\/p>\n<p data-pm-slice=\"1 1 []\">Buenos d\u00edas, amigos de la meteo. A\u00fan estamos a tiempo.<\/p>\n<p>Desde hoy d\u00eda 2 hasta el lunes 4 de noviembre, de 10 h a 15 h, en FINCA ALMOD\u00d3VAR de Alejandra Catering M\u00e1laga habr\u00e1 recogida de ayuda para la Zona O de Valencia; lo que m\u00e1s necesitan es agua, alimentos, productos de higiene personal, pa\u00f1ales, tanto adultos como beb\u00e9s, comida para beb\u00e9s, comida para mascotas o ropa&#8230; EUROBIOTRANS se ha ofrecido a llevarlos con su flota desde M\u00e1laga. Estamos\u00a0EN FINCA ALMOD\u00d3VAR CARRETERA DE CHURRIANA KM 3,5.<\/p>\n<p>Foto de portada fuente Irene Marsilla. EFE\/AFP\/APE\/Reuters. Peri\u00f3dico Las Provincias de Valencia<\/p>\n<p>&nbsp;<\/p>\n<p>&nbsp;<\/p>\n<p><a href=\"https:\/\/static-blogs.diariosur.es\/wp-content\/uploads\/sites\/12\/2024\/11\/465178868_10230483326805900_1245961970714254598_n-1.jpg\"><img loading=\"lazy\" class=\"aligncenter size-full wp-image-42387\" src=\"https:\/\/static-blogs.diariosur.es\/wp-content\/uploads\/sites\/12\/2024\/11\/465178868_10230483326805900_1245961970714254598_n-1.jpg\" alt=\"\" width=\"690\" height=\"1192\" srcset=\"https:\/\/static-blogs.diariosur.es\/wp-content\/uploads\/sites\/12\/2024\/11\/465178868_10230483326805900_1245961970714254598_n-1.jpg 690w, https:\/\/static-blogs.diariosur.es\/wp-content\/uploads\/sites\/12\/2024\/11\/465178868_10230483326805900_1245961970714254598_n-1-232x400.jpg 232w\" sizes=\"(max-width: 690px) 100vw, 690px\" \/><\/a><\/p>\n<p><a href=\"https:\/\/static-blogs.diariosur.es\/wp-content\/uploads\/sites\/12\/2024\/11\/465228785_10230483327125908_6990800815560905938_n.jpg\"><img loading=\"lazy\" class=\"aligncenter size-full wp-image-42388\" src=\"https:\/\/static-blogs.diariosur.es\/wp-content\/uploads\/sites\/12\/2024\/11\/465228785_10230483327125908_6990800815560905938_n.jpg\" alt=\"\" width=\"946\" height=\"1112\" srcset=\"https:\/\/static-blogs.diariosur.es\/wp-content\/uploads\/sites\/12\/2024\/11\/465228785_10230483327125908_6990800815560905938_n.jpg 946w, https:\/\/static-blogs.diariosur.es\/wp-content\/uploads\/sites\/12\/2024\/11\/465228785_10230483327125908_6990800815560905938_n-340x400.jpg 340w, https:\/\/static-blogs.diariosur.es\/wp-content\/uploads\/sites\/12\/2024\/11\/465228785_10230483327125908_6990800815560905938_n-768x903.jpg 768w\" sizes=\"(max-width: 946px) 100vw, 946px\" \/><\/a><\/p>\n<p>&nbsp;<\/p>\n<p>&nbsp;<\/p>\n<p>&nbsp;<\/p>\n","protected":false},"excerpt":{"rendered":"<p>Buenos d\u00edas, amigos de la meteo. A\u00fan estamos a tiempo. Desde hoy d\u00eda 2 hasta el lunes 4 de noviembre, de 10 h a 15 h, en FINCA ALMOD\u00d3VAR de Alejandra Catering M\u00e1laga habr\u00e1 recogida de ayuda para la Zona O de Valencia; lo que m\u00e1s necesitan es agua, alimentos, productos de higiene personal, pa\u00f1ales, [&hellip;]<\/p>\n","protected":false},"author":16,"featured_media":42389,"comment_status":"open","ping_status":"open","sticky":false,"template":"","format":"standard","meta":[],"categories":[2],"tags":[307,514,1040],"_links":{"self":[{"href":"https:\/\/blogs.diariosur.es\/tormentas-y-rayos\/wp-json\/wp\/v2\/posts\/42385"}],"collection":[{"href":"https:\/\/blogs.diariosur.es\/tormentas-y-rayos\/wp-json\/wp\/v2\/posts"}],"about":[{"href":"https:\/\/blogs.diariosur.es\/tormentas-y-rayos\/wp-json\/wp\/v2\/types\/post"}],"author":[{"embeddable":true,"href":"https:\/\/blogs.diariosur.es\/tormentas-y-rayos\/wp-json\/wp\/v2\/users\/16"}],"replies":[{"embeddable":true,"href":"https:\/\/blogs.diariosur.es\/tormentas-y-rayos\/wp-json\/wp\/v2\/comments?post=42385"}],"version-history":[{"count":2,"href":"https:\/\/blogs.diariosur.es\/tormentas-y-rayos\/wp-json\/wp\/v2\/posts\/42385\/revisions"}],"predecessor-version":[{"id":47304,"href":"https:\/\/blogs.diariosur.es\/tormentas-y-rayos\/wp-json\/wp\/v2\/posts\/42385\/revisions\/47304"}],"wp:featuredmedia":[{"embeddable":true,"href":"https:\/\/blogs.diariosur.es\/tormentas-y-rayos\/wp-json\/wp\/v2\/media\/42389"}],"wp:attachment":[{"href":"https:\/\/blogs.diariosur.es\/tormentas-y-rayos\/wp-json\/wp\/v2\/media?parent=42385"}],"wp:term":[{"taxonomy":"category","embeddable":true,"href":"https:\/\/blogs.diariosur.es\/tormentas-y-rayos\/wp-json\/wp\/v2\/categories?post=42385"},{"taxonomy":"post_tag","embeddable":true,"href":"https:\/\/blogs.diariosur.es\/tormentas-y-rayos\/wp-json\/wp\/v2\/tags?post=42385"}],"curies":[{"name":"wp","href":"https:\/\/api.w.org\/{rel}","templated":true}]}}