{"id":42392,"date":"2024-11-02T08:04:51","date_gmt":"2024-11-02T07:04:51","guid":{"rendered":"https:\/\/blogs.diariosur.es\/tormentas-y-rayos\/?p=42392"},"modified":"2025-11-08T11:50:26","modified_gmt":"2025-11-08T10:50:26","slug":"aviso-amarillo-de-nuevo-tormentas-esta-madrugada-en-la-provincia-malaguena-hoy-2-de-noviembre","status":"publish","type":"post","link":"https:\/\/blogs.diariosur.es\/tormentas-y-rayos\/2024\/11\/02\/aviso-amarillo-de-nuevo-tormentas-esta-madrugada-en-la-provincia-malaguena-hoy-2-de-noviembre\/","title":{"rendered":"Aviso amarillo. De nuevo tormentas esta madrugada en la provincia malague\u00f1a hoy 2 de noviembre."},"content":{"rendered":"<p><a href=\"https:\/\/static-blogs.diariosur.es\/wp-content\/uploads\/sites\/12\/2024\/05\/444912498_10228884468795449_97962860407814916_n.jpg\"><img loading=\"lazy\" class=\"aligncenter size-thumbnail wp-image-40751\" src=\"https:\/\/static-blogs.diariosur.es\/wp-content\/uploads\/sites\/12\/2024\/05\/444912498_10228884468795449_97962860407814916_n-150x150.jpg\" alt=\"\" width=\"150\" height=\"150\" \/><\/a><\/p>\n<p>&nbsp;<\/p>\n<p data-pm-slice=\"1 1 []\">Buenos d\u00edas, amigos de la meteo. Se cumplen las previsiones que daba el jueves y, al acercarse la DANA al Golfo de C\u00e1diz, ha tra\u00eddo precipitaciones acompa\u00f1adas de tormentas. En algunos puntos han sido fuertes, al descargar en poco tiempo. Hay registros entre 20 y 35 mm. En el Embalse de Casasola han ca\u00eddo 32 mm, R\u00edo Grande 36 m, Casabermeja 22 mm, Las Golondrinas 39 mm, R\u00edo Tur\u00f3n Ardales 23,8 mm, Pujerra 15 mm, etc., etc.<\/p>\n<p>La AEMET activ\u00f3 el aviso amarillo a las dos de la madrugada y ha finalizado a las 8 de la ma\u00f1ana. Me he quedado dormido.<\/p>\n<p>&nbsp;<\/p>\n<p>&nbsp;<\/p>\n<p>&nbsp;<\/p>\n<p><a href=\"https:\/\/static-blogs.diariosur.es\/wp-content\/uploads\/sites\/12\/2024\/11\/Captura-de-pantalla-2024-11-02-075835.jpg\"><img loading=\"lazy\" class=\"aligncenter size-full wp-image-42395\" src=\"https:\/\/static-blogs.diariosur.es\/wp-content\/uploads\/sites\/12\/2024\/11\/Captura-de-pantalla-2024-11-02-075835.jpg\" alt=\"\" width=\"871\" height=\"675\" srcset=\"https:\/\/static-blogs.diariosur.es\/wp-content\/uploads\/sites\/12\/2024\/11\/Captura-de-pantalla-2024-11-02-075835.jpg 871w, https:\/\/static-blogs.diariosur.es\/wp-content\/uploads\/sites\/12\/2024\/11\/Captura-de-pantalla-2024-11-02-075835-516x400.jpg 516w, https:\/\/static-blogs.diariosur.es\/wp-content\/uploads\/sites\/12\/2024\/11\/Captura-de-pantalla-2024-11-02-075835-768x595.jpg 768w\" sizes=\"(max-width: 871px) 100vw, 871px\" \/><\/a><\/p>\n<p>&nbsp;<\/p>\n","protected":false},"excerpt":{"rendered":"<p>&nbsp; Buenos d\u00edas, amigos de la meteo. Se cumplen las previsiones que daba el jueves y, al acercarse la DANA al Golfo de C\u00e1diz, ha tra\u00eddo precipitaciones acompa\u00f1adas de tormentas. En algunos puntos han sido fuertes, al descargar en poco tiempo. Hay registros entre 20 y 35 mm. En el Embalse de Casasola han ca\u00eddo [&hellip;]<\/p>\n","protected":false},"author":16,"featured_media":42395,"comment_status":"open","ping_status":"open","sticky":false,"template":"","format":"standard","meta":[],"categories":[2],"tags":[94,151,587],"_links":{"self":[{"href":"https:\/\/blogs.diariosur.es\/tormentas-y-rayos\/wp-json\/wp\/v2\/posts\/42392"}],"collection":[{"href":"https:\/\/blogs.diariosur.es\/tormentas-y-rayos\/wp-json\/wp\/v2\/posts"}],"about":[{"href":"https:\/\/blogs.diariosur.es\/tormentas-y-rayos\/wp-json\/wp\/v2\/types\/post"}],"author":[{"embeddable":true,"href":"https:\/\/blogs.diariosur.es\/tormentas-y-rayos\/wp-json\/wp\/v2\/users\/16"}],"replies":[{"embeddable":true,"href":"https:\/\/blogs.diariosur.es\/tormentas-y-rayos\/wp-json\/wp\/v2\/comments?post=42392"}],"version-history":[{"count":6,"href":"https:\/\/blogs.diariosur.es\/tormentas-y-rayos\/wp-json\/wp\/v2\/posts\/42392\/revisions"}],"predecessor-version":[{"id":47305,"href":"https:\/\/blogs.diariosur.es\/tormentas-y-rayos\/wp-json\/wp\/v2\/posts\/42392\/revisions\/47305"}],"wp:featuredmedia":[{"embeddable":true,"href":"https:\/\/blogs.diariosur.es\/tormentas-y-rayos\/wp-json\/wp\/v2\/media\/42395"}],"wp:attachment":[{"href":"https:\/\/blogs.diariosur.es\/tormentas-y-rayos\/wp-json\/wp\/v2\/media?parent=42392"}],"wp:term":[{"taxonomy":"category","embeddable":true,"href":"https:\/\/blogs.diariosur.es\/tormentas-y-rayos\/wp-json\/wp\/v2\/categories?post=42392"},{"taxonomy":"post_tag","embeddable":true,"href":"https:\/\/blogs.diariosur.es\/tormentas-y-rayos\/wp-json\/wp\/v2\/tags?post=42392"}],"curies":[{"name":"wp","href":"https:\/\/api.w.org\/{rel}","templated":true}]}}