{"id":42406,"date":"2024-11-04T07:34:20","date_gmt":"2024-11-04T06:34:20","guid":{"rendered":"https:\/\/blogs.diariosur.es\/tormentas-y-rayos\/?p=42406"},"modified":"2025-11-08T11:45:04","modified_gmt":"2025-11-08T10:45:04","slug":"el-agua-brota-en-la-provincia-de-malaga-videos-hicisteis-el-cambio-de-armario-cuanto-han-recuperado-los-embalses","status":"publish","type":"post","link":"https:\/\/blogs.diariosur.es\/tormentas-y-rayos\/2024\/11\/04\/el-agua-brota-en-la-provincia-de-malaga-videos-hicisteis-el-cambio-de-armario-cuanto-han-recuperado-los-embalses\/","title":{"rendered":"El agua brota en la provincia de M\u00e1laga, videos. \u00bfHicisteis el cambio de armario? \u00bfCu\u00e1nto han recuperado los embalses?"},"content":{"rendered":"<p><a href=\"https:\/\/static-blogs.diariosur.es\/wp-content\/uploads\/sites\/12\/2023\/09\/375323357_10227521084351690_5428862938073510864_n.jpg\"><img loading=\"lazy\" class=\"aligncenter size-thumbnail wp-image-38274\" src=\"https:\/\/static-blogs.diariosur.es\/wp-content\/uploads\/sites\/12\/2023\/09\/375323357_10227521084351690_5428862938073510864_n-150x150.jpg\" alt=\"\" width=\"150\" height=\"150\" \/><\/a><\/p>\n<p>Buenos d\u00edas, amigos de la meteo. Cuando son las siete menos cuarto de la ma\u00f1ana en M\u00e1laga capital, mi estaci\u00f3n registra 17,8 \u00baC, los cielos est\u00e1n despejados y el viento sopla flojo de direcci\u00f3n variable. Hoy se espera una temperatura m\u00e1xima en la capital de 23 \u00baC. Os paso las temperaturas m\u00e1ximas que prev\u00e9 la Aemet en la provincia malague\u00f1a.<\/p>\n<p>&nbsp;<\/p>\n<p><a href=\"https:\/\/static-blogs.diariosur.es\/wp-content\/uploads\/sites\/12\/2024\/11\/Captura-de-pantalla-2024-11-04-062556.jpg\"><img loading=\"lazy\" class=\"aligncenter size-full wp-image-42412\" src=\"https:\/\/static-blogs.diariosur.es\/wp-content\/uploads\/sites\/12\/2024\/11\/Captura-de-pantalla-2024-11-04-062556.jpg\" alt=\"\" width=\"871\" height=\"680\" srcset=\"https:\/\/static-blogs.diariosur.es\/wp-content\/uploads\/sites\/12\/2024\/11\/Captura-de-pantalla-2024-11-04-062556.jpg 871w, https:\/\/static-blogs.diariosur.es\/wp-content\/uploads\/sites\/12\/2024\/11\/Captura-de-pantalla-2024-11-04-062556-512x400.jpg 512w, https:\/\/static-blogs.diariosur.es\/wp-content\/uploads\/sites\/12\/2024\/11\/Captura-de-pantalla-2024-11-04-062556-768x600.jpg 768w\" sizes=\"(max-width: 871px) 100vw, 871px\" \/><\/a><\/p>\n<p>&nbsp;<\/p>\n<p data-pm-slice=\"1 1 []\">En una semana hemos recuperado en los embalses de la provincia malague\u00f1a un total de 46,32\u00a0(Hm3). Los que m\u00e1s, el Embalse de Casasola y Concepci\u00f3n, se han puesto al 55 %. Los tres del Guadalhorce, un total de 30\u00a0(Hm3). El Limonero sigue igual y la Vi\u00f1uela 2,4\u00a0(Hm3). El lunes pasado estaban al 15% de media y hoy lunes al 23,7%.<\/p>\n<p>Mi amigo Nacho Mart\u00edn Almansa me manda este impresionante\u00a0v\u00eddeo.<br \/>\nAs\u00ed llega el trasvase de los r\u00edos Guadalmansa (Estepona), Guadalmina (Benahav\u00eds) y Guadaiza (Benahav\u00eds) al embalse de la Concepci\u00f3n.<\/p>\n<p>&nbsp;<\/p>\n<p>&nbsp;<\/p>\n<p>&nbsp;<\/p>\n<p><iframe loading=\"lazy\" title=\"YouTube video player\" src=\"https:\/\/www.youtube.com\/embed\/c0rVgPHfgyA?si=tLvuqhuE5iNHNN17\" width=\"560\" height=\"315\" frameborder=\"0\" allowfullscreen=\"allowfullscreen\"><\/iframe><\/p>\n<p>&nbsp;<\/p>\n<p data-pm-slice=\"1 1 []\">Mi amigo Antonio Jes\u00fas Galiano me manda estos impresionantes v\u00eddeos. Lo paso genial con la familia.<\/p>\n<p>R\u00edo Genal, las Zuas y Tur\u00f3n despu\u00e9s de las abundantes lluvias de octubre.<\/p>\n<p>&nbsp;<\/p>\n<p><iframe loading=\"lazy\" title=\"YouTube video player\" src=\"https:\/\/www.youtube.com\/embed\/fxbNFpUC4SM?si=Xq702DZ_CxIUe748\" width=\"560\" height=\"315\" frameborder=\"0\" allowfullscreen=\"allowfullscreen\"><\/iframe><\/p>\n<p>Trail por las rutas de las cascadas<\/p>\n<p><iframe loading=\"lazy\" title=\"YouTube video player\" src=\"https:\/\/www.youtube.com\/embed\/CNBH0oC_ILQ?si=_7soy1fqJtbvZfpT\" width=\"560\" height=\"315\" frameborder=\"0\" allowfullscreen=\"allowfullscreen\"><\/iframe><\/p>\n<p>&nbsp;<\/p>\n<h3><span style=\"color: #ff0000;\"><strong>\u00bfHicisteis el cambio de armario?<\/strong><\/span><\/h3>\n<p data-pm-slice=\"1 1 []\">Ahora que no me escucha mi mujer, lo hice obligado, jijijijij. La convenc\u00ed y dej\u00e9 un par de camisas de lino de manga larga; soy muy caluroso. Los primeros d\u00edas de la semana, se esperan temperaturas m\u00e1ximas por encima de la media en la provincia malague\u00f1a y toda Andaluc\u00eda. Ma\u00f1ana iremos viendo si hay probabilidad de precipitaciones.<\/p>\n<p>Os paso las temperaturas m\u00e1ximas y m\u00ednimas que prev\u00e9 la AEMET desde el martes al jueves.<\/p>\n<p>&nbsp;<\/p>\n<p><a href=\"https:\/\/static-blogs.diariosur.es\/wp-content\/uploads\/sites\/12\/2024\/11\/martes.jpg\"><img loading=\"lazy\" class=\"aligncenter size-full wp-image-42414\" src=\"https:\/\/static-blogs.diariosur.es\/wp-content\/uploads\/sites\/12\/2024\/11\/martes.jpg\" alt=\"\" width=\"877\" height=\"697\" srcset=\"https:\/\/static-blogs.diariosur.es\/wp-content\/uploads\/sites\/12\/2024\/11\/martes.jpg 877w, https:\/\/static-blogs.diariosur.es\/wp-content\/uploads\/sites\/12\/2024\/11\/martes-503x400.jpg 503w, https:\/\/static-blogs.diariosur.es\/wp-content\/uploads\/sites\/12\/2024\/11\/martes-768x610.jpg 768w\" sizes=\"(max-width: 877px) 100vw, 877px\" \/><\/a> <a href=\"https:\/\/static-blogs.diariosur.es\/wp-content\/uploads\/sites\/12\/2024\/11\/miercoles.jpg\"><img loading=\"lazy\" class=\"aligncenter size-full wp-image-42415\" src=\"https:\/\/static-blogs.diariosur.es\/wp-content\/uploads\/sites\/12\/2024\/11\/miercoles.jpg\" alt=\"\" width=\"868\" height=\"681\" srcset=\"https:\/\/static-blogs.diariosur.es\/wp-content\/uploads\/sites\/12\/2024\/11\/miercoles.jpg 868w, https:\/\/static-blogs.diariosur.es\/wp-content\/uploads\/sites\/12\/2024\/11\/miercoles-510x400.jpg 510w, https:\/\/static-blogs.diariosur.es\/wp-content\/uploads\/sites\/12\/2024\/11\/miercoles-768x603.jpg 768w\" sizes=\"(max-width: 868px) 100vw, 868px\" \/><\/a> <a href=\"https:\/\/static-blogs.diariosur.es\/wp-content\/uploads\/sites\/12\/2024\/11\/n.jpg\"><img loading=\"lazy\" class=\"aligncenter size-full wp-image-42416\" src=\"https:\/\/static-blogs.diariosur.es\/wp-content\/uploads\/sites\/12\/2024\/11\/n.jpg\" alt=\"\" width=\"867\" height=\"681\" srcset=\"https:\/\/static-blogs.diariosur.es\/wp-content\/uploads\/sites\/12\/2024\/11\/n.jpg 867w, https:\/\/static-blogs.diariosur.es\/wp-content\/uploads\/sites\/12\/2024\/11\/n-509x400.jpg 509w, https:\/\/static-blogs.diariosur.es\/wp-content\/uploads\/sites\/12\/2024\/11\/n-768x603.jpg 768w\" sizes=\"(max-width: 867px) 100vw, 867px\" \/><\/a><\/p>\n<p>&nbsp;<\/p>\n<p>&nbsp;<\/p>\n<p>Os dejo hasta ma\u00f1ana.<\/p>\n","protected":false},"excerpt":{"rendered":"<p>Buenos d\u00edas, amigos de la meteo. Cuando son las siete menos cuarto de la ma\u00f1ana en M\u00e1laga capital, mi estaci\u00f3n registra 17,8 \u00baC, los cielos est\u00e1n despejados y el viento sopla flojo de direcci\u00f3n variable. Hoy se espera una temperatura m\u00e1xima en la capital de 23 \u00baC. Os paso las temperaturas m\u00e1ximas que prev\u00e9 la [&hellip;]<\/p>\n","protected":false},"author":16,"featured_media":42409,"comment_status":"open","ping_status":"open","sticky":false,"template":"","format":"standard","meta":[],"categories":[2],"tags":[100,307,358,587,800],"_links":{"self":[{"href":"https:\/\/blogs.diariosur.es\/tormentas-y-rayos\/wp-json\/wp\/v2\/posts\/42406"}],"collection":[{"href":"https:\/\/blogs.diariosur.es\/tormentas-y-rayos\/wp-json\/wp\/v2\/posts"}],"about":[{"href":"https:\/\/blogs.diariosur.es\/tormentas-y-rayos\/wp-json\/wp\/v2\/types\/post"}],"author":[{"embeddable":true,"href":"https:\/\/blogs.diariosur.es\/tormentas-y-rayos\/wp-json\/wp\/v2\/users\/16"}],"replies":[{"embeddable":true,"href":"https:\/\/blogs.diariosur.es\/tormentas-y-rayos\/wp-json\/wp\/v2\/comments?post=42406"}],"version-history":[{"count":8,"href":"https:\/\/blogs.diariosur.es\/tormentas-y-rayos\/wp-json\/wp\/v2\/posts\/42406\/revisions"}],"predecessor-version":[{"id":47302,"href":"https:\/\/blogs.diariosur.es\/tormentas-y-rayos\/wp-json\/wp\/v2\/posts\/42406\/revisions\/47302"}],"wp:featuredmedia":[{"embeddable":true,"href":"https:\/\/blogs.diariosur.es\/tormentas-y-rayos\/wp-json\/wp\/v2\/media\/42409"}],"wp:attachment":[{"href":"https:\/\/blogs.diariosur.es\/tormentas-y-rayos\/wp-json\/wp\/v2\/media?parent=42406"}],"wp:term":[{"taxonomy":"category","embeddable":true,"href":"https:\/\/blogs.diariosur.es\/tormentas-y-rayos\/wp-json\/wp\/v2\/categories?post=42406"},{"taxonomy":"post_tag","embeddable":true,"href":"https:\/\/blogs.diariosur.es\/tormentas-y-rayos\/wp-json\/wp\/v2\/tags?post=42406"}],"curies":[{"name":"wp","href":"https:\/\/api.w.org\/{rel}","templated":true}]}}