{"id":42423,"date":"2024-11-06T17:56:22","date_gmt":"2024-11-06T16:56:22","guid":{"rendered":"https:\/\/blogs.diariosur.es\/tormentas-y-rayos\/?p=42423"},"modified":"2025-11-08T11:38:11","modified_gmt":"2025-11-08T10:38:11","slug":"un-paseo-por-el-juanar-hoy-6-de-noviembre-en-la-provincia-malaguena","status":"publish","type":"post","link":"https:\/\/blogs.diariosur.es\/tormentas-y-rayos\/2024\/11\/06\/un-paseo-por-el-juanar-hoy-6-de-noviembre-en-la-provincia-malaguena\/","title":{"rendered":"Un paseo por el Juanar, hoy 6 de noviembre en la provincia malague\u00f1a."},"content":{"rendered":"<p><a href=\"https:\/\/static-blogs.diariosur.es\/wp-content\/uploads\/sites\/12\/2024\/05\/444912498_10228884468795449_97962860407814916_n.jpg\"><img loading=\"lazy\" class=\"aligncenter size-thumbnail wp-image-40751\" src=\"https:\/\/static-blogs.diariosur.es\/wp-content\/uploads\/sites\/12\/2024\/05\/444912498_10228884468795449_97962860407814916_n-150x150.jpg\" alt=\"\" width=\"150\" height=\"150\" \/><\/a><\/p>\n<p data-pm-slice=\"1 1 []\">Buenas tardes, amigos de la meteo. Mi amigo Nacho Mart\u00edn Almansa, aficionado a la meteorolog\u00eda, quiere compartir estas fotos y un video del Juanar que ha hecho hoy mi\u00e9rcoles.<\/p>\n<p>Esta ma\u00f1ana marcho muy temprano para disfrutar de este enclave maravilloso que tenemos los malague\u00f1os; me comentaba que a\u00fan le falta un pel\u00edn para coger bien el color cobre a los casta\u00f1os de Juanar. Acordaos de que la estaci\u00f3n meteorol\u00f3gica que tenemos all\u00ed recogi\u00f3 en el mes de octubre 404 litros por metro cuadrado.<\/p>\n<p>En esa zona hoy ten\u00edan precipitaci\u00f3n orogr\u00e1fica, que dejaba todo empapado.<\/p>\n<p>La lluvia orogr\u00e1fica es la\u00a0<strong>lluvia que se produce por el ascenso del aire h\u00famedo al encontrarse con un obst\u00e1culo orogr\u00e1fico, como una monta\u00f1a<\/strong>. \u200b En su ascenso, el aire se enfr\u00eda hasta alcanzar el punto de saturaci\u00f3n del vapor de agua y una humedad relativa del 100%, que origina la lluvia.<\/p>\n<p>Dicho esto, os dejo con un corto video y unas fotos. Muchas gracias, amigo.<\/p>\n<p>&nbsp;<\/p>\n<p><iframe loading=\"lazy\" title=\"YouTube video player\" src=\"https:\/\/www.youtube.com\/embed\/UM2XrnsUwtQ?si=71NUjhTpPVSzY1iT\" width=\"560\" height=\"315\" frameborder=\"0\" allowfullscreen=\"allowfullscreen\"><\/iframe><\/p>\n<p>Preciosa la cabra montesa<\/p>\n<p><a href=\"https:\/\/static-blogs.diariosur.es\/wp-content\/uploads\/sites\/12\/2024\/11\/FB_IMG_1730910794441-e1730911686209.jpg\"><img loading=\"lazy\" class=\"aligncenter size-full wp-image-42429\" src=\"https:\/\/static-blogs.diariosur.es\/wp-content\/uploads\/sites\/12\/2024\/11\/FB_IMG_1730910794441-e1730911686209.jpg\" alt=\"\" width=\"900\" height=\"675\" \/><\/a><\/p>\n<p>&nbsp;<\/p>\n<p><a href=\"https:\/\/static-blogs.diariosur.es\/wp-content\/uploads\/sites\/12\/2024\/11\/FB_IMG_1730910790260-e1730911720843.jpg\"><img loading=\"lazy\" class=\"aligncenter size-full wp-image-42430\" src=\"https:\/\/static-blogs.diariosur.es\/wp-content\/uploads\/sites\/12\/2024\/11\/FB_IMG_1730910790260-e1730911720843.jpg\" alt=\"\" width=\"800\" height=\"1067\" \/><\/a><\/p>\n<p>&nbsp;<\/p>\n<p><a href=\"https:\/\/static-blogs.diariosur.es\/wp-content\/uploads\/sites\/12\/2024\/11\/FB_IMG_1730910787508-e1730911746185.jpg\"><img loading=\"lazy\" class=\"aligncenter size-full wp-image-42431\" src=\"https:\/\/static-blogs.diariosur.es\/wp-content\/uploads\/sites\/12\/2024\/11\/FB_IMG_1730910787508-e1730911746185.jpg\" alt=\"\" width=\"800\" height=\"1067\" \/><\/a><\/p>\n<p>&nbsp;<\/p>\n<p><a href=\"https:\/\/static-blogs.diariosur.es\/wp-content\/uploads\/sites\/12\/2024\/11\/FB_IMG_1730910782156-e1730911780324.jpg\"><img loading=\"lazy\" class=\"aligncenter size-full wp-image-42432\" src=\"https:\/\/static-blogs.diariosur.es\/wp-content\/uploads\/sites\/12\/2024\/11\/FB_IMG_1730910782156-e1730911780324.jpg\" alt=\"\" width=\"800\" height=\"1067\" \/><\/a><\/p>\n<p>&nbsp;<\/p>\n<p><a href=\"https:\/\/static-blogs.diariosur.es\/wp-content\/uploads\/sites\/12\/2024\/11\/FB_IMG_1730910779340-e1730911844556.jpg\"><img loading=\"lazy\" class=\"aligncenter size-full wp-image-42433\" src=\"https:\/\/static-blogs.diariosur.es\/wp-content\/uploads\/sites\/12\/2024\/11\/FB_IMG_1730910779340-e1730911844556.jpg\" alt=\"\" width=\"800\" height=\"1067\" \/><\/a><\/p>\n<p>&nbsp;<\/p>\n<p><a href=\"https:\/\/static-blogs.diariosur.es\/wp-content\/uploads\/sites\/12\/2024\/11\/FB_IMG_1730910784973-e1730912058610.jpg\"><img loading=\"lazy\" class=\"aligncenter size-full wp-image-42434\" src=\"https:\/\/static-blogs.diariosur.es\/wp-content\/uploads\/sites\/12\/2024\/11\/FB_IMG_1730910784973-e1730912058610.jpg\" alt=\"\" width=\"800\" height=\"1067\" \/><\/a><\/p>\n","protected":false},"excerpt":{"rendered":"<p>Buenas tardes, amigos de la meteo. Mi amigo Nacho Mart\u00edn Almansa, aficionado a la meteorolog\u00eda, quiere compartir estas fotos y un video del Juanar que ha hecho hoy mi\u00e9rcoles. Esta ma\u00f1ana marcho muy temprano para disfrutar de este enclave maravilloso que tenemos los malague\u00f1os; me comentaba que a\u00fan le falta un pel\u00edn para coger bien [&hellip;]<\/p>\n","protected":false},"author":16,"featured_media":42429,"comment_status":"open","ping_status":"open","sticky":false,"template":"","format":"standard","meta":[],"categories":[2],"tags":[100,307,1545,587],"_links":{"self":[{"href":"https:\/\/blogs.diariosur.es\/tormentas-y-rayos\/wp-json\/wp\/v2\/posts\/42423"}],"collection":[{"href":"https:\/\/blogs.diariosur.es\/tormentas-y-rayos\/wp-json\/wp\/v2\/posts"}],"about":[{"href":"https:\/\/blogs.diariosur.es\/tormentas-y-rayos\/wp-json\/wp\/v2\/types\/post"}],"author":[{"embeddable":true,"href":"https:\/\/blogs.diariosur.es\/tormentas-y-rayos\/wp-json\/wp\/v2\/users\/16"}],"replies":[{"embeddable":true,"href":"https:\/\/blogs.diariosur.es\/tormentas-y-rayos\/wp-json\/wp\/v2\/comments?post=42423"}],"version-history":[{"count":9,"href":"https:\/\/blogs.diariosur.es\/tormentas-y-rayos\/wp-json\/wp\/v2\/posts\/42423\/revisions"}],"predecessor-version":[{"id":47298,"href":"https:\/\/blogs.diariosur.es\/tormentas-y-rayos\/wp-json\/wp\/v2\/posts\/42423\/revisions\/47298"}],"wp:featuredmedia":[{"embeddable":true,"href":"https:\/\/blogs.diariosur.es\/tormentas-y-rayos\/wp-json\/wp\/v2\/media\/42429"}],"wp:attachment":[{"href":"https:\/\/blogs.diariosur.es\/tormentas-y-rayos\/wp-json\/wp\/v2\/media?parent=42423"}],"wp:term":[{"taxonomy":"category","embeddable":true,"href":"https:\/\/blogs.diariosur.es\/tormentas-y-rayos\/wp-json\/wp\/v2\/categories?post=42423"},{"taxonomy":"post_tag","embeddable":true,"href":"https:\/\/blogs.diariosur.es\/tormentas-y-rayos\/wp-json\/wp\/v2\/tags?post=42423"}],"curies":[{"name":"wp","href":"https:\/\/api.w.org\/{rel}","templated":true}]}}