{"id":42445,"date":"2024-11-08T07:46:33","date_gmt":"2024-11-08T06:46:33","guid":{"rendered":"https:\/\/blogs.diariosur.es\/tormentas-y-rayos\/?p=42445"},"modified":"2025-11-08T11:35:43","modified_gmt":"2025-11-08T10:35:43","slug":"tendremos-terral-de-otono-este-fin-de-semana-en-la-provincia-de-malaga","status":"publish","type":"post","link":"https:\/\/blogs.diariosur.es\/tormentas-y-rayos\/2024\/11\/08\/tendremos-terral-de-otono-este-fin-de-semana-en-la-provincia-de-malaga\/","title":{"rendered":"\u00bfTendremos terral de oto\u00f1o este fin de semana en la provincia de M\u00e1laga?"},"content":{"rendered":"<p><a href=\"https:\/\/static-blogs.diariosur.es\/wp-content\/uploads\/sites\/12\/2023\/10\/243418660_10223324765526342_8448445083528661051_n.jpg\"><img loading=\"lazy\" class=\"aligncenter size-thumbnail wp-image-38644\" src=\"https:\/\/static-blogs.diariosur.es\/wp-content\/uploads\/sites\/12\/2023\/10\/243418660_10223324765526342_8448445083528661051_n-150x150.jpg\" alt=\"\" width=\"150\" height=\"150\" \/><\/a><\/p>\n<p>&nbsp;<\/p>\n<p data-pm-slice=\"1 1 []\">Buenos d\u00edas, amigos de la meteo. Cuando son las siete de la ma\u00f1ana en M\u00e1laga capital,\u00a0mi estaci\u00f3n meteorol\u00f3gica registra 18,6 \u00baC, los cielos est\u00e1n con nubes bajas de levante y el viento sopla flojo de componente este.<\/p>\n<h3><span style=\"color: #ff0000;\"><strong>\u00bfTendremos terral de oto\u00f1o este fin de semana en la provincia de M\u00e1laga?<\/strong><\/span><\/h3>\n<p>Ma\u00f1ana s\u00e1bado, la probabilidad de terral de oto\u00f1o en las zonas habituales de la provincia malague\u00f1a es alta; las temperaturas m\u00e1ximas pueden rondar entre los 23 y 25 \u00baC. En las zonas donde no sea protagonista el terral, entre los 19 y 22 \u00baC. No se esperan precipitaciones.<\/p>\n<p>Os pongo las temperaturas m\u00e1ximas y m\u00ednimas que prev\u00e9 la Aemet.<\/p>\n<p>&nbsp;<\/p>\n<p>&nbsp;<\/p>\n<p>&nbsp;<\/p>\n<p><a href=\"https:\/\/static-blogs.diariosur.es\/wp-content\/uploads\/sites\/12\/2024\/11\/Captura-de-pantalla-2024-11-08-072620.jpg\"><img loading=\"lazy\" class=\"aligncenter size-full wp-image-42447\" src=\"https:\/\/static-blogs.diariosur.es\/wp-content\/uploads\/sites\/12\/2024\/11\/Captura-de-pantalla-2024-11-08-072620.jpg\" alt=\"\" width=\"865\" height=\"688\" srcset=\"https:\/\/static-blogs.diariosur.es\/wp-content\/uploads\/sites\/12\/2024\/11\/Captura-de-pantalla-2024-11-08-072620.jpg 865w, https:\/\/static-blogs.diariosur.es\/wp-content\/uploads\/sites\/12\/2024\/11\/Captura-de-pantalla-2024-11-08-072620-503x400.jpg 503w, https:\/\/static-blogs.diariosur.es\/wp-content\/uploads\/sites\/12\/2024\/11\/Captura-de-pantalla-2024-11-08-072620-768x611.jpg 768w\" sizes=\"(max-width: 865px) 100vw, 865px\" \/><\/a><\/p>\n<p data-pm-slice=\"1 1 []\">El domingo a primera hora de la ma\u00f1ana es muy probable que deje de soplar terral; por el interior de la provincia soplar\u00e1n flojos de direcci\u00f3n variable y en la costa flojos de componente este. La probabilidad de precipitaciones es muy baja.<\/p>\n<p>La Aemet prev\u00e9 estas temperaturas m\u00e1ximas y m\u00ednimas el domingo.<\/p>\n<p>&nbsp;<\/p>\n<p><a href=\"https:\/\/static-blogs.diariosur.es\/wp-content\/uploads\/sites\/12\/2024\/11\/domingo.jpg\"><img loading=\"lazy\" class=\"aligncenter size-full wp-image-42448\" src=\"https:\/\/static-blogs.diariosur.es\/wp-content\/uploads\/sites\/12\/2024\/11\/domingo.jpg\" alt=\"\" width=\"862\" height=\"687\" srcset=\"https:\/\/static-blogs.diariosur.es\/wp-content\/uploads\/sites\/12\/2024\/11\/domingo.jpg 862w, https:\/\/static-blogs.diariosur.es\/wp-content\/uploads\/sites\/12\/2024\/11\/domingo-502x400.jpg 502w, https:\/\/static-blogs.diariosur.es\/wp-content\/uploads\/sites\/12\/2024\/11\/domingo-768x612.jpg 768w\" sizes=\"(max-width: 862px) 100vw, 862px\" \/><\/a><\/p>\n<h3><\/h3>\n<p>A partir del mi\u00e9rcoles de la semana que viene hay mucha incertidumbre con los modelos, el americano en sus \u00faltimas salidas prev\u00e9 una dana\u00a0 pero el europeo no. Toca esperar.<\/p>\n","protected":false},"excerpt":{"rendered":"<p>&nbsp; Buenos d\u00edas, amigos de la meteo. Cuando son las siete de la ma\u00f1ana en M\u00e1laga capital,\u00a0mi estaci\u00f3n meteorol\u00f3gica registra 18,6 \u00baC, los cielos est\u00e1n con nubes bajas de levante y el viento sopla flojo de componente este. \u00bfTendremos terral de oto\u00f1o este fin de semana en la provincia de M\u00e1laga? Ma\u00f1ana s\u00e1bado, la probabilidad [&hellip;]<\/p>\n","protected":false},"author":16,"featured_media":42446,"comment_status":"open","ping_status":"open","sticky":false,"template":"","format":"standard","meta":[],"categories":[2],"tags":[212,307,358,515,587,975],"_links":{"self":[{"href":"https:\/\/blogs.diariosur.es\/tormentas-y-rayos\/wp-json\/wp\/v2\/posts\/42445"}],"collection":[{"href":"https:\/\/blogs.diariosur.es\/tormentas-y-rayos\/wp-json\/wp\/v2\/posts"}],"about":[{"href":"https:\/\/blogs.diariosur.es\/tormentas-y-rayos\/wp-json\/wp\/v2\/types\/post"}],"author":[{"embeddable":true,"href":"https:\/\/blogs.diariosur.es\/tormentas-y-rayos\/wp-json\/wp\/v2\/users\/16"}],"replies":[{"embeddable":true,"href":"https:\/\/blogs.diariosur.es\/tormentas-y-rayos\/wp-json\/wp\/v2\/comments?post=42445"}],"version-history":[{"count":4,"href":"https:\/\/blogs.diariosur.es\/tormentas-y-rayos\/wp-json\/wp\/v2\/posts\/42445\/revisions"}],"predecessor-version":[{"id":47296,"href":"https:\/\/blogs.diariosur.es\/tormentas-y-rayos\/wp-json\/wp\/v2\/posts\/42445\/revisions\/47296"}],"wp:featuredmedia":[{"embeddable":true,"href":"https:\/\/blogs.diariosur.es\/tormentas-y-rayos\/wp-json\/wp\/v2\/media\/42446"}],"wp:attachment":[{"href":"https:\/\/blogs.diariosur.es\/tormentas-y-rayos\/wp-json\/wp\/v2\/media?parent=42445"}],"wp:term":[{"taxonomy":"category","embeddable":true,"href":"https:\/\/blogs.diariosur.es\/tormentas-y-rayos\/wp-json\/wp\/v2\/categories?post=42445"},{"taxonomy":"post_tag","embeddable":true,"href":"https:\/\/blogs.diariosur.es\/tormentas-y-rayos\/wp-json\/wp\/v2\/tags?post=42445"}],"curies":[{"name":"wp","href":"https:\/\/api.w.org\/{rel}","templated":true}]}}