{"id":42463,"date":"2024-11-10T07:45:06","date_gmt":"2024-11-10T06:45:06","guid":{"rendered":"https:\/\/blogs.diariosur.es\/tormentas-y-rayos\/?p=42463"},"modified":"2025-11-08T11:33:08","modified_gmt":"2025-11-08T10:33:08","slug":"llega-otra-dana-y-frio-a-andalucia-la-semana-entrante","status":"publish","type":"post","link":"https:\/\/blogs.diariosur.es\/tormentas-y-rayos\/2024\/11\/10\/llega-otra-dana-y-frio-a-andalucia-la-semana-entrante\/","title":{"rendered":"Llega otra dana y fr\u00edo a Andaluc\u00eda la semana entrante"},"content":{"rendered":"<p><a href=\"https:\/\/static-blogs.diariosur.es\/wp-content\/uploads\/sites\/12\/2024\/05\/444912498_10228884468795449_97962860407814916_n.jpg\"><img loading=\"lazy\" class=\"aligncenter size-thumbnail wp-image-40751\" src=\"https:\/\/static-blogs.diariosur.es\/wp-content\/uploads\/sites\/12\/2024\/05\/444912498_10228884468795449_97962860407814916_n-150x150.jpg\" alt=\"\" width=\"150\" height=\"150\" \/><\/a><\/p>\n<p data-pm-slice=\"1 1 []\">Buenos d\u00edas, amigos de la meteo. Cuando son las siete de la ma\u00f1ana en M\u00e1laga capital, la estaci\u00f3n del aeropuerto registra 18,7 \u00b0C, los cielos est\u00e1n despejados y sopla viento flojo de terral de oto\u00f1o. Antes del mediod\u00eda, el viento soplar\u00e1 flojo de direcci\u00f3n variable.<br \/>\nSe cumplieron las previsiones y el terral fue ayer protagonista en la provincia malague\u00f1a; la temperatura m\u00e1xima en Andaluc\u00eda se registr\u00f3 en M\u00e1laga capital con 26,3 \u00b0C.<\/p>\n<h3><strong>Llega otra DANA y fr\u00edo a Andaluc\u00eda<\/strong><\/h3>\n<p>Para comienzos de esta pr\u00f3xima semana, el chorro polar se ondular\u00e1 debido a un potente bloqueo anticicl\u00f3nico en las Islas Brit\u00e1nicas, el conocido bloqueo en omega. Esto traer\u00e1 consigo el descuelgue de una bolsa de aire fr\u00edo muy inestable que llegar\u00e1 a la pen\u00ednsula a partir del martes.<\/p>\n<p>Os paso un mapa a 500 hpa del modelo europeo previsto para el martes. Fuente: Meteologix<\/p>\n<p>&nbsp;<\/p>\n<p><a href=\"https:\/\/static-blogs.diariosur.es\/wp-content\/uploads\/sites\/12\/2024\/11\/z.jpg\"><img loading=\"lazy\" class=\"aligncenter size-full wp-image-42468\" src=\"https:\/\/static-blogs.diariosur.es\/wp-content\/uploads\/sites\/12\/2024\/11\/z.jpg\" alt=\"\" width=\"947\" height=\"983\" srcset=\"https:\/\/static-blogs.diariosur.es\/wp-content\/uploads\/sites\/12\/2024\/11\/z.jpg 947w, https:\/\/static-blogs.diariosur.es\/wp-content\/uploads\/sites\/12\/2024\/11\/z-385x400.jpg 385w, https:\/\/static-blogs.diariosur.es\/wp-content\/uploads\/sites\/12\/2024\/11\/z-768x797.jpg 768w\" sizes=\"(max-width: 947px) 100vw, 947px\" \/><\/a><\/p>\n<p>La mayor\u00eda de los modelos prev\u00e9n la formaci\u00f3n de una dana a partir del mi\u00e9rcoles cerca del Cabo de San Vicente, como pod\u00e9is ver en este otro mapa a 500 hpa.<\/p>\n<p>&nbsp;<\/p>\n<p>&nbsp;<\/p>\n<p><a href=\"https:\/\/static-blogs.diariosur.es\/wp-content\/uploads\/sites\/12\/2024\/11\/z2-1.jpg\"><img loading=\"lazy\" class=\"aligncenter size-full wp-image-42470\" src=\"https:\/\/static-blogs.diariosur.es\/wp-content\/uploads\/sites\/12\/2024\/11\/z2-1.jpg\" alt=\"\" width=\"951\" height=\"982\" srcset=\"https:\/\/static-blogs.diariosur.es\/wp-content\/uploads\/sites\/12\/2024\/11\/z2-1.jpg 951w, https:\/\/static-blogs.diariosur.es\/wp-content\/uploads\/sites\/12\/2024\/11\/z2-1-387x400.jpg 387w, https:\/\/static-blogs.diariosur.es\/wp-content\/uploads\/sites\/12\/2024\/11\/z2-1-768x793.jpg 768w\" sizes=\"(max-width: 951px) 100vw, 951px\" \/><\/a><\/p>\n<p>&nbsp;<\/p>\n<p data-pm-slice=\"1 1 []\">De cumplirse estos mapas, es probable que tengamos lluvias fuertes en toda la costa mediterr\u00e1nea y costa del mar de Albor\u00e1n, incluida M\u00e1laga. Puede nevar en la Sierra de las Nieves y Sierra Tejeda.<\/p>\n<p>Ma\u00f1ana lunes, con los modelos actualizados, iremos viendo la evoluci\u00f3n de la DANA y qu\u00e9 zonas podr\u00e1n tener m\u00e1s acumulados.<\/p>\n<p><strong>La AEMET puede sacar hoy domingo una nota informativa o un aviso especial; de ser as\u00ed, lo pondr\u00e9 en mis redes.<\/strong><\/p>\n<p>Esperemos que si llueve, lo haga sin crear da\u00f1o.<\/p>\n<p>&nbsp;<\/p>\n<p><a href=\"https:\/\/static-blogs.diariosur.es\/wp-content\/uploads\/sites\/12\/2024\/11\/DSC_4088-e1731221074741.jpg\"><img loading=\"lazy\" class=\"aligncenter size-full wp-image-42474\" src=\"https:\/\/static-blogs.diariosur.es\/wp-content\/uploads\/sites\/12\/2024\/11\/DSC_4088-e1731221074741.jpg\" alt=\"\" width=\"900\" height=\"600\" \/><\/a><\/p>\n<p>&nbsp;<\/p>\n<p>&nbsp;<\/p>\n","protected":false},"excerpt":{"rendered":"<p>Buenos d\u00edas, amigos de la meteo. Cuando son las siete de la ma\u00f1ana en M\u00e1laga capital, la estaci\u00f3n del aeropuerto registra 18,7 \u00b0C, los cielos est\u00e1n despejados y sopla viento flojo de terral de oto\u00f1o. Antes del mediod\u00eda, el viento soplar\u00e1 flojo de direcci\u00f3n variable. Se cumplieron las previsiones y el terral fue ayer protagonista [&hellip;]<\/p>\n","protected":false},"author":16,"featured_media":42470,"comment_status":"open","ping_status":"open","sticky":false,"template":"","format":"standard","meta":[],"categories":[2],"tags":[46,100,151,307,375,569,718,1040],"_links":{"self":[{"href":"https:\/\/blogs.diariosur.es\/tormentas-y-rayos\/wp-json\/wp\/v2\/posts\/42463"}],"collection":[{"href":"https:\/\/blogs.diariosur.es\/tormentas-y-rayos\/wp-json\/wp\/v2\/posts"}],"about":[{"href":"https:\/\/blogs.diariosur.es\/tormentas-y-rayos\/wp-json\/wp\/v2\/types\/post"}],"author":[{"embeddable":true,"href":"https:\/\/blogs.diariosur.es\/tormentas-y-rayos\/wp-json\/wp\/v2\/users\/16"}],"replies":[{"embeddable":true,"href":"https:\/\/blogs.diariosur.es\/tormentas-y-rayos\/wp-json\/wp\/v2\/comments?post=42463"}],"version-history":[{"count":11,"href":"https:\/\/blogs.diariosur.es\/tormentas-y-rayos\/wp-json\/wp\/v2\/posts\/42463\/revisions"}],"predecessor-version":[{"id":47294,"href":"https:\/\/blogs.diariosur.es\/tormentas-y-rayos\/wp-json\/wp\/v2\/posts\/42463\/revisions\/47294"}],"wp:featuredmedia":[{"embeddable":true,"href":"https:\/\/blogs.diariosur.es\/tormentas-y-rayos\/wp-json\/wp\/v2\/media\/42470"}],"wp:attachment":[{"href":"https:\/\/blogs.diariosur.es\/tormentas-y-rayos\/wp-json\/wp\/v2\/media?parent=42463"}],"wp:term":[{"taxonomy":"category","embeddable":true,"href":"https:\/\/blogs.diariosur.es\/tormentas-y-rayos\/wp-json\/wp\/v2\/categories?post=42463"},{"taxonomy":"post_tag","embeddable":true,"href":"https:\/\/blogs.diariosur.es\/tormentas-y-rayos\/wp-json\/wp\/v2\/tags?post=42463"}],"curies":[{"name":"wp","href":"https:\/\/api.w.org\/{rel}","templated":true}]}}