{"id":42503,"date":"2024-11-12T08:36:08","date_gmt":"2024-11-12T07:36:08","guid":{"rendered":"https:\/\/blogs.diariosur.es\/tormentas-y-rayos\/?p=42503"},"modified":"2024-11-12T08:37:15","modified_gmt":"2024-11-12T07:37:15","slug":"incertidumbre-con-los-acumulados-de-precipitacion-en-la-provincia-de-malaga","status":"publish","type":"post","link":"https:\/\/blogs.diariosur.es\/tormentas-y-rayos\/2024\/11\/12\/incertidumbre-con-los-acumulados-de-precipitacion-en-la-provincia-de-malaga\/","title":{"rendered":"Incertidumbre con los acumulados de precipitaci\u00f3n en la provincia de M\u00e1laga."},"content":{"rendered":"<p><a href=\"https:\/\/static-blogs.diariosur.es\/wp-content\/uploads\/sites\/12\/2024\/05\/444912498_10228884468795449_97962860407814916_n.jpg\"><img loading=\"lazy\" class=\"aligncenter size-thumbnail wp-image-40751\" src=\"https:\/\/static-blogs.diariosur.es\/wp-content\/uploads\/sites\/12\/2024\/05\/444912498_10228884468795449_97962860407814916_n-150x150.jpg\" alt=\"\" width=\"150\" height=\"150\" \/><\/a><\/p>\n<p>Buenos d\u00edas, amigos de la meteo. Antes de nada, os quiero dar las gracias a todos los que ayer le\u00edsteis mi articulo de las inundaciones del 89, no esperaba tantos comentarios.<\/p>\n<h3 class=\"voc-blogs-section\"><a href=\"https:\/\/blogs.diariosur.es\/tormentas-y-rayos\/2024\/11\/11\/malaga-conmemora-las-inundaciones-en-aviso-amarillo-justo-cuando-se-preve-otra-dana\/\"><span style=\"color: #0000ff;\">M\u00e1laga conmemora las inundaciones en aviso naranja, justo cuando se prev\u00e9 otra dana.<\/span><\/a><\/h3>\n<p>Seguimos con la incertidumbre de los acumulados de precipitaci\u00f3n para ma\u00f1ana mi\u00e9rcoles y primeras horas de la madrugada del 14 en la provincia de M\u00e1laga.<\/p>\n<p>Os pongo los dos principales<\/p>\n<p><strong>MODELO EUROPEO<\/strong><\/p>\n<p>&nbsp;<\/p>\n<p><a href=\"https:\/\/static-blogs.diariosur.es\/wp-content\/uploads\/sites\/12\/2024\/11\/europeo.jpg\"><img loading=\"lazy\" class=\"aligncenter size-full wp-image-42504\" src=\"https:\/\/static-blogs.diariosur.es\/wp-content\/uploads\/sites\/12\/2024\/11\/europeo.jpg\" alt=\"\" width=\"948\" height=\"998\" srcset=\"https:\/\/static-blogs.diariosur.es\/wp-content\/uploads\/sites\/12\/2024\/11\/europeo.jpg 948w, https:\/\/static-blogs.diariosur.es\/wp-content\/uploads\/sites\/12\/2024\/11\/europeo-380x400.jpg 380w, https:\/\/static-blogs.diariosur.es\/wp-content\/uploads\/sites\/12\/2024\/11\/europeo-768x809.jpg 768w\" sizes=\"(max-width: 948px) 100vw, 948px\" \/><\/a><\/p>\n<p>&nbsp;<\/p>\n<p><strong>MODELO AMERICANO<\/strong><\/p>\n<p>Mucha diferencia en litros con el europeo.<\/p>\n<p>&nbsp;<\/p>\n<p><a href=\"https:\/\/static-blogs.diariosur.es\/wp-content\/uploads\/sites\/12\/2024\/11\/americano.jpg\"><img loading=\"lazy\" class=\"aligncenter size-full wp-image-42505\" src=\"https:\/\/static-blogs.diariosur.es\/wp-content\/uploads\/sites\/12\/2024\/11\/americano.jpg\" alt=\"\" width=\"946\" height=\"952\" srcset=\"https:\/\/static-blogs.diariosur.es\/wp-content\/uploads\/sites\/12\/2024\/11\/americano.jpg 946w, https:\/\/static-blogs.diariosur.es\/wp-content\/uploads\/sites\/12\/2024\/11\/americano-150x150.jpg 150w, https:\/\/static-blogs.diariosur.es\/wp-content\/uploads\/sites\/12\/2024\/11\/americano-397x400.jpg 397w, https:\/\/static-blogs.diariosur.es\/wp-content\/uploads\/sites\/12\/2024\/11\/americano-768x773.jpg 768w\" sizes=\"(max-width: 946px) 100vw, 946px\" \/><\/a><\/p>\n<p>Luego tenemos otros modelos en meseoscala que se parecen m\u00e1s al modelo europeo.<\/p>\n<p>&nbsp;<\/p>\n<p>En cuanto los avisos esta toda la provincia menos la comarca de Ronda.<\/p>\n<p>Aviso naranja en Sol, Guadalhorce y Axarqu\u00eda por acumulados de 100 mm en doce horas.<\/p>\n<p>Aviso amarillo comarca de Antequera por acumulados en doce horas de 60 mm.<\/p>\n<p>Mucha precauci\u00f3n si sal\u00eds ma\u00f1ana a la carretera. En algunos puntos de la provincia pueden caer granizos, tambien tendremos rachas fuertes de viento y una notable bajada de las temperaturas.<\/p>\n","protected":false},"excerpt":{"rendered":"<p>Buenos d\u00edas, amigos de la meteo. Antes de nada, os quiero dar las gracias a todos los que ayer le\u00edsteis mi articulo de las inundaciones del 89, no esperaba tantos comentarios. M\u00e1laga conmemora las inundaciones en aviso naranja, justo cuando se prev\u00e9 otra dana. Seguimos con la incertidumbre de los acumulados de precipitaci\u00f3n para ma\u00f1ana [&hellip;]<\/p>\n","protected":false},"author":16,"featured_media":42506,"comment_status":"open","ping_status":"open","sticky":false,"template":"","format":"standard","meta":[],"categories":[2],"tags":[151,307,569,587,676],"_links":{"self":[{"href":"https:\/\/blogs.diariosur.es\/tormentas-y-rayos\/wp-json\/wp\/v2\/posts\/42503"}],"collection":[{"href":"https:\/\/blogs.diariosur.es\/tormentas-y-rayos\/wp-json\/wp\/v2\/posts"}],"about":[{"href":"https:\/\/blogs.diariosur.es\/tormentas-y-rayos\/wp-json\/wp\/v2\/types\/post"}],"author":[{"embeddable":true,"href":"https:\/\/blogs.diariosur.es\/tormentas-y-rayos\/wp-json\/wp\/v2\/users\/16"}],"replies":[{"embeddable":true,"href":"https:\/\/blogs.diariosur.es\/tormentas-y-rayos\/wp-json\/wp\/v2\/comments?post=42503"}],"version-history":[{"count":2,"href":"https:\/\/blogs.diariosur.es\/tormentas-y-rayos\/wp-json\/wp\/v2\/posts\/42503\/revisions"}],"predecessor-version":[{"id":42508,"href":"https:\/\/blogs.diariosur.es\/tormentas-y-rayos\/wp-json\/wp\/v2\/posts\/42503\/revisions\/42508"}],"wp:featuredmedia":[{"embeddable":true,"href":"https:\/\/blogs.diariosur.es\/tormentas-y-rayos\/wp-json\/wp\/v2\/media\/42506"}],"wp:attachment":[{"href":"https:\/\/blogs.diariosur.es\/tormentas-y-rayos\/wp-json\/wp\/v2\/media?parent=42503"}],"wp:term":[{"taxonomy":"category","embeddable":true,"href":"https:\/\/blogs.diariosur.es\/tormentas-y-rayos\/wp-json\/wp\/v2\/categories?post=42503"},{"taxonomy":"post_tag","embeddable":true,"href":"https:\/\/blogs.diariosur.es\/tormentas-y-rayos\/wp-json\/wp\/v2\/tags?post=42503"}],"curies":[{"name":"wp","href":"https:\/\/api.w.org\/{rel}","templated":true}]}}