{"id":42521,"date":"2024-11-13T07:32:55","date_gmt":"2024-11-13T06:32:55","guid":{"rendered":"https:\/\/blogs.diariosur.es\/tormentas-y-rayos\/?p=42521"},"modified":"2025-11-08T11:23:47","modified_gmt":"2025-11-08T10:23:47","slug":"acumulados-de-precipitacion-en-andalucia-y-provincia-de-malaga-de-varios-modelos","status":"publish","type":"post","link":"https:\/\/blogs.diariosur.es\/tormentas-y-rayos\/2024\/11\/13\/acumulados-de-precipitacion-en-andalucia-y-provincia-de-malaga-de-varios-modelos\/","title":{"rendered":"Acumulados de precipitaci\u00f3n en Andaluc\u00eda y provincia de M\u00e1laga de varios modelos."},"content":{"rendered":"<p><a href=\"https:\/\/static-blogs.diariosur.es\/wp-content\/uploads\/sites\/12\/2023\/10\/243418660_10223324765526342_8448445083528661051_n.jpg\"><img loading=\"lazy\" class=\"aligncenter size-thumbnail wp-image-38644\" src=\"https:\/\/static-blogs.diariosur.es\/wp-content\/uploads\/sites\/12\/2023\/10\/243418660_10223324765526342_8448445083528661051_n-150x150.jpg\" alt=\"\" width=\"150\" height=\"150\" \/><\/a><\/p>\n<p data-pm-slice=\"1 1 []\">Buenos d\u00edas, amigos de la meteo. Madrugada fresquita en toda la provincia malague\u00f1a; el Centro Meteorol\u00f3gico ha registrado a las cinco de la ma\u00f1ana 11.8 \u00baC; destacar Archidona Huertas del R\u00edo con 6,9 \u00baC y Archidona San Jos\u00e9 con 5,4 \u00baC. En la zona m\u00e1s oriental de la provincia malague\u00f1a caen chubascos.<\/p>\n<p>Os paso una serie de modelos de acumulados de precipitaci\u00f3n desde hoy mi\u00e9rcoles hasta ma\u00f1ana jueves a las nueve de la ma\u00f1ana; si os fij\u00e1is, sigue habiendo incertidumbre con la cantidad y zonas de la provincia. Los dos primeros que os pongo son el europeo y el americano; este \u00faltimo es el que menos acumulados da.<\/p>\n<p>&nbsp;<\/p>\n<p><a href=\"https:\/\/static-blogs.diariosur.es\/wp-content\/uploads\/sites\/12\/2024\/11\/europeo-andalucia.jpg\"><img loading=\"lazy\" class=\"aligncenter size-full wp-image-42522\" src=\"https:\/\/static-blogs.diariosur.es\/wp-content\/uploads\/sites\/12\/2024\/11\/europeo-andalucia.jpg\" alt=\"\" width=\"957\" height=\"998\" srcset=\"https:\/\/static-blogs.diariosur.es\/wp-content\/uploads\/sites\/12\/2024\/11\/europeo-andalucia.jpg 957w, https:\/\/static-blogs.diariosur.es\/wp-content\/uploads\/sites\/12\/2024\/11\/europeo-andalucia-384x400.jpg 384w, https:\/\/static-blogs.diariosur.es\/wp-content\/uploads\/sites\/12\/2024\/11\/europeo-andalucia-768x801.jpg 768w\" sizes=\"(max-width: 957px) 100vw, 957px\" \/><\/a><\/p>\n<p>&nbsp;<\/p>\n<p><a href=\"https:\/\/static-blogs.diariosur.es\/wp-content\/uploads\/sites\/12\/2024\/11\/amaericano-andalucia.jpg\"><img loading=\"lazy\" class=\"aligncenter size-full wp-image-42523\" src=\"https:\/\/static-blogs.diariosur.es\/wp-content\/uploads\/sites\/12\/2024\/11\/amaericano-andalucia.jpg\" alt=\"\" width=\"957\" height=\"992\" srcset=\"https:\/\/static-blogs.diariosur.es\/wp-content\/uploads\/sites\/12\/2024\/11\/amaericano-andalucia.jpg 957w, https:\/\/static-blogs.diariosur.es\/wp-content\/uploads\/sites\/12\/2024\/11\/amaericano-andalucia-386x400.jpg 386w, https:\/\/static-blogs.diariosur.es\/wp-content\/uploads\/sites\/12\/2024\/11\/amaericano-andalucia-768x796.jpg 768w\" sizes=\"(max-width: 957px) 100vw, 957px\" \/><\/a><\/p>\n<p><a href=\"https:\/\/static-blogs.diariosur.es\/wp-content\/uploads\/sites\/12\/2024\/11\/aleman-andalucia.jpg\"><img loading=\"lazy\" class=\"aligncenter size-full wp-image-42524\" src=\"https:\/\/static-blogs.diariosur.es\/wp-content\/uploads\/sites\/12\/2024\/11\/aleman-andalucia.jpg\" alt=\"\" width=\"957\" height=\"991\" srcset=\"https:\/\/static-blogs.diariosur.es\/wp-content\/uploads\/sites\/12\/2024\/11\/aleman-andalucia.jpg 957w, https:\/\/static-blogs.diariosur.es\/wp-content\/uploads\/sites\/12\/2024\/11\/aleman-andalucia-386x400.jpg 386w, https:\/\/static-blogs.diariosur.es\/wp-content\/uploads\/sites\/12\/2024\/11\/aleman-andalucia-768x795.jpg 768w\" sizes=\"(max-width: 957px) 100vw, 957px\" \/><\/a><\/p>\n<p>&nbsp;<\/p>\n<p><a href=\"https:\/\/static-blogs.diariosur.es\/wp-content\/uploads\/sites\/12\/2024\/11\/canada-andalucia.jpg\"><img loading=\"lazy\" class=\"aligncenter size-full wp-image-42526\" src=\"https:\/\/static-blogs.diariosur.es\/wp-content\/uploads\/sites\/12\/2024\/11\/canada-andalucia.jpg\" alt=\"\" width=\"951\" height=\"983\" srcset=\"https:\/\/static-blogs.diariosur.es\/wp-content\/uploads\/sites\/12\/2024\/11\/canada-andalucia.jpg 951w, https:\/\/static-blogs.diariosur.es\/wp-content\/uploads\/sites\/12\/2024\/11\/canada-andalucia-387x400.jpg 387w, https:\/\/static-blogs.diariosur.es\/wp-content\/uploads\/sites\/12\/2024\/11\/canada-andalucia-768x794.jpg 768w\" sizes=\"(max-width: 951px) 100vw, 951px\" \/><\/a><\/p>\n<p>&nbsp;<\/p>\n<p><a href=\"https:\/\/static-blogs.diariosur.es\/wp-content\/uploads\/sites\/12\/2024\/11\/inglaterra-andalucia.jpg\"><img loading=\"lazy\" class=\"aligncenter size-full wp-image-42527\" src=\"https:\/\/static-blogs.diariosur.es\/wp-content\/uploads\/sites\/12\/2024\/11\/inglaterra-andalucia.jpg\" alt=\"\" width=\"951\" height=\"997\" srcset=\"https:\/\/static-blogs.diariosur.es\/wp-content\/uploads\/sites\/12\/2024\/11\/inglaterra-andalucia.jpg 951w, https:\/\/static-blogs.diariosur.es\/wp-content\/uploads\/sites\/12\/2024\/11\/inglaterra-andalucia-382x400.jpg 382w, https:\/\/static-blogs.diariosur.es\/wp-content\/uploads\/sites\/12\/2024\/11\/inglaterra-andalucia-768x805.jpg 768w\" sizes=\"(max-width: 951px) 100vw, 951px\" \/><\/a><\/p>\n<p>&nbsp;<\/p>\n<p><a href=\"https:\/\/static-blogs.diariosur.es\/wp-content\/uploads\/sites\/12\/2024\/11\/a.jpg\"><img loading=\"lazy\" class=\"aligncenter size-full wp-image-42528\" src=\"https:\/\/static-blogs.diariosur.es\/wp-content\/uploads\/sites\/12\/2024\/11\/a.jpg\" alt=\"\" width=\"972\" height=\"992\" srcset=\"https:\/\/static-blogs.diariosur.es\/wp-content\/uploads\/sites\/12\/2024\/11\/a.jpg 972w, https:\/\/static-blogs.diariosur.es\/wp-content\/uploads\/sites\/12\/2024\/11\/a-392x400.jpg 392w, https:\/\/static-blogs.diariosur.es\/wp-content\/uploads\/sites\/12\/2024\/11\/a-768x784.jpg 768w\" sizes=\"(max-width: 972px) 100vw, 972px\" \/><\/a><\/p>\n<p>Os pongo el mapa actualizado de momento de avisos para hoy mi\u00e9rcoles.<\/p>\n<p><a href=\"https:\/\/static-blogs.diariosur.es\/wp-content\/uploads\/sites\/12\/2024\/11\/aa.jpg\"><img loading=\"lazy\" class=\"aligncenter size-full wp-image-42529\" src=\"https:\/\/static-blogs.diariosur.es\/wp-content\/uploads\/sites\/12\/2024\/11\/aa.jpg\" alt=\"\" width=\"856\" height=\"700\" srcset=\"https:\/\/static-blogs.diariosur.es\/wp-content\/uploads\/sites\/12\/2024\/11\/aa.jpg 856w, https:\/\/static-blogs.diariosur.es\/wp-content\/uploads\/sites\/12\/2024\/11\/aa-489x400.jpg 489w, https:\/\/static-blogs.diariosur.es\/wp-content\/uploads\/sites\/12\/2024\/11\/aa-768x628.jpg 768w\" sizes=\"(max-width: 856px) 100vw, 856px\" \/><\/a><\/p>\n","protected":false},"excerpt":{"rendered":"<p>Buenos d\u00edas, amigos de la meteo. Madrugada fresquita en toda la provincia malague\u00f1a; el Centro Meteorol\u00f3gico ha registrado a las cinco de la ma\u00f1ana 11.8 \u00baC; destacar Archidona Huertas del R\u00edo con 6,9 \u00baC y Archidona San Jos\u00e9 con 5,4 \u00baC. En la zona m\u00e1s oriental de la provincia malague\u00f1a caen chubascos. Os paso una [&hellip;]<\/p>\n","protected":false},"author":16,"featured_media":42532,"comment_status":"open","ping_status":"open","sticky":false,"template":"","format":"standard","meta":[],"categories":[2],"tags":[100,151,307,587,872],"_links":{"self":[{"href":"https:\/\/blogs.diariosur.es\/tormentas-y-rayos\/wp-json\/wp\/v2\/posts\/42521"}],"collection":[{"href":"https:\/\/blogs.diariosur.es\/tormentas-y-rayos\/wp-json\/wp\/v2\/posts"}],"about":[{"href":"https:\/\/blogs.diariosur.es\/tormentas-y-rayos\/wp-json\/wp\/v2\/types\/post"}],"author":[{"embeddable":true,"href":"https:\/\/blogs.diariosur.es\/tormentas-y-rayos\/wp-json\/wp\/v2\/users\/16"}],"replies":[{"embeddable":true,"href":"https:\/\/blogs.diariosur.es\/tormentas-y-rayos\/wp-json\/wp\/v2\/comments?post=42521"}],"version-history":[{"count":6,"href":"https:\/\/blogs.diariosur.es\/tormentas-y-rayos\/wp-json\/wp\/v2\/posts\/42521\/revisions"}],"predecessor-version":[{"id":47291,"href":"https:\/\/blogs.diariosur.es\/tormentas-y-rayos\/wp-json\/wp\/v2\/posts\/42521\/revisions\/47291"}],"wp:featuredmedia":[{"embeddable":true,"href":"https:\/\/blogs.diariosur.es\/tormentas-y-rayos\/wp-json\/wp\/v2\/media\/42532"}],"wp:attachment":[{"href":"https:\/\/blogs.diariosur.es\/tormentas-y-rayos\/wp-json\/wp\/v2\/media?parent=42521"}],"wp:term":[{"taxonomy":"category","embeddable":true,"href":"https:\/\/blogs.diariosur.es\/tormentas-y-rayos\/wp-json\/wp\/v2\/categories?post=42521"},{"taxonomy":"post_tag","embeddable":true,"href":"https:\/\/blogs.diariosur.es\/tormentas-y-rayos\/wp-json\/wp\/v2\/tags?post=42521"}],"curies":[{"name":"wp","href":"https:\/\/api.w.org\/{rel}","templated":true}]}}