{"id":42536,"date":"2024-11-13T19:35:04","date_gmt":"2024-11-13T18:35:04","guid":{"rendered":"https:\/\/blogs.diariosur.es\/tormentas-y-rayos\/?p=42536"},"modified":"2024-11-13T19:49:23","modified_gmt":"2024-11-13T18:49:23","slug":"ultima-hora-el-aviso-rojo-en-malaga-se-amplia-hasta-manana-jueves-a-las-759","status":"publish","type":"post","link":"https:\/\/blogs.diariosur.es\/tormentas-y-rayos\/2024\/11\/13\/ultima-hora-el-aviso-rojo-en-malaga-se-amplia-hasta-manana-jueves-a-las-759\/","title":{"rendered":"\u00daltima hora: El aviso rojo en M\u00e1laga se amplia hasta ma\u00f1ana jueves a las 7:59"},"content":{"rendered":"<p><a href=\"https:\/\/static-blogs.diariosur.es\/wp-content\/uploads\/sites\/12\/2024\/05\/444912498_10228884468795449_97962860407814916_n.jpg\"><img loading=\"lazy\" class=\"aligncenter size-thumbnail wp-image-40751\" src=\"https:\/\/static-blogs.diariosur.es\/wp-content\/uploads\/sites\/12\/2024\/05\/444912498_10228884468795449_97962860407814916_n-150x150.jpg\" alt=\"\" width=\"150\" height=\"150\" \/><\/a><\/p>\n<p>Buenas noches, amigos de la meteo. Solo actualizo para comunicaros que el aviso rojo se amplia hasta ma\u00f1ana jueves a las 7:59.<\/p>\n<p>Sol, Guadalhorce y Axarqu\u00eda, Precipitaci\u00f3n acumulada en 12 horas: 120 mm. Se pueden acumular m\u00e1s de 200 litros durante todo el episodio<\/p>\n<p>MI\u00c9RCOLES 13 a las 18:00 JUEVES 14 a las 07:59<\/p>\n<p>Avisos para ma\u00f1ana<\/p>\n<p>&nbsp;<\/p>\n<p><a href=\"https:\/\/static-blogs.diariosur.es\/wp-content\/uploads\/sites\/12\/2024\/11\/zzzzzzzz.jpg\"><img loading=\"lazy\" class=\"aligncenter size-full wp-image-42538\" src=\"https:\/\/static-blogs.diariosur.es\/wp-content\/uploads\/sites\/12\/2024\/11\/zzzzzzzz.jpg\" alt=\"\" width=\"861\" height=\"678\" srcset=\"https:\/\/static-blogs.diariosur.es\/wp-content\/uploads\/sites\/12\/2024\/11\/zzzzzzzz.jpg 861w, https:\/\/static-blogs.diariosur.es\/wp-content\/uploads\/sites\/12\/2024\/11\/zzzzzzzz-508x400.jpg 508w, https:\/\/static-blogs.diariosur.es\/wp-content\/uploads\/sites\/12\/2024\/11\/zzzzzzzz-768x605.jpg 768w\" sizes=\"(max-width: 861px) 100vw, 861px\" \/><\/a><\/p>\n<p>&nbsp;<\/p>\n","protected":false},"excerpt":{"rendered":"<p>Buenas noches, amigos de la meteo. Solo actualizo para comunicaros que el aviso rojo se amplia hasta ma\u00f1ana jueves a las 7:59. Sol, Guadalhorce y Axarqu\u00eda, Precipitaci\u00f3n acumulada en 12 horas: 120 mm. Se pueden acumular m\u00e1s de 200 litros durante todo el episodio MI\u00c9RCOLES 13 a las 18:00 JUEVES 14 a las 07:59 Avisos [&hellip;]<\/p>\n","protected":false},"author":16,"featured_media":42474,"comment_status":"open","ping_status":"open","sticky":false,"template":"","format":"standard","meta":[],"categories":[2],"tags":[151,485,872,1028],"_links":{"self":[{"href":"https:\/\/blogs.diariosur.es\/tormentas-y-rayos\/wp-json\/wp\/v2\/posts\/42536"}],"collection":[{"href":"https:\/\/blogs.diariosur.es\/tormentas-y-rayos\/wp-json\/wp\/v2\/posts"}],"about":[{"href":"https:\/\/blogs.diariosur.es\/tormentas-y-rayos\/wp-json\/wp\/v2\/types\/post"}],"author":[{"embeddable":true,"href":"https:\/\/blogs.diariosur.es\/tormentas-y-rayos\/wp-json\/wp\/v2\/users\/16"}],"replies":[{"embeddable":true,"href":"https:\/\/blogs.diariosur.es\/tormentas-y-rayos\/wp-json\/wp\/v2\/comments?post=42536"}],"version-history":[{"count":2,"href":"https:\/\/blogs.diariosur.es\/tormentas-y-rayos\/wp-json\/wp\/v2\/posts\/42536\/revisions"}],"predecessor-version":[{"id":42539,"href":"https:\/\/blogs.diariosur.es\/tormentas-y-rayos\/wp-json\/wp\/v2\/posts\/42536\/revisions\/42539"}],"wp:featuredmedia":[{"embeddable":true,"href":"https:\/\/blogs.diariosur.es\/tormentas-y-rayos\/wp-json\/wp\/v2\/media\/42474"}],"wp:attachment":[{"href":"https:\/\/blogs.diariosur.es\/tormentas-y-rayos\/wp-json\/wp\/v2\/media?parent=42536"}],"wp:term":[{"taxonomy":"category","embeddable":true,"href":"https:\/\/blogs.diariosur.es\/tormentas-y-rayos\/wp-json\/wp\/v2\/categories?post=42536"},{"taxonomy":"post_tag","embeddable":true,"href":"https:\/\/blogs.diariosur.es\/tormentas-y-rayos\/wp-json\/wp\/v2\/tags?post=42536"}],"curies":[{"name":"wp","href":"https:\/\/api.w.org\/{rel}","templated":true}]}}