{"id":42578,"date":"2024-11-16T10:54:54","date_gmt":"2024-11-16T09:54:54","guid":{"rendered":"https:\/\/blogs.diariosur.es\/tormentas-y-rayos\/?p=42578"},"modified":"2025-11-08T11:18:09","modified_gmt":"2025-11-08T10:18:09","slug":"la-gran-ria-de-malaga-de-1907-dejo-21-fallecidos-en-la-axarquia-malaguena-136-y-en-campanillas-5","status":"publish","type":"post","link":"https:\/\/blogs.diariosur.es\/tormentas-y-rayos\/2024\/11\/16\/la-gran-ria-de-malaga-de-1907-dejo-21-fallecidos-en-la-axarquia-malaguena-136-y-en-campanillas-5\/","title":{"rendered":"La gran ri\u00e1 de M\u00e1laga de 1907 dejo 21 fallecidos, en la Axarqu\u00eda malague\u00f1a 136 y en Campanillas 5."},"content":{"rendered":"<p><a href=\"https:\/\/static-blogs.diariosur.es\/wp-content\/uploads\/sites\/12\/2024\/05\/444912498_10228884468795449_97962860407814916_n.jpg\"><img loading=\"lazy\" class=\"aligncenter size-thumbnail wp-image-40751\" src=\"https:\/\/static-blogs.diariosur.es\/wp-content\/uploads\/sites\/12\/2024\/05\/444912498_10228884468795449_97962860407814916_n-150x150.jpg\" alt=\"\" width=\"150\" height=\"150\" \/><\/a><\/p>\n<p>&nbsp;<\/p>\n<p data-pm-slice=\"1 1 []\">Buenos d\u00edas, amigos de la meteo. Hasta hace unos d\u00edas, no ten\u00eda ni idea de que la riada que tuvimos en la capital malague\u00f1a el 24 de septiembre de 1907 tambi\u00e9n hab\u00eda afectado a la Axarqu\u00eda, dejando <strong>136<\/strong> fallecidos y muchos desaparecidos. Curiosamente tambi\u00e9n, este mismo d\u00eda, dej\u00f3 5 fallecidos en Campanillas. Como muchos sab\u00e9is, se debi\u00f3 a una tormenta est\u00e1tica producida por una DANA.<\/p>\n<p>Os voy a pasar un video de Jose Antonio Ponce Fern\u00e1ndez, que tiene alojado en su p\u00e1gina de YouTube; es un testimonio impresionante.<\/p>\n<p>El documental comienza hablando de los sucesos de M\u00e1laga capital, pero a partir del minuto siete es todo \u00edntegro a los pueblos de la Axarqu\u00eda. Estupendo trabajo, mis felicitaciones.<\/p>\n<p><iframe loading=\"lazy\" title=\"YouTube video player\" src=\"https:\/\/www.youtube.com\/embed\/SKDSEi43voE?si=h2bfZ1SKxO1gQwq0\" width=\"560\" height=\"315\" frameborder=\"0\" allowfullscreen=\"allowfullscreen\"><\/iframe><\/p>\n","protected":false},"excerpt":{"rendered":"<p>&nbsp; Buenos d\u00edas, amigos de la meteo. Hasta hace unos d\u00edas, no ten\u00eda ni idea de que la riada que tuvimos en la capital malague\u00f1a el 24 de septiembre de 1907 tambi\u00e9n hab\u00eda afectado a la Axarqu\u00eda, dejando 136 fallecidos y muchos desaparecidos. Curiosamente tambi\u00e9n, este mismo d\u00eda, dej\u00f3 5 fallecidos en Campanillas. Como muchos [&hellip;]<\/p>\n","protected":false},"author":16,"featured_media":38577,"comment_status":"open","ping_status":"open","sticky":false,"template":"","format":"standard","meta":[],"categories":[2],"tags":[155,1401,587,1650],"_links":{"self":[{"href":"https:\/\/blogs.diariosur.es\/tormentas-y-rayos\/wp-json\/wp\/v2\/posts\/42578"}],"collection":[{"href":"https:\/\/blogs.diariosur.es\/tormentas-y-rayos\/wp-json\/wp\/v2\/posts"}],"about":[{"href":"https:\/\/blogs.diariosur.es\/tormentas-y-rayos\/wp-json\/wp\/v2\/types\/post"}],"author":[{"embeddable":true,"href":"https:\/\/blogs.diariosur.es\/tormentas-y-rayos\/wp-json\/wp\/v2\/users\/16"}],"replies":[{"embeddable":true,"href":"https:\/\/blogs.diariosur.es\/tormentas-y-rayos\/wp-json\/wp\/v2\/comments?post=42578"}],"version-history":[{"count":2,"href":"https:\/\/blogs.diariosur.es\/tormentas-y-rayos\/wp-json\/wp\/v2\/posts\/42578\/revisions"}],"predecessor-version":[{"id":47289,"href":"https:\/\/blogs.diariosur.es\/tormentas-y-rayos\/wp-json\/wp\/v2\/posts\/42578\/revisions\/47289"}],"wp:featuredmedia":[{"embeddable":true,"href":"https:\/\/blogs.diariosur.es\/tormentas-y-rayos\/wp-json\/wp\/v2\/media\/38577"}],"wp:attachment":[{"href":"https:\/\/blogs.diariosur.es\/tormentas-y-rayos\/wp-json\/wp\/v2\/media?parent=42578"}],"wp:term":[{"taxonomy":"category","embeddable":true,"href":"https:\/\/blogs.diariosur.es\/tormentas-y-rayos\/wp-json\/wp\/v2\/categories?post=42578"},{"taxonomy":"post_tag","embeddable":true,"href":"https:\/\/blogs.diariosur.es\/tormentas-y-rayos\/wp-json\/wp\/v2\/tags?post=42578"}],"curies":[{"name":"wp","href":"https:\/\/api.w.org\/{rel}","templated":true}]}}