{"id":42581,"date":"2024-11-18T08:10:06","date_gmt":"2024-11-18T07:10:06","guid":{"rendered":"https:\/\/blogs.diariosur.es\/tormentas-y-rayos\/?p=42581"},"modified":"2025-11-08T11:16:16","modified_gmt":"2025-11-08T10:16:16","slug":"que-tiempo-toca-esta-semana-en-la-provincia-de-malaga","status":"publish","type":"post","link":"https:\/\/blogs.diariosur.es\/tormentas-y-rayos\/2024\/11\/18\/que-tiempo-toca-esta-semana-en-la-provincia-de-malaga\/","title":{"rendered":"\u00bfQu\u00e9 tiempo toca esta semana en la provincia de M\u00e1laga?"},"content":{"rendered":"<p><a href=\"https:\/\/static-blogs.diariosur.es\/wp-content\/uploads\/sites\/12\/2025\/10\/444912498_10228884468795449_97962860407814916_n.jpg\"><img loading=\"lazy\" class=\"aligncenter size-thumbnail wp-image-46969\" src=\"https:\/\/static-blogs.diariosur.es\/wp-content\/uploads\/sites\/12\/2025\/10\/444912498_10228884468795449_97962860407814916_n-150x150.jpg\" alt=\"\" width=\"150\" height=\"150\" \/><\/a><\/p>\n<p data-pm-slice=\"1 1 []\">Buenos d\u00edas, amigos de la meteo. La temperatura m\u00ednima hoy lunes en M\u00e1laga capital ha sido de 12,4 \u00b0C en el Aeropuerto; destacar Archidona San Jos\u00e9 con 5,5 \u00baC y Antequera con 8,5 \u00baC. La m\u00e1xima rondar\u00e1 hoy lunes los 23 \u00baC.<\/p>\n<p>Ayer domingo tuvimos algunas sorpresillas; se registraron algunas gotas en la provincia que ven\u00edan acompa\u00f1adas de dep\u00f3sitos de barro. La dana sigue dando sus \u00faltimos coletazos. La temperatura m\u00e1xima ayer se registr\u00f3 en la estaci\u00f3n de la Aemet del Puerto con 23,6 \u00baC; en toda la provincia las temperaturas estuvieron por encima de la media.<\/p>\n<p>Antes de daros la previsi\u00f3n para estos primeros d\u00edas de la semana, toca leer este art\u00edculo.<\/p>\n<h3>\u00bfPor qu\u00e9 desembalsa el Limonero y otros embalses?<\/h3>\n<p>Art\u00edculo de Chus Heredia, Diario Sur.<\/p>\n<p><em>La acumulaci\u00f3n de sedimentos es el principal enemigo de los embalses. Les resta capacidad y puede taponar sus \u00f3rganos de desag\u00fce. Un buen mantenimiento es clave en todas, pero m\u00e1s en las de laminaci\u00f3n de avenidas, en las presas dise\u00f1adas para proteger a las ciudades. Es el caso de El Limonero, inaugurada en 1983, que ha sido otra vez vital para frenar la crecida intensa del Guadalmedina. El mi\u00e9rcoles el r\u00edo lleg\u00f3 a desbordarse en Los Alcaide (Casabermeja). Este viernes tocaba maniobra especial para limpiar los desag\u00fces de fondo de tanto fango y arrastres.<\/em><\/p>\n<p><em>Son maniobras que se realizan peri\u00f3dicamente, de manera ordinaria o especial. Todo est\u00e1 recogido en la normativa vigente de Grandes Presas. Por ejemplo, Casasola, que protege de las avenidas del Campanillas desde Almog\u00eda, desembalsa el \u00faltimo jueves de cada mes. Otra presa defensiva, la de El Limonero, en el Guadalmedina, desagua el primer mi\u00e9rcoles de cada mes. \u00abEn La Vi\u00f1uela tambi\u00e9n se hacen peri\u00f3dicamente. Y en los embalses del Guadalhorce, tambi\u00e9n, pero no tiene efectos directos porque el agua va a La Encantada\u00bb, se\u00f1alaron a SUR fuentes de la Junta de Andaluc\u00eda.<\/em><\/p>\n<p>Creo que ha quedado claro: el Guadalmedina no desembalsa para limpiar su cauce, y otros bulos como muchos creen.<\/p>\n<p>Os paso el video que grab\u00e9 el viernes pasado. El viernes el embalse estaba al 30%, hoy al 29,36%.<\/p>\n<p>&nbsp;<\/p>\n<p>&nbsp;<\/p>\n<p>&nbsp;<\/p>\n<p><iframe loading=\"lazy\" title=\"YouTube video player\" src=\"https:\/\/www.youtube.com\/embed\/RDAcOVJnt40?si=rPdQJJqv5DwoG0Vy\" width=\"560\" height=\"315\" frameborder=\"0\" allowfullscreen=\"allowfullscreen\"><\/iframe><\/p>\n<p>&nbsp;<\/p>\n<h3><span style=\"color: #ff0000;\"><strong>\u00a0\u00bfQu\u00e9 tiempo toca esta semana en la provincia de M\u00e1laga?<\/strong><\/span><\/h3>\n<p>&nbsp;<\/p>\n<p data-pm-slice=\"1 1 []\">Ma\u00f1ana martes la borrasca fr\u00eda aislada (BFA), que afect\u00f3 a la provincia de M\u00e1laga el mi\u00e9rcoles pasado, sigue dando sus \u00faltimos coletazos. Estar\u00e1 centrada muy cerca de las Islas Canarias, donde hay avisos activos por fuertes lluvias hasta el mi\u00e9rcoles en las islas m\u00e1s occidentales.<\/p>\n<p>Os paso un mapa de anomal\u00edas a 500 hPa. Fuente: modelo europeo Meteologix.<\/p>\n<p>&nbsp;<\/p>\n<p>&nbsp;<\/p>\n<p><a href=\"https:\/\/static-blogs.diariosur.es\/wp-content\/uploads\/sites\/12\/2024\/11\/Captura-de-pantalla-2024-11-18-073902.jpg\"><img loading=\"lazy\" class=\"aligncenter size-full wp-image-42584\" src=\"https:\/\/static-blogs.diariosur.es\/wp-content\/uploads\/sites\/12\/2024\/11\/Captura-de-pantalla-2024-11-18-073902.jpg\" alt=\"\" width=\"957\" height=\"995\" srcset=\"https:\/\/static-blogs.diariosur.es\/wp-content\/uploads\/sites\/12\/2024\/11\/Captura-de-pantalla-2024-11-18-073902.jpg 957w, https:\/\/static-blogs.diariosur.es\/wp-content\/uploads\/sites\/12\/2024\/11\/Captura-de-pantalla-2024-11-18-073902-385x400.jpg 385w, https:\/\/static-blogs.diariosur.es\/wp-content\/uploads\/sites\/12\/2024\/11\/Captura-de-pantalla-2024-11-18-073902-768x798.jpg 768w\" sizes=\"(max-width: 957px) 100vw, 957px\" \/><\/a><\/p>\n<p data-pm-slice=\"1 1 []\">Desde esa posici\u00f3n hay probabilidad de algunos chubascos ma\u00f1ana martes en la zona m\u00e1s occidental de la provincia de M\u00e1laga, Estrecho, y sin descartarlos en otras zonas de la primera; pueden ir acompa\u00f1ados de tormentas.<\/p>\n<p><strong>A partir del mi\u00e9rcoles y hasta el viernes, tomar\u00e1 protagonismo el terral de oto\u00f1o y el poniente en la costa de M\u00e1laga. En algunos momentos se dar\u00e1n rachas de moderadas a fuertes.<\/strong><\/p>\n<p>Os paso las temperaturas m\u00e1ximas y m\u00ednimas que prev\u00e9 la AEMET estos tres d\u00edas.<\/p>\n<p>&nbsp;<\/p>\n<p><a href=\"https:\/\/static-blogs.diariosur.es\/wp-content\/uploads\/sites\/12\/2024\/11\/1.jpg\"><img loading=\"lazy\" class=\"aligncenter size-full wp-image-42585\" src=\"https:\/\/static-blogs.diariosur.es\/wp-content\/uploads\/sites\/12\/2024\/11\/1.jpg\" alt=\"\" width=\"870\" height=\"687\" srcset=\"https:\/\/static-blogs.diariosur.es\/wp-content\/uploads\/sites\/12\/2024\/11\/1.jpg 870w, https:\/\/static-blogs.diariosur.es\/wp-content\/uploads\/sites\/12\/2024\/11\/1-507x400.jpg 507w, https:\/\/static-blogs.diariosur.es\/wp-content\/uploads\/sites\/12\/2024\/11\/1-768x606.jpg 768w\" sizes=\"(max-width: 870px) 100vw, 870px\" \/><\/a><\/p>\n<p>&nbsp;<\/p>\n<p><a href=\"https:\/\/static-blogs.diariosur.es\/wp-content\/uploads\/sites\/12\/2024\/11\/2.jpg\"><img loading=\"lazy\" class=\"aligncenter size-full wp-image-42586\" src=\"https:\/\/static-blogs.diariosur.es\/wp-content\/uploads\/sites\/12\/2024\/11\/2.jpg\" alt=\"\" width=\"872\" height=\"697\" srcset=\"https:\/\/static-blogs.diariosur.es\/wp-content\/uploads\/sites\/12\/2024\/11\/2.jpg 872w, https:\/\/static-blogs.diariosur.es\/wp-content\/uploads\/sites\/12\/2024\/11\/2-500x400.jpg 500w, https:\/\/static-blogs.diariosur.es\/wp-content\/uploads\/sites\/12\/2024\/11\/2-768x614.jpg 768w\" sizes=\"(max-width: 872px) 100vw, 872px\" \/><\/a><\/p>\n<p>&nbsp;<\/p>\n<p><a href=\"https:\/\/static-blogs.diariosur.es\/wp-content\/uploads\/sites\/12\/2024\/11\/3.jpg\"><img loading=\"lazy\" class=\"aligncenter size-full wp-image-42587\" src=\"https:\/\/static-blogs.diariosur.es\/wp-content\/uploads\/sites\/12\/2024\/11\/3.jpg\" alt=\"\" width=\"858\" height=\"681\" srcset=\"https:\/\/static-blogs.diariosur.es\/wp-content\/uploads\/sites\/12\/2024\/11\/3.jpg 858w, https:\/\/static-blogs.diariosur.es\/wp-content\/uploads\/sites\/12\/2024\/11\/3-504x400.jpg 504w, https:\/\/static-blogs.diariosur.es\/wp-content\/uploads\/sites\/12\/2024\/11\/3-768x610.jpg 768w\" sizes=\"(max-width: 858px) 100vw, 858px\" \/><\/a><\/p>\n<p>&nbsp;<\/p>\n<p>Os dejo con el amanecer que tuvimos ayer domingo.<\/p>\n<p><iframe loading=\"lazy\" title=\"YouTube video player\" src=\"https:\/\/www.youtube.com\/embed\/Lnyy0q914H0?si=vX6AiGy_LGTMYiRa\" width=\"560\" height=\"315\" frameborder=\"0\" allowfullscreen=\"allowfullscreen\"><\/iframe><\/p>\n<p>&nbsp;<\/p>\n<p><a href=\"https:\/\/static-blogs.diariosur.es\/wp-content\/uploads\/sites\/12\/2024\/11\/DSC_5907-scaled-e1731913722758.jpg\"><img loading=\"lazy\" class=\"aligncenter size-full wp-image-42588\" src=\"https:\/\/static-blogs.diariosur.es\/wp-content\/uploads\/sites\/12\/2024\/11\/DSC_5907-scaled-e1731913722758.jpg\" alt=\"\" width=\"1000\" height=\"713\" \/><\/a><\/p>\n<p>&nbsp;<\/p>\n<p><a href=\"https:\/\/static-blogs.diariosur.es\/wp-content\/uploads\/sites\/12\/2024\/11\/DSC_5910-scaled-e1731913762889.jpg\"><img loading=\"lazy\" class=\"aligncenter size-full wp-image-42589\" src=\"https:\/\/static-blogs.diariosur.es\/wp-content\/uploads\/sites\/12\/2024\/11\/DSC_5910-scaled-e1731913762889.jpg\" alt=\"\" width=\"1000\" height=\"667\" \/><\/a><\/p>\n","protected":false},"excerpt":{"rendered":"<p>Buenos d\u00edas, amigos de la meteo. La temperatura m\u00ednima hoy lunes en M\u00e1laga capital ha sido de 12,4 \u00b0C en el Aeropuerto; destacar Archidona San Jos\u00e9 con 5,5 \u00baC y Antequera con 8,5 \u00baC. La m\u00e1xima rondar\u00e1 hoy lunes los 23 \u00baC. Ayer domingo tuvimos algunas sorpresillas; se registraron algunas gotas en la provincia que [&hellip;]<\/p>\n","protected":false},"author":16,"featured_media":42588,"comment_status":"open","ping_status":"open","sticky":false,"template":"","format":"standard","meta":[],"categories":[2],"tags":[307,358,587,744,809,975],"_links":{"self":[{"href":"https:\/\/blogs.diariosur.es\/tormentas-y-rayos\/wp-json\/wp\/v2\/posts\/42581"}],"collection":[{"href":"https:\/\/blogs.diariosur.es\/tormentas-y-rayos\/wp-json\/wp\/v2\/posts"}],"about":[{"href":"https:\/\/blogs.diariosur.es\/tormentas-y-rayos\/wp-json\/wp\/v2\/types\/post"}],"author":[{"embeddable":true,"href":"https:\/\/blogs.diariosur.es\/tormentas-y-rayos\/wp-json\/wp\/v2\/users\/16"}],"replies":[{"embeddable":true,"href":"https:\/\/blogs.diariosur.es\/tormentas-y-rayos\/wp-json\/wp\/v2\/comments?post=42581"}],"version-history":[{"count":7,"href":"https:\/\/blogs.diariosur.es\/tormentas-y-rayos\/wp-json\/wp\/v2\/posts\/42581\/revisions"}],"predecessor-version":[{"id":47288,"href":"https:\/\/blogs.diariosur.es\/tormentas-y-rayos\/wp-json\/wp\/v2\/posts\/42581\/revisions\/47288"}],"wp:featuredmedia":[{"embeddable":true,"href":"https:\/\/blogs.diariosur.es\/tormentas-y-rayos\/wp-json\/wp\/v2\/media\/42588"}],"wp:attachment":[{"href":"https:\/\/blogs.diariosur.es\/tormentas-y-rayos\/wp-json\/wp\/v2\/media?parent=42581"}],"wp:term":[{"taxonomy":"category","embeddable":true,"href":"https:\/\/blogs.diariosur.es\/tormentas-y-rayos\/wp-json\/wp\/v2\/categories?post=42581"},{"taxonomy":"post_tag","embeddable":true,"href":"https:\/\/blogs.diariosur.es\/tormentas-y-rayos\/wp-json\/wp\/v2\/tags?post=42581"}],"curies":[{"name":"wp","href":"https:\/\/api.w.org\/{rel}","templated":true}]}}