{"id":42597,"date":"2024-11-20T11:22:58","date_gmt":"2024-11-20T10:22:58","guid":{"rendered":"https:\/\/blogs.diariosur.es\/tormentas-y-rayos\/?p=42597"},"modified":"2025-11-08T11:11:20","modified_gmt":"2025-11-08T10:11:20","slug":"que-tiempo-traera-a-la-provincia-de-malaga-la-borrasca-caetano-video-de-sierra-nevada","status":"publish","type":"post","link":"https:\/\/blogs.diariosur.es\/tormentas-y-rayos\/2024\/11\/20\/que-tiempo-traera-a-la-provincia-de-malaga-la-borrasca-caetano-video-de-sierra-nevada\/","title":{"rendered":"\u00bfQu\u00e9 tiempo traer\u00e1 a la provincia de M\u00e1laga la borrasca Caetano? Video de Sierra Nevada"},"content":{"rendered":"<p><a href=\"https:\/\/static-blogs.diariosur.es\/wp-content\/uploads\/sites\/12\/2024\/02\/379337914_10227628075666406_6248628726251100327_n.jpg\"><img loading=\"lazy\" class=\"aligncenter size-thumbnail wp-image-39879\" src=\"https:\/\/static-blogs.diariosur.es\/wp-content\/uploads\/sites\/12\/2024\/02\/379337914_10227628075666406_6248628726251100327_n-150x150.jpg\" alt=\"\" width=\"150\" height=\"150\" \/><\/a><\/p>\n<p data-pm-slice=\"1 1 []\">Buenos d\u00edas, amigos de la meteo. La temperatura m\u00ednima hoy en M\u00e1laga capital la ha registrado el Aeropuerto con 14,3 \u00baC, en el Centro Meteorol\u00f3gico 16,2 \u00baC y en el Puerto 17,3 \u00baC. En el interior de la provincia, destacar Ronda con 9,8 \u00baC. La temperatura m\u00e1xima que se espera en la capital se acercar\u00e1 a los 22 \u00baC. El viento de poniente y terral de oto\u00f1o tomar\u00e1 protagonismo por la tarde.<\/p>\n<p>Un paso, un bonito v\u00eddeo de Sierra Nevada de mi amigo,\u00a0Antonio Jes\u00fas Jim\u00e9nez Jim\u00e9nez.<\/p>\n<p>&nbsp;<\/p>\n<p>&nbsp;<\/p>\n<p><iframe loading=\"lazy\" title=\"YouTube video player\" src=\"https:\/\/www.youtube.com\/embed\/KWb-jDHC6e0?si=3sAuXM4ZomHEgnFh\" width=\"560\" height=\"315\" frameborder=\"0\" allowfullscreen=\"allowfullscreen\"><\/iframe><\/p>\n<p>&nbsp;<\/p>\n<p data-pm-slice=\"1 1 []\">La Aemet ha nombrado a la tercera borrasca con gran impacto; su nombre es Caetano. En su comunicado dice:\u00a0&#8220;Provocar\u00e1 vientos muy fuertes, sobre todo en el norte y este de la Pen\u00ednsula a partir de hoy mi\u00e9rcoles, d\u00eda 20&#8221;. Tambi\u00e9n dar\u00e1 lugar a un intenso temporal mar\u00edtimo, con olas de m\u00e1s de 4 o 5 metros en el Cant\u00e1brico. En cuanto a lluvias, no se espera mucho.<\/p>\n<p>En la provincia de M\u00e1laga, destacar hasta el viernes las rachas de moderadas a fuertes de poniente y terral de oto\u00f1o; las m\u00e1s fuertes se esperan ma\u00f1ana jueves. Debido al viento, la sensaci\u00f3n t\u00e9rmica ser\u00e1 de m\u00e1s fr\u00edo, sobre todo a primeras horas de la ma\u00f1ana. Hay probabilidad de nieblas por el interior de la provincia.<\/p>\n<p>La AEMET prev\u00e9 estas m\u00ednimas y m\u00e1ximas para ma\u00f1ana jueves.<\/p>\n<p>&nbsp;<\/p>\n<p><a href=\"https:\/\/static-blogs.diariosur.es\/wp-content\/uploads\/sites\/12\/2024\/11\/2-1.jpg\"><img loading=\"lazy\" class=\"aligncenter size-full wp-image-42600\" src=\"https:\/\/static-blogs.diariosur.es\/wp-content\/uploads\/sites\/12\/2024\/11\/2-1.jpg\" alt=\"\" width=\"870\" height=\"690\" srcset=\"https:\/\/static-blogs.diariosur.es\/wp-content\/uploads\/sites\/12\/2024\/11\/2-1.jpg 870w, https:\/\/static-blogs.diariosur.es\/wp-content\/uploads\/sites\/12\/2024\/11\/2-1-504x400.jpg 504w, https:\/\/static-blogs.diariosur.es\/wp-content\/uploads\/sites\/12\/2024\/11\/2-1-768x609.jpg 768w\" sizes=\"(max-width: 870px) 100vw, 870px\" \/><\/a><\/p>\n<p>&nbsp;<\/p>\n<p><a href=\"https:\/\/static-blogs.diariosur.es\/wp-content\/uploads\/sites\/12\/2024\/11\/1-1.jpg\"><img loading=\"lazy\" class=\"aligncenter size-full wp-image-42599\" src=\"https:\/\/static-blogs.diariosur.es\/wp-content\/uploads\/sites\/12\/2024\/11\/1-1.jpg\" alt=\"\" width=\"862\" height=\"682\" srcset=\"https:\/\/static-blogs.diariosur.es\/wp-content\/uploads\/sites\/12\/2024\/11\/1-1.jpg 862w, https:\/\/static-blogs.diariosur.es\/wp-content\/uploads\/sites\/12\/2024\/11\/1-1-506x400.jpg 506w, https:\/\/static-blogs.diariosur.es\/wp-content\/uploads\/sites\/12\/2024\/11\/1-1-768x608.jpg 768w\" sizes=\"(max-width: 862px) 100vw, 862px\" \/><\/a><\/p>\n<p>&nbsp;<\/p>\n<p>&nbsp;<\/p>\n<p>Os dejo con las borrascas temporada 2024\/2025<\/p>\n<p>&nbsp;<\/p>\n<p>&nbsp;<\/p>\n<p><a href=\"https:\/\/static-blogs.diariosur.es\/wp-content\/uploads\/sites\/12\/2024\/11\/Captura-de-pantalla-2024-11-20-072332.jpg\"><img loading=\"lazy\" class=\"aligncenter size-full wp-image-42598\" src=\"https:\/\/static-blogs.diariosur.es\/wp-content\/uploads\/sites\/12\/2024\/11\/Captura-de-pantalla-2024-11-20-072332.jpg\" alt=\"\" width=\"1200\" height=\"880\" srcset=\"https:\/\/static-blogs.diariosur.es\/wp-content\/uploads\/sites\/12\/2024\/11\/Captura-de-pantalla-2024-11-20-072332.jpg 1200w, https:\/\/static-blogs.diariosur.es\/wp-content\/uploads\/sites\/12\/2024\/11\/Captura-de-pantalla-2024-11-20-072332-545x400.jpg 545w, https:\/\/static-blogs.diariosur.es\/wp-content\/uploads\/sites\/12\/2024\/11\/Captura-de-pantalla-2024-11-20-072332-768x563.jpg 768w\" sizes=\"(max-width: 1200px) 100vw, 1200px\" \/><\/a><\/p>\n","protected":false},"excerpt":{"rendered":"<p>Buenos d\u00edas, amigos de la meteo. La temperatura m\u00ednima hoy en M\u00e1laga capital la ha registrado el Aeropuerto con 14,3 \u00baC, en el Centro Meteorol\u00f3gico 16,2 \u00baC y en el Puerto 17,3 \u00baC. En el interior de la provincia, destacar Ronda con 9,8 \u00baC. La temperatura m\u00e1xima que se espera en la capital se acercar\u00e1 [&hellip;]<\/p>\n","protected":false},"author":16,"featured_media":42605,"comment_status":"open","ping_status":"open","sticky":false,"template":"","format":"standard","meta":[],"categories":[2],"tags":[188,1970,358,587,800,975],"_links":{"self":[{"href":"https:\/\/blogs.diariosur.es\/tormentas-y-rayos\/wp-json\/wp\/v2\/posts\/42597"}],"collection":[{"href":"https:\/\/blogs.diariosur.es\/tormentas-y-rayos\/wp-json\/wp\/v2\/posts"}],"about":[{"href":"https:\/\/blogs.diariosur.es\/tormentas-y-rayos\/wp-json\/wp\/v2\/types\/post"}],"author":[{"embeddable":true,"href":"https:\/\/blogs.diariosur.es\/tormentas-y-rayos\/wp-json\/wp\/v2\/users\/16"}],"replies":[{"embeddable":true,"href":"https:\/\/blogs.diariosur.es\/tormentas-y-rayos\/wp-json\/wp\/v2\/comments?post=42597"}],"version-history":[{"count":7,"href":"https:\/\/blogs.diariosur.es\/tormentas-y-rayos\/wp-json\/wp\/v2\/posts\/42597\/revisions"}],"predecessor-version":[{"id":47285,"href":"https:\/\/blogs.diariosur.es\/tormentas-y-rayos\/wp-json\/wp\/v2\/posts\/42597\/revisions\/47285"}],"wp:featuredmedia":[{"embeddable":true,"href":"https:\/\/blogs.diariosur.es\/tormentas-y-rayos\/wp-json\/wp\/v2\/media\/42605"}],"wp:attachment":[{"href":"https:\/\/blogs.diariosur.es\/tormentas-y-rayos\/wp-json\/wp\/v2\/media?parent=42597"}],"wp:term":[{"taxonomy":"category","embeddable":true,"href":"https:\/\/blogs.diariosur.es\/tormentas-y-rayos\/wp-json\/wp\/v2\/categories?post=42597"},{"taxonomy":"post_tag","embeddable":true,"href":"https:\/\/blogs.diariosur.es\/tormentas-y-rayos\/wp-json\/wp\/v2\/tags?post=42597"}],"curies":[{"name":"wp","href":"https:\/\/api.w.org\/{rel}","templated":true}]}}